{"id":123390,"date":"2026-03-05T15:02:44","date_gmt":"2026-03-05T21:02:44","guid":{"rendered":"https:\/\/elmetropolitano.com.gt\/es\/?p=123390"},"modified":"2026-03-05T15:02:46","modified_gmt":"2026-03-05T21:02:46","slug":"ee-uu-y-latinoamerica-acuerdan-combatir-a-los-narcoterroristas-en-una-reunion-en-miami","status":"publish","type":"post","link":"https:\/\/elmetropolitano.com.gt\/es\/ee-uu-y-latinoamerica-acuerdan-combatir-a-los-narcoterroristas-en-una-reunion-en-miami\/","title":{"rendered":"EE. UU. y Latinoam\u00e9rica acuerdan combatir a los \u00abnarcoterroristas\u00bb en una reuni\u00f3n en Miami"},"content":{"rendered":"\n<p>Estados Unidos y casi 20 pa\u00edses latinoamericanos y caribe\u00f1os firmaron este jueves un acuerdo para combatir a los grupos narcoterroristas en la conferencia inaugural de las \u2018Am\u00e9ricas contra los c\u00e1rteles\u2019, en Miami, donde destac\u00f3 la ausencia de representantes de M\u00e9xico, Colombia y Brasil.<\/p>\n\n\n\n<p>El secretario de Guerra estadounidense, Pete Hegseth, ley\u00f3 la declaraci\u00f3n conjunta que reafirma las relaciones entre Washington y sus vecinos, respetando la soberan\u00eda y reconociendo la importancia estrat\u00e9gica del hemisferio, donde buscan promover la paz a trav\u00e9s de la fuerza.<\/p><div class=\"elmet-contenido\" id=\"elmet-4154693305\"><div class=\"elmet-adlabel\">Anuncios<\/div><div style=\"margin-top: 20px;margin-right: 20px;margin-bottom: 20px;margin-left: 20px;\" id=\"elmet-1138301510\"><a href=\"https:\/\/www.facebook.com\/arrincuanantigua\/\" aria-label=\"cintillo-arrin-cual\"><img loading=\"lazy\" decoding=\"async\" src=\"https:\/\/elmetropolitano.com.gt\/es\/wp-content\/uploads\/2021\/11\/cintillo-arrin-cual-1.jpg\" alt=\"\"  srcset=\"https:\/\/elmetropolitano.com.gt\/es\/wp-content\/uploads\/2021\/11\/cintillo-arrin-cual-1.jpg 750w, https:\/\/elmetropolitano.com.gt\/es\/wp-content\/uploads\/2021\/11\/cintillo-arrin-cual-1-300x36.jpg 300w, https:\/\/elmetropolitano.com.gt\/es\/wp-content\/uploads\/2021\/11\/cintillo-arrin-cual-1-600x72.jpg 600w\" sizes=\"(max-width: 750px) 100vw, 750px\" width=\"750\" height=\"90\"   \/><\/a><\/div><\/div>\n\n\n\n<p>Y declara nuestra intenci\u00f3n de ampliar la cooperaci\u00f3n multilateral y bilateral para mejorar la seguridad en el hemisferio, cooperaron en esfuerzos gubernamentales de seguridad fronteriza, combatir el \u2018narcoterrorismo\u2019 y narcotr\u00e1fico, asegurando infraestructura cr\u00edtica y otras \u00e1reas por determinarse, agreg\u00f3.<\/p>\n\n\n\n<p>Compromiso regional<\/p>\n\n\n\n<p>El acuerdo compromete a las naciones a abordar futuras amenazas al inter\u00e9s mutuo y unirse para combatir juntos el \u2018narcoterrorismo\u2019 y otras amenazas compartidas en el hemisferio occidental, seg\u00fan el secretario.<\/p>\n\n\n\n<p>Hegseth lider\u00f3 la conferencia en la sede del Comando Sur de Estados Unidos (Southcom) en Doral, en el sur de Florida, donde congreg\u00f3 a representantes de casi 20 pa\u00edses de Latinoam\u00e9rica y el Caribe, como Argentina, Bolivia, Chile, Costa Rica, Ecuador, El Salvador, Guatemala, Panam\u00e1, Paraguay, Per\u00fa, Honduras y Rep\u00fablica Dominicana.<\/p>\n\n\n\n<p>La conferencia, que reuni\u00f3 a gobiernos con ideas afines y excluy\u00f3 a naciones como M\u00e9xico, Colombia, Brasil y Nicaragua, ocurre como pre\u00e1mbulo de la cumbre \u2018Escudo de las Am\u00e9ricas\u2019 que el presidente Donald Trump albergar\u00e1 el s\u00e1bado en Miami con mandatarios de la derecha latinoamericana.<\/p>\n\n\n\n<p>El jefe del Pent\u00e1gono avis\u00f3 que Washington est\u00e1 listo para lanzar en solitario una ofensiva militar contra los c\u00e1rteles, por lo que urgi\u00f3 a los latinoamericanos a combatir a los narcoterroristas.<\/p>\n\n\n\n<p>Mientras que Stephen Miller, asesor de seguridad nacional de Trump, pidi\u00f3 luchar contra los narcotraficantes como si fuesen grupos terroristas como ISIS (Estado Isl\u00e1mico) o Al-Qaeda, adem\u00e1s de aseverar que la inmigraci\u00f3n ilegal es una forma de terrorismo.<\/p>\n\n\n\n<p>La reuni\u00f3n ocurre d\u00edas despu\u00e9s de la primera operaci\u00f3n militar conjunta de Estados Unidos y Ecuador contra organizaciones narcoterroristas en el pa\u00eds suramericano, tras una visita de Francis Donovan, comandante del Southcom.<\/p>\n\n\n\n<p>Adem\u00e1s, la Administraci\u00f3n de Trump ha bombardeado 44 embarcaciones presuntamente ligadas al narcotr\u00e1fico en el Pac\u00edfico y el Caribe desde septiembre pasado, lo que ha dejado al menos 150 muertos, bajo la operaci\u00f3n \u2018Lanza del Sur\u2019.<\/p>\n\n\n\n<p>#SeguridadNacional #narcoterrorismo #metroredes <a href=\"http:\/\/www.elmetropolitano.com.gt\">www.elmetropolitano.com.gt<\/a> <a href=\"http:\/\/www.metroredes.com\">www.metroredes.com<\/a> <a href=\"http:\/\/www.elescuintleco.com\">www.elescuintleco.com<\/a><\/p>\n","protected":false},"excerpt":{"rendered":"<p>Estados Unidos y casi 20 pa\u00edses latinoamericanos y caribe\u00f1os firmaron este jueves un acuerdo para combatir a los grupos narcoterroristas en la conferencia inaugural de las \u2018Am\u00e9ricas contra los c\u00e1rteles\u2019, en Miami, donde destac\u00f3 la ausencia de representantes de M\u00e9xico, Colombia y Brasil. El secretario de Guerra estadounidense, Pete Hegseth, ley\u00f3 la declaraci\u00f3n conjunta que <a class=\"read-more\" href=\"https:\/\/elmetropolitano.com.gt\/es\/ee-uu-y-latinoamerica-acuerdan-combatir-a-los-narcoterroristas-en-una-reunion-en-miami\/\">Leer m\u00e1s<\/a><\/p>\n","protected":false},"author":1,"featured_media":123391,"comment_status":"open","ping_status":"closed","sticky":false,"template":"","format":"standard","meta":{"footnotes":""},"categories":[2],"tags":[12],"class_list":["post-123390","post","type-post","status-publish","format-standard","has-post-thumbnail","hentry","category-nacionales","tag-nacionales"],"_links":{"self":[{"href":"https:\/\/elmetropolitano.com.gt\/es\/wp-json\/wp\/v2\/posts\/123390","targetHints":{"allow":["GET"]}}],"collection":[{"href":"https:\/\/elmetropolitano.com.gt\/es\/wp-json\/wp\/v2\/posts"}],"about":[{"href":"https:\/\/elmetropolitano.com.gt\/es\/wp-json\/wp\/v2\/types\/post"}],"author":[{"embeddable":true,"href":"https:\/\/elmetropolitano.com.gt\/es\/wp-json\/wp\/v2\/users\/1"}],"replies":[{"embeddable":true,"href":"https:\/\/elmetropolitano.com.gt\/es\/wp-json\/wp\/v2\/comments?post=123390"}],"version-history":[{"count":1,"href":"https:\/\/elmetropolitano.com.gt\/es\/wp-json\/wp\/v2\/posts\/123390\/revisions"}],"predecessor-version":[{"id":123392,"href":"https:\/\/elmetropolitano.com.gt\/es\/wp-json\/wp\/v2\/posts\/123390\/revisions\/123392"}],"wp:featuredmedia":[{"embeddable":true,"href":"https:\/\/elmetropolitano.com.gt\/es\/wp-json\/wp\/v2\/media\/123391"}],"wp:attachment":[{"href":"https:\/\/elmetropolitano.com.gt\/es\/wp-json\/wp\/v2\/media?parent=123390"}],"wp:term":[{"taxonomy":"category","embeddable":true,"href":"https:\/\/elmetropolitano.com.gt\/es\/wp-json\/wp\/v2\/categories?post=123390"},{"taxonomy":"post_tag","embeddable":true,"href":"https:\/\/elmetropolitano.com.gt\/es\/wp-json\/wp\/v2\/tags?post=123390"}],"curies":[{"name":"wp","href":"https:\/\/api.w.org\/{rel}","templated":true}]}}