{"id":123398,"date":"2026-03-06T09:01:06","date_gmt":"2026-03-06T15:01:06","guid":{"rendered":"https:\/\/elmetropolitano.com.gt\/es\/?p=123398"},"modified":"2026-03-06T09:01:08","modified_gmt":"2026-03-06T15:01:08","slug":"roberto-molina-barreto-reelecto-por-el-congreso","status":"publish","type":"post","link":"https:\/\/elmetropolitano.com.gt\/es\/roberto-molina-barreto-reelecto-por-el-congreso\/","title":{"rendered":"Roberto Molina Barreto reelecto por el Congreso"},"content":{"rendered":"\n<p><a href=\"https:\/\/www.facebook.com\/hashtag\/congresogt?__eep__=6&amp;__cft__[0]=AZb1MQh2HmIEgkDcaVqEHiaMr09xwicht9l1jJGf-ufLj1DcpdmWMyyutJTO0ob83pNNDcrE-3_6oz_DwUoE5CQZRbnCiTAY07qmffH6himl0zB2ef6hxL3cXcxD3nwK8FidjrqLkkyxRyro1tv45abRlAqeuaU3o0BwgnI62DScm4YmC2qRZqeERWSsc4xJSXs&amp;__tn__=*NK-R\">#CongresoGT<\/a><\/p>\n\n\n\n<p>Ellos son los Magistrados para la Corte de Constitucionalidad reelectos por el Congreso de la Rep\u00fablica est\u00e1 madrugada despu\u00e9s de una marat\u00f3nica sesi\u00f3n<\/p><div class=\"elmet-contenido\" id=\"elmet-1986319169\"><div class=\"elmet-adlabel\">Anuncios<\/div><div style=\"margin-top: 20px;margin-right: 20px;margin-bottom: 20px;margin-left: 20px;\" id=\"elmet-4141065797\"><a href=\"https:\/\/www.facebook.com\/arrincuanantigua\/\" aria-label=\"cintillo-arrin-cual\"><img loading=\"lazy\" decoding=\"async\" src=\"https:\/\/elmetropolitano.com.gt\/es\/wp-content\/uploads\/2021\/11\/cintillo-arrin-cual-1.jpg\" alt=\"\"  srcset=\"https:\/\/elmetropolitano.com.gt\/es\/wp-content\/uploads\/2021\/11\/cintillo-arrin-cual-1.jpg 750w, https:\/\/elmetropolitano.com.gt\/es\/wp-content\/uploads\/2021\/11\/cintillo-arrin-cual-1-300x36.jpg 300w, https:\/\/elmetropolitano.com.gt\/es\/wp-content\/uploads\/2021\/11\/cintillo-arrin-cual-1-600x72.jpg 600w\" sizes=\"(max-width: 750px) 100vw, 750px\" width=\"750\" height=\"90\"   \/><\/a><\/div><\/div>\n\n\n\n<p>Magistrado Titular, Roberto Molina Barreto con 100 votos y, Magistrado Suplente Luis Alfonso Rosales con 117 votos.<\/p>\n\n\n\n<figure class=\"wp-block-gallery has-nested-images columns-default is-cropped wp-block-gallery-1 is-layout-flex wp-block-gallery-is-layout-flex\">\n<figure class=\"wp-block-image size-large\"><img loading=\"lazy\" decoding=\"async\" width=\"960\" height=\"552\" data-id=\"123400\" src=\"https:\/\/elmetropolitano.com.gt\/es\/wp-content\/uploads\/2026\/03\/645751837_1480613607398051_5991747216341196296_n-1.jpg\" alt=\"\" class=\"wp-image-123400\" srcset=\"https:\/\/elmetropolitano.com.gt\/es\/wp-content\/uploads\/2026\/03\/645751837_1480613607398051_5991747216341196296_n-1.jpg 960w, https:\/\/elmetropolitano.com.gt\/es\/wp-content\/uploads\/2026\/03\/645751837_1480613607398051_5991747216341196296_n-1-300x173.jpg 300w, https:\/\/elmetropolitano.com.gt\/es\/wp-content\/uploads\/2026\/03\/645751837_1480613607398051_5991747216341196296_n-1-768x442.jpg 768w\" sizes=\"auto, (max-width: 960px) 100vw, 960px\" \/><\/figure>\n\n\n\n<figure class=\"wp-block-image size-large\"><img loading=\"lazy\" decoding=\"async\" width=\"960\" height=\"548\" data-id=\"123401\" src=\"https:\/\/elmetropolitano.com.gt\/es\/wp-content\/uploads\/2026\/03\/647314109_1480613614064717_7973411127796218599_n.jpg\" alt=\"\" class=\"wp-image-123401\" srcset=\"https:\/\/elmetropolitano.com.gt\/es\/wp-content\/uploads\/2026\/03\/647314109_1480613614064717_7973411127796218599_n.jpg 960w, https:\/\/elmetropolitano.com.gt\/es\/wp-content\/uploads\/2026\/03\/647314109_1480613614064717_7973411127796218599_n-300x171.jpg 300w, https:\/\/elmetropolitano.com.gt\/es\/wp-content\/uploads\/2026\/03\/647314109_1480613614064717_7973411127796218599_n-768x438.jpg 768w\" sizes=\"auto, (max-width: 960px) 100vw, 960px\" \/><\/figure>\n<\/figure>\n","protected":false},"excerpt":{"rendered":"<p>#CongresoGT Ellos son los Magistrados para la Corte de Constitucionalidad reelectos por el Congreso de la Rep\u00fablica est\u00e1 madrugada despu\u00e9s de una marat\u00f3nica sesi\u00f3n Magistrado Titular, Roberto Molina Barreto con 100 votos y, Magistrado Suplente Luis Alfonso Rosales con 117 votos.<\/p>\n","protected":false},"author":1,"featured_media":123399,"comment_status":"open","ping_status":"closed","sticky":false,"template":"","format":"standard","meta":{"footnotes":""},"categories":[1],"tags":[],"class_list":["post-123398","post","type-post","status-publish","format-standard","has-post-thumbnail","hentry","category-uncategorized"],"_links":{"self":[{"href":"https:\/\/elmetropolitano.com.gt\/es\/wp-json\/wp\/v2\/posts\/123398","targetHints":{"allow":["GET"]}}],"collection":[{"href":"https:\/\/elmetropolitano.com.gt\/es\/wp-json\/wp\/v2\/posts"}],"about":[{"href":"https:\/\/elmetropolitano.com.gt\/es\/wp-json\/wp\/v2\/types\/post"}],"author":[{"embeddable":true,"href":"https:\/\/elmetropolitano.com.gt\/es\/wp-json\/wp\/v2\/users\/1"}],"replies":[{"embeddable":true,"href":"https:\/\/elmetropolitano.com.gt\/es\/wp-json\/wp\/v2\/comments?post=123398"}],"version-history":[{"count":1,"href":"https:\/\/elmetropolitano.com.gt\/es\/wp-json\/wp\/v2\/posts\/123398\/revisions"}],"predecessor-version":[{"id":123402,"href":"https:\/\/elmetropolitano.com.gt\/es\/wp-json\/wp\/v2\/posts\/123398\/revisions\/123402"}],"wp:featuredmedia":[{"embeddable":true,"href":"https:\/\/elmetropolitano.com.gt\/es\/wp-json\/wp\/v2\/media\/123399"}],"wp:attachment":[{"href":"https:\/\/elmetropolitano.com.gt\/es\/wp-json\/wp\/v2\/media?parent=123398"}],"wp:term":[{"taxonomy":"category","embeddable":true,"href":"https:\/\/elmetropolitano.com.gt\/es\/wp-json\/wp\/v2\/categories?post=123398"},{"taxonomy":"post_tag","embeddable":true,"href":"https:\/\/elmetropolitano.com.gt\/es\/wp-json\/wp\/v2\/tags?post=123398"}],"curies":[{"name":"wp","href":"https:\/\/api.w.org\/{rel}","templated":true}]}}