{"id":123405,"date":"2026-03-06T10:33:22","date_gmt":"2026-03-06T16:33:22","guid":{"rendered":"https:\/\/elmetropolitano.com.gt\/es\/?p=123405"},"modified":"2026-03-06T11:09:08","modified_gmt":"2026-03-06T17:09:08","slug":"capturan-en-escuintla-a-alias-pilon-requerido-en-extradicion-por-narcotrafico-hacia-estados-unidos","status":"publish","type":"post","link":"https:\/\/elmetropolitano.com.gt\/es\/capturan-en-escuintla-a-alias-pilon-requerido-en-extradicion-por-narcotrafico-hacia-estados-unidos\/","title":{"rendered":"Capturan en Escuintla a alias \u201cPil\u00f3n\u201d, requerido en extradici\u00f3n por narcotr\u00e1fico hacia Estados Unidos"},"content":{"rendered":"\n<p>El Ministerio de Gobernaci\u00f3n (Mingob) inform\u00f3, por medio de su red social X, que agentes de la Polic\u00eda Nacional Civil (PNC) capturaron a Wilber Antonio, alias Pil\u00f3n, quien cuenta con una orden de aprehensi\u00f3n con fines de extradici\u00f3n hacia Estados Unidos por delitos vinculados al narcotr\u00e1fico.<\/p>\n\n\n\n<p>La detenci\u00f3n se registr\u00f3 en el kil\u00f3metro 99 de la autopista a Puerto Quetzal, en Escuintla, donde investigadores interceptaron al sospechoso cuando se movilizaba en un veh\u00edculo particular.<\/p><div class=\"elmet-contenido\" id=\"elmet-1544189148\"><div class=\"elmet-adlabel\">Anuncios<\/div><div style=\"margin-top: 20px;margin-right: 20px;margin-bottom: 20px;margin-left: 20px;\" id=\"elmet-2734500377\"><a href=\"https:\/\/www.facebook.com\/arrincuanantigua\/\" aria-label=\"cintillo-arrin-cual\"><img loading=\"lazy\" decoding=\"async\" src=\"https:\/\/elmetropolitano.com.gt\/es\/wp-content\/uploads\/2021\/11\/cintillo-arrin-cual-1.jpg\" alt=\"\"  srcset=\"https:\/\/elmetropolitano.com.gt\/es\/wp-content\/uploads\/2021\/11\/cintillo-arrin-cual-1.jpg 750w, https:\/\/elmetropolitano.com.gt\/es\/wp-content\/uploads\/2021\/11\/cintillo-arrin-cual-1-300x36.jpg 300w, https:\/\/elmetropolitano.com.gt\/es\/wp-content\/uploads\/2021\/11\/cintillo-arrin-cual-1-600x72.jpg 600w\" sizes=\"(max-width: 750px) 100vw, 750px\" width=\"750\" height=\"90\"   \/><\/a><\/div><\/div>\n\n\n\n<p>Durante el procedimiento las autoridades tambi\u00e9n incautaron el autom\u00f3vil y un tel\u00e9fono m\u00f3vil que ser\u00e1 objeto de an\u00e1lisis como parte de las investigaciones.<\/p>\n\n\n\n<p>Operativo de inteligencia permiti\u00f3 la captura<\/p>\n\n\n\n<p>De acuerdo con la informaci\u00f3n oficial, la aprehensi\u00f3n se logr\u00f3 como resultado de un operativo de inteligencia que se desarroll\u00f3 entre el jueves y este viernes en los departamentos de Escuintla y Santa Rosa.<\/p>\n\n\n\n<p>Durante estas diligencias investigadores de la PNC lograron ubicar el veh\u00edculo en el que se movilizaba el sospechoso, lo que permiti\u00f3 ejecutar la captura en el punto mencionado.<\/p>\n\n\n\n<p>Las autoridades indicaron que al detenido se les consignar\u00e1 a las instancias judiciales correspondientes para iniciar el proceso legal relacionado con su extradici\u00f3n.<\/p>\n\n\n\n<p>Alias Pil\u00f3n se le vincula con una organizaci\u00f3n criminal transnacional que se dedica al narcotr\u00e1fico que opera en la regi\u00f3n.<\/p>\n\n\n\n<p>Adem\u00e1s, las investigaciones se\u00f1alan que es hermano de Xiomara, conocida con el alias de Reyna del Sur, quien tambi\u00e9n se le relaciona con actividades il\u00edcitas en estructuras dedicadas al tr\u00e1fico de drogas.<\/p>\n\n\n\n<p>Las autoridades no brindaron mayores detalles sobre la estructura criminal; sin embargo, indicaron que las investigaciones contin\u00faan para determinar el alcance de sus operaciones.<\/p>\n\n\n\n<p>Extraditables capturados en 2026<\/p>\n\n\n\n<p>Con esta detenci\u00f3n, alias Pil\u00f3n se convierte en el extraditable n\u00famero 16 capturado en lo que va del 2026 en Guatemala.<\/p>\n\n\n\n<p>De acuerdo con los registros oficiales, 15 de estos han sido solicitados por Estados Unidos, mientras que 10 de los casos est\u00e1n vinculados directamente con delitos relacionados con el narcotr\u00e1fico.<\/p>\n\n\n\n<p>Asimismo, esta captura representa la primera detenci\u00f3n de un extraditable registrada durante el mes de marzo.<\/p>\n\n\n\n<p>Texto Lincy Rodr\u00edguez<\/p>\n\n\n\n<p>#Captura #ElPil\u00f3n #metroredes <a href=\"http:\/\/www.elmetropolitano.com.gt\">www.elmetropolitano.com.gt<\/a> <a href=\"http:\/\/www.metroredes.com\">www.metroredes.com<\/a> <a href=\"http:\/\/www.elescuintleco.com\">www.elescuintleco.com<\/a><\/p>\n\n\n\n<figure class=\"wp-block-gallery has-nested-images columns-default is-cropped wp-block-gallery-1 is-layout-flex wp-block-gallery-is-layout-flex\">\n<figure class=\"wp-block-image size-large\"><img loading=\"lazy\" decoding=\"async\" width=\"1024\" height=\"713\" data-id=\"123410\" src=\"https:\/\/elmetropolitano.com.gt\/es\/wp-content\/uploads\/2026\/03\/1-4-1024x713.jpg\" alt=\"\" class=\"wp-image-123410\" srcset=\"https:\/\/elmetropolitano.com.gt\/es\/wp-content\/uploads\/2026\/03\/1-4-1024x713.jpg 1024w, https:\/\/elmetropolitano.com.gt\/es\/wp-content\/uploads\/2026\/03\/1-4-300x209.jpg 300w, https:\/\/elmetropolitano.com.gt\/es\/wp-content\/uploads\/2026\/03\/1-4-768x535.jpg 768w, https:\/\/elmetropolitano.com.gt\/es\/wp-content\/uploads\/2026\/03\/1-4.jpg 1240w\" sizes=\"auto, (max-width: 1024px) 100vw, 1024px\" \/><\/figure>\n<\/figure>\n","protected":false},"excerpt":{"rendered":"<p>El Ministerio de Gobernaci\u00f3n (Mingob) inform\u00f3, por medio de su red social X, que agentes de la Polic\u00eda Nacional Civil (PNC) capturaron a Wilber Antonio, alias Pil\u00f3n, quien cuenta con una orden de aprehensi\u00f3n con fines de extradici\u00f3n hacia Estados Unidos por delitos vinculados al narcotr\u00e1fico. La detenci\u00f3n se registr\u00f3 en el kil\u00f3metro 99 de <a class=\"read-more\" href=\"https:\/\/elmetropolitano.com.gt\/es\/capturan-en-escuintla-a-alias-pilon-requerido-en-extradicion-por-narcotrafico-hacia-estados-unidos\/\">Leer m\u00e1s<\/a><\/p>\n","protected":false},"author":1,"featured_media":123409,"comment_status":"open","ping_status":"closed","sticky":false,"template":"","format":"standard","meta":{"footnotes":""},"categories":[4],"tags":[13],"class_list":["post-123405","post","type-post","status-publish","format-standard","has-post-thumbnail","hentry","category-departamentales","tag-departamentales"],"_links":{"self":[{"href":"https:\/\/elmetropolitano.com.gt\/es\/wp-json\/wp\/v2\/posts\/123405","targetHints":{"allow":["GET"]}}],"collection":[{"href":"https:\/\/elmetropolitano.com.gt\/es\/wp-json\/wp\/v2\/posts"}],"about":[{"href":"https:\/\/elmetropolitano.com.gt\/es\/wp-json\/wp\/v2\/types\/post"}],"author":[{"embeddable":true,"href":"https:\/\/elmetropolitano.com.gt\/es\/wp-json\/wp\/v2\/users\/1"}],"replies":[{"embeddable":true,"href":"https:\/\/elmetropolitano.com.gt\/es\/wp-json\/wp\/v2\/comments?post=123405"}],"version-history":[{"count":2,"href":"https:\/\/elmetropolitano.com.gt\/es\/wp-json\/wp\/v2\/posts\/123405\/revisions"}],"predecessor-version":[{"id":123411,"href":"https:\/\/elmetropolitano.com.gt\/es\/wp-json\/wp\/v2\/posts\/123405\/revisions\/123411"}],"wp:featuredmedia":[{"embeddable":true,"href":"https:\/\/elmetropolitano.com.gt\/es\/wp-json\/wp\/v2\/media\/123409"}],"wp:attachment":[{"href":"https:\/\/elmetropolitano.com.gt\/es\/wp-json\/wp\/v2\/media?parent=123405"}],"wp:term":[{"taxonomy":"category","embeddable":true,"href":"https:\/\/elmetropolitano.com.gt\/es\/wp-json\/wp\/v2\/categories?post=123405"},{"taxonomy":"post_tag","embeddable":true,"href":"https:\/\/elmetropolitano.com.gt\/es\/wp-json\/wp\/v2\/tags?post=123405"}],"curies":[{"name":"wp","href":"https:\/\/api.w.org\/{rel}","templated":true}]}}