{"id":123428,"date":"2026-03-07T10:03:52","date_gmt":"2026-03-07T16:03:52","guid":{"rendered":"https:\/\/elmetropolitano.com.gt\/es\/?p=123428"},"modified":"2026-03-07T10:03:53","modified_gmt":"2026-03-07T16:03:53","slug":"esta-por-finalizar-el-mejoramiento-de-27-kilometros-en-solola","status":"publish","type":"post","link":"https:\/\/elmetropolitano.com.gt\/es\/esta-por-finalizar-el-mejoramiento-de-27-kilometros-en-solola\/","title":{"rendered":"Est\u00e1 por finalizar el mejoramiento de 27 kil\u00f3metros en Solol\u00e1"},"content":{"rendered":"\n<p>La Direcci\u00f3n General de Caminos se encuentra a pasos de finalizar el proyecto de Mejoramiento de la Carretera Tramo del Km 171 CA-1 Occidente \u2013 Aldea Xejuyub, Nahual\u00e1, Solol\u00e1, Subtramo: Aldea Chiquisis \u2013 Aldea Xejuyub, con una longitud de 27.5 kil\u00f3metros. Este es un paso crucial para avanzar en la mejora de la infraestructura vial en el pa\u00eds.<\/p>\n\n\n\n<p>Actualmente se ejecuta la se\u00f1alizaci\u00f3n horizontal y vertical, la etapa final de este importante proyecto, lo que permitir\u00e1 habilitar completamente esta v\u00eda que conecta a m\u00e1s de 144,400 habitantes de la regi\u00f3n.<\/p><div class=\"elmet-contenido\" id=\"elmet-3725705074\"><div class=\"elmet-adlabel\">Anuncios<\/div><div style=\"margin-top: 20px;margin-right: 20px;margin-bottom: 20px;margin-left: 20px;\" id=\"elmet-3513836189\"><a href=\"https:\/\/www.facebook.com\/arrincuanantigua\/\" aria-label=\"cintillo-arrin-cual\"><img loading=\"lazy\" decoding=\"async\" src=\"https:\/\/elmetropolitano.com.gt\/es\/wp-content\/uploads\/2021\/11\/cintillo-arrin-cual-1.jpg\" alt=\"\"  srcset=\"https:\/\/elmetropolitano.com.gt\/es\/wp-content\/uploads\/2021\/11\/cintillo-arrin-cual-1.jpg 750w, https:\/\/elmetropolitano.com.gt\/es\/wp-content\/uploads\/2021\/11\/cintillo-arrin-cual-1-300x36.jpg 300w, https:\/\/elmetropolitano.com.gt\/es\/wp-content\/uploads\/2021\/11\/cintillo-arrin-cual-1-600x72.jpg 600w\" sizes=\"(max-width: 750px) 100vw, 750px\" width=\"750\" height=\"90\"   \/><\/a><\/div><\/div>\n\n\n\n<p>\u2022Trabajos realizados:<\/p>\n\n\n\n<p>Retiro de estructuras existentes y sustituci\u00f3n de alcantarillas transversales<\/p>\n\n\n\n<p>\u2022Instalaci\u00f3n de drenaje menor con tuber\u00edas de 36\u201d, 48\u201d y 60\u201d<\/p>\n\n\n\n<p>\u2022Construcci\u00f3n de b\u00f3vedas en arco para drenaje mayor<\/p>\n\n\n\n<p>\u2022Reacondicionamiento de subrasante<\/p>\n\n\n\n<p>\u2022 Colocaci\u00f3n de base granular, riego de imprimaci\u00f3n y riego de liga<\/p>\n\n\n\n<p>\u2022Aplicaci\u00f3n de concreto asf\u00e1ltico<\/p>\n\n\n\n<p>\u2022Se\u00f1alizaci\u00f3n horizontal y vertical<\/p>\n\n\n\n<p>\u2022Instalaci\u00f3n de dispositivos para control de tr\u00e1fico<\/p>\n\n\n\n<p>Este proyecto fortalece la conectividad entre las comunidades de Nahual\u00e1 y otras zonas del departamento de Solol\u00e1; adem\u00e1s, mejora la seguridad vial y dinamiza el desarrollo econ\u00f3mico y social de las poblaciones beneficiadas.<\/p>\n\n\n\n<p>Con esta mejora, las condiciones de transporte y movilidad ser\u00e1n m\u00e1s eficientes, facilitando el acceso a servicios, mercados y oportunidades de desarrollo para los habitantes de la regi\u00f3n.<\/p>\n\n\n\n<p><a href=\"https:\/\/www.facebook.com\/hashtag\/civ?__eep__=6&amp;__cft__[0]=AZaeEhDjB3bpv6ypeeRJJjUud8Vo-2rBAIbbORgB4CPrw9KIrxHcQwLu0h5SQybvDbjpz_YCe0nmamhWKji48jvrdLgClTj_GdkNxe1pvRf_eV4cepANGa3BjrBjt5YhHo2E7qcKRFQgu2c8YVtCU21BWCxxd0Q6AQOZQl1Z2bEaKH8Pjz7Cs3kQCWaopznc3HA&amp;__tn__=*NK-R\">#CIV<\/a><a href=\"https:\/\/www.facebook.com\/hashtag\/direcciongeneraldecaminos?__eep__=6&amp;__cft__[0]=AZaeEhDjB3bpv6ypeeRJJjUud8Vo-2rBAIbbORgB4CPrw9KIrxHcQwLu0h5SQybvDbjpz_YCe0nmamhWKji48jvrdLgClTj_GdkNxe1pvRf_eV4cepANGa3BjrBjt5YhHo2E7qcKRFQgu2c8YVtCU21BWCxxd0Q6AQOZQl1Z2bEaKH8Pjz7Cs3kQCWaopznc3HA&amp;__tn__=*NK-R\">#DireccionGeneralDeCaminos<\/a><a href=\"https:\/\/www.facebook.com\/hashtag\/solola?__eep__=6&amp;__cft__[0]=AZaeEhDjB3bpv6ypeeRJJjUud8Vo-2rBAIbbORgB4CPrw9KIrxHcQwLu0h5SQybvDbjpz_YCe0nmamhWKji48jvrdLgClTj_GdkNxe1pvRf_eV4cepANGa3BjrBjt5YhHo2E7qcKRFQgu2c8YVtCU21BWCxxd0Q6AQOZQl1Z2bEaKH8Pjz7Cs3kQCWaopznc3HA&amp;__tn__=*NK-R\">#Solola<\/a><a href=\"https:\/\/www.facebook.com\/hashtag\/metroredes?__eep__=6&amp;__cft__[0]=AZaeEhDjB3bpv6ypeeRJJjUud8Vo-2rBAIbbORgB4CPrw9KIrxHcQwLu0h5SQybvDbjpz_YCe0nmamhWKji48jvrdLgClTj_GdkNxe1pvRf_eV4cepANGa3BjrBjt5YhHo2E7qcKRFQgu2c8YVtCU21BWCxxd0Q6AQOZQl1Z2bEaKH8Pjz7Cs3kQCWaopznc3HA&amp;__tn__=*NK-R\">#metroredes<\/a><\/p>\n\n\n\n<figure class=\"wp-block-gallery has-nested-images columns-default is-cropped wp-block-gallery-1 is-layout-flex wp-block-gallery-is-layout-flex\">\n<figure class=\"wp-block-image size-large\"><img loading=\"lazy\" decoding=\"async\" width=\"136\" height=\"190\" data-id=\"123430\" src=\"https:\/\/elmetropolitano.com.gt\/es\/wp-content\/uploads\/2026\/03\/647137502_1480921844033894_8395912393975309533_n.jpg\" alt=\"\" class=\"wp-image-123430\"\/><\/figure>\n\n\n\n<figure class=\"wp-block-image size-large\"><img loading=\"lazy\" decoding=\"async\" width=\"136\" height=\"190\" data-id=\"123433\" src=\"https:\/\/elmetropolitano.com.gt\/es\/wp-content\/uploads\/2026\/03\/648466532_1480921840700561_4893604863584901638_n.jpg\" alt=\"\" class=\"wp-image-123433\"\/><\/figure>\n\n\n\n<figure class=\"wp-block-image size-large\"><img loading=\"lazy\" decoding=\"async\" width=\"136\" height=\"190\" data-id=\"123431\" src=\"https:\/\/elmetropolitano.com.gt\/es\/wp-content\/uploads\/2026\/03\/648652213_1480921774033901_5550636830132523320_n.jpg\" alt=\"\" class=\"wp-image-123431\"\/><\/figure>\n\n\n\n<figure class=\"wp-block-image size-large\"><img loading=\"lazy\" decoding=\"async\" width=\"800\" height=\"500\" data-id=\"123432\" src=\"https:\/\/elmetropolitano.com.gt\/es\/wp-content\/uploads\/2026\/03\/648673956_1480921777367234_5647140182458340731_n-1-1.jpg\" alt=\"\" class=\"wp-image-123432\" srcset=\"https:\/\/elmetropolitano.com.gt\/es\/wp-content\/uploads\/2026\/03\/648673956_1480921777367234_5647140182458340731_n-1-1.jpg 800w, https:\/\/elmetropolitano.com.gt\/es\/wp-content\/uploads\/2026\/03\/648673956_1480921777367234_5647140182458340731_n-1-1-300x188.jpg 300w, https:\/\/elmetropolitano.com.gt\/es\/wp-content\/uploads\/2026\/03\/648673956_1480921777367234_5647140182458340731_n-1-1-768x480.jpg 768w\" sizes=\"auto, (max-width: 800px) 100vw, 800px\" \/><\/figure>\n<\/figure>\n","protected":false},"excerpt":{"rendered":"<p>La Direcci\u00f3n General de Caminos se encuentra a pasos de finalizar el proyecto de Mejoramiento de la Carretera Tramo del Km 171 CA-1 Occidente \u2013 Aldea Xejuyub, Nahual\u00e1, Solol\u00e1, Subtramo: Aldea Chiquisis \u2013 Aldea Xejuyub, con una longitud de 27.5 kil\u00f3metros. Este es un paso crucial para avanzar en la mejora de la infraestructura vial <a class=\"read-more\" href=\"https:\/\/elmetropolitano.com.gt\/es\/esta-por-finalizar-el-mejoramiento-de-27-kilometros-en-solola\/\">Leer m\u00e1s<\/a><\/p>\n","protected":false},"author":1,"featured_media":123429,"comment_status":"open","ping_status":"closed","sticky":false,"template":"","format":"standard","meta":{"footnotes":""},"categories":[4],"tags":[13],"class_list":["post-123428","post","type-post","status-publish","format-standard","has-post-thumbnail","hentry","category-departamentales","tag-departamentales"],"_links":{"self":[{"href":"https:\/\/elmetropolitano.com.gt\/es\/wp-json\/wp\/v2\/posts\/123428","targetHints":{"allow":["GET"]}}],"collection":[{"href":"https:\/\/elmetropolitano.com.gt\/es\/wp-json\/wp\/v2\/posts"}],"about":[{"href":"https:\/\/elmetropolitano.com.gt\/es\/wp-json\/wp\/v2\/types\/post"}],"author":[{"embeddable":true,"href":"https:\/\/elmetropolitano.com.gt\/es\/wp-json\/wp\/v2\/users\/1"}],"replies":[{"embeddable":true,"href":"https:\/\/elmetropolitano.com.gt\/es\/wp-json\/wp\/v2\/comments?post=123428"}],"version-history":[{"count":1,"href":"https:\/\/elmetropolitano.com.gt\/es\/wp-json\/wp\/v2\/posts\/123428\/revisions"}],"predecessor-version":[{"id":123434,"href":"https:\/\/elmetropolitano.com.gt\/es\/wp-json\/wp\/v2\/posts\/123428\/revisions\/123434"}],"wp:featuredmedia":[{"embeddable":true,"href":"https:\/\/elmetropolitano.com.gt\/es\/wp-json\/wp\/v2\/media\/123429"}],"wp:attachment":[{"href":"https:\/\/elmetropolitano.com.gt\/es\/wp-json\/wp\/v2\/media?parent=123428"}],"wp:term":[{"taxonomy":"category","embeddable":true,"href":"https:\/\/elmetropolitano.com.gt\/es\/wp-json\/wp\/v2\/categories?post=123428"},{"taxonomy":"post_tag","embeddable":true,"href":"https:\/\/elmetropolitano.com.gt\/es\/wp-json\/wp\/v2\/tags?post=123428"}],"curies":[{"name":"wp","href":"https:\/\/api.w.org\/{rel}","templated":true}]}}