{"id":123445,"date":"2026-03-07T10:23:04","date_gmt":"2026-03-07T16:23:04","guid":{"rendered":"https:\/\/elmetropolitano.com.gt\/es\/?p=123445"},"modified":"2026-03-07T10:23:05","modified_gmt":"2026-03-07T16:23:05","slug":"banda-de-asaltantes-detenidos-por-agentes-de-la-pnc-en-nueva-concepcion-escuintla","status":"publish","type":"post","link":"https:\/\/elmetropolitano.com.gt\/es\/banda-de-asaltantes-detenidos-por-agentes-de-la-pnc-en-nueva-concepcion-escuintla\/","title":{"rendered":"Banda de asaltantes detenidos por agentes de la PNC en Nueva Concepci\u00f3n, Escuintla"},"content":{"rendered":"\n<p>Tras la denuncia de ciudadanos que fueron v\u00edctimas del robo de sus pertenec\u00edas, la r\u00e1pida intervenci\u00f3n de los agentes de la Polic\u00eda Nacional Civil PNC de la comisaria 35, permiti\u00f3 rastrear el \u00e1rea y dar con los presuntos responsables, quienes fueron capturados en la calle Panam\u00e1, Avenida la Escuela de la Nueva Concepci\u00f3n, Escuintla, a pocas cuadras del hecho.<\/p>\n\n\n\n<p>Fueron Identificados como Melvin Borrayo Vasquez, de 51 a\u00f1os, con un antecedente del a\u00f1o 2013, por portaci\u00f3n ilegal de arma de fuego.<\/p><div class=\"elmet-contenido\" id=\"elmet-3771256783\"><div class=\"elmet-adlabel\">Anuncios<\/div><div style=\"margin-top: 20px;margin-right: 20px;margin-bottom: 20px;margin-left: 20px;\" id=\"elmet-936169523\"><a href=\"https:\/\/www.facebook.com\/arrincuanantigua\/\" aria-label=\"cintillo-arrin-cual\"><img loading=\"lazy\" decoding=\"async\" src=\"https:\/\/elmetropolitano.com.gt\/es\/wp-content\/uploads\/2021\/11\/cintillo-arrin-cual-1.jpg\" alt=\"\"  srcset=\"https:\/\/elmetropolitano.com.gt\/es\/wp-content\/uploads\/2021\/11\/cintillo-arrin-cual-1.jpg 750w, https:\/\/elmetropolitano.com.gt\/es\/wp-content\/uploads\/2021\/11\/cintillo-arrin-cual-1-300x36.jpg 300w, https:\/\/elmetropolitano.com.gt\/es\/wp-content\/uploads\/2021\/11\/cintillo-arrin-cual-1-600x72.jpg 600w\" sizes=\"(max-width: 750px) 100vw, 750px\" width=\"750\" height=\"90\"   \/><\/a><\/div><\/div>\n\n\n\n<p>Edwin Gregorio Gutierrez Coronado, de 28 a\u00f1os y Felipe Alfonso Aquino Medina, de 25, quienes se conduc\u00edan en una camioneta, P443GYW, Marca Hyundai, color gris.<\/p>\n\n\n\n<p>Estos son presuntos responsables de robar las pertenencias a varios ciudadanos, al momento de su captura se les incauto cuatro telefonos celulares, propiedad de las v\u00edctimas quienes los reconocieron plenamente de ser los responsables, ademas se les incauto de manera ilegal un arma de fuego, marca Glock, calibre 9mm, con su respectivo cargador y 13 municiones.<\/p>\n\n\n\n<p><a href=\"https:\/\/www.facebook.com\/hashtag\/nuevaconcepcion?__eep__=6&amp;__cft__[0]=AZYhXWxdRDtAZRz9CnL_FNf6de4FVu0rEPM2_vKyYhzG4y-4nVgxNtqe_lgAUpnPVp1I-5lD-_XFk8A--PuCsKPxQ4lMx6Ljgrsn-qpOk1om8MM1qXrK09HgCPSV4PDcCSaAIWY0gvBGdutyKaxdJe0DErpeAfTSeWmh2t_IoR7rGwNpRSdXUUaP0dTs52GT2KY&amp;__tn__=*NK-R\">#NuevaConcepcion<\/a><a href=\"https:\/\/www.facebook.com\/hashtag\/comisaria35?__eep__=6&amp;__cft__[0]=AZYhXWxdRDtAZRz9CnL_FNf6de4FVu0rEPM2_vKyYhzG4y-4nVgxNtqe_lgAUpnPVp1I-5lD-_XFk8A--PuCsKPxQ4lMx6Ljgrsn-qpOk1om8MM1qXrK09HgCPSV4PDcCSaAIWY0gvBGdutyKaxdJe0DErpeAfTSeWmh2t_IoR7rGwNpRSdXUUaP0dTs52GT2KY&amp;__tn__=*NK-R\">#Comisaria35<\/a><a href=\"https:\/\/www.facebook.com\/hashtag\/robos?__eep__=6&amp;__cft__[0]=AZYhXWxdRDtAZRz9CnL_FNf6de4FVu0rEPM2_vKyYhzG4y-4nVgxNtqe_lgAUpnPVp1I-5lD-_XFk8A--PuCsKPxQ4lMx6Ljgrsn-qpOk1om8MM1qXrK09HgCPSV4PDcCSaAIWY0gvBGdutyKaxdJe0DErpeAfTSeWmh2t_IoR7rGwNpRSdXUUaP0dTs52GT2KY&amp;__tn__=*NK-R\">#Robos<\/a><a href=\"https:\/\/www.facebook.com\/hashtag\/pncguatemala?__eep__=6&amp;__cft__[0]=AZYhXWxdRDtAZRz9CnL_FNf6de4FVu0rEPM2_vKyYhzG4y-4nVgxNtqe_lgAUpnPVp1I-5lD-_XFk8A--PuCsKPxQ4lMx6Ljgrsn-qpOk1om8MM1qXrK09HgCPSV4PDcCSaAIWY0gvBGdutyKaxdJe0DErpeAfTSeWmh2t_IoR7rGwNpRSdXUUaP0dTs52GT2KY&amp;__tn__=*NK-R\">#PNCGuatemala<\/a><a href=\"https:\/\/www.facebook.com\/hashtag\/denunciemos?__eep__=6&amp;__cft__[0]=AZYhXWxdRDtAZRz9CnL_FNf6de4FVu0rEPM2_vKyYhzG4y-4nVgxNtqe_lgAUpnPVp1I-5lD-_XFk8A--PuCsKPxQ4lMx6Ljgrsn-qpOk1om8MM1qXrK09HgCPSV4PDcCSaAIWY0gvBGdutyKaxdJe0DErpeAfTSeWmh2t_IoR7rGwNpRSdXUUaP0dTs52GT2KY&amp;__tn__=*NK-R\">#DENUNCIEMOS<\/a><\/p>\n\n\n\n<figure class=\"wp-block-gallery has-nested-images columns-default is-cropped wp-block-gallery-1 is-layout-flex wp-block-gallery-is-layout-flex\">\n<figure class=\"wp-block-image size-large\"><img loading=\"lazy\" decoding=\"async\" width=\"1024\" height=\"850\" data-id=\"123450\" src=\"https:\/\/elmetropolitano.com.gt\/es\/wp-content\/uploads\/2026\/03\/647269909_1481411157318296_5279218837085633265_n-1024x850.jpg\" alt=\"\" class=\"wp-image-123450\" srcset=\"https:\/\/elmetropolitano.com.gt\/es\/wp-content\/uploads\/2026\/03\/647269909_1481411157318296_5279218837085633265_n-1024x850.jpg 1024w, https:\/\/elmetropolitano.com.gt\/es\/wp-content\/uploads\/2026\/03\/647269909_1481411157318296_5279218837085633265_n-300x249.jpg 300w, https:\/\/elmetropolitano.com.gt\/es\/wp-content\/uploads\/2026\/03\/647269909_1481411157318296_5279218837085633265_n-768x638.jpg 768w, https:\/\/elmetropolitano.com.gt\/es\/wp-content\/uploads\/2026\/03\/647269909_1481411157318296_5279218837085633265_n.jpg 1375w\" sizes=\"auto, (max-width: 1024px) 100vw, 1024px\" \/><\/figure>\n\n\n\n<figure class=\"wp-block-image size-large\"><img loading=\"lazy\" decoding=\"async\" width=\"1024\" height=\"683\" data-id=\"123449\" src=\"https:\/\/elmetropolitano.com.gt\/es\/wp-content\/uploads\/2026\/03\/648283477_1481411120651633_6308343857368519823_n-1-1024x683.jpg\" alt=\"\" class=\"wp-image-123449\" srcset=\"https:\/\/elmetropolitano.com.gt\/es\/wp-content\/uploads\/2026\/03\/648283477_1481411120651633_6308343857368519823_n-1-1024x683.jpg 1024w, https:\/\/elmetropolitano.com.gt\/es\/wp-content\/uploads\/2026\/03\/648283477_1481411120651633_6308343857368519823_n-1-300x200.jpg 300w, https:\/\/elmetropolitano.com.gt\/es\/wp-content\/uploads\/2026\/03\/648283477_1481411120651633_6308343857368519823_n-1-768x512.jpg 768w, https:\/\/elmetropolitano.com.gt\/es\/wp-content\/uploads\/2026\/03\/648283477_1481411120651633_6308343857368519823_n-1.jpg 1500w\" sizes=\"auto, (max-width: 1024px) 100vw, 1024px\" \/><\/figure>\n\n\n\n<figure class=\"wp-block-image size-large\"><img loading=\"lazy\" decoding=\"async\" width=\"1024\" height=\"853\" data-id=\"123447\" src=\"https:\/\/elmetropolitano.com.gt\/es\/wp-content\/uploads\/2026\/03\/648543818_1481411167318295_8823933922528688099_n-1024x853.jpg\" alt=\"\" class=\"wp-image-123447\" srcset=\"https:\/\/elmetropolitano.com.gt\/es\/wp-content\/uploads\/2026\/03\/648543818_1481411167318295_8823933922528688099_n-1024x853.jpg 1024w, https:\/\/elmetropolitano.com.gt\/es\/wp-content\/uploads\/2026\/03\/648543818_1481411167318295_8823933922528688099_n-300x250.jpg 300w, https:\/\/elmetropolitano.com.gt\/es\/wp-content\/uploads\/2026\/03\/648543818_1481411167318295_8823933922528688099_n-768x640.jpg 768w, https:\/\/elmetropolitano.com.gt\/es\/wp-content\/uploads\/2026\/03\/648543818_1481411167318295_8823933922528688099_n.jpg 1204w\" sizes=\"auto, (max-width: 1024px) 100vw, 1024px\" \/><\/figure>\n\n\n\n<figure class=\"wp-block-image size-large\"><img loading=\"lazy\" decoding=\"async\" width=\"1024\" height=\"683\" data-id=\"123448\" src=\"https:\/\/elmetropolitano.com.gt\/es\/wp-content\/uploads\/2026\/03\/648976639_1481411117318300_5800080077668524200_n-1024x683.jpg\" alt=\"\" class=\"wp-image-123448\" srcset=\"https:\/\/elmetropolitano.com.gt\/es\/wp-content\/uploads\/2026\/03\/648976639_1481411117318300_5800080077668524200_n-1024x683.jpg 1024w, https:\/\/elmetropolitano.com.gt\/es\/wp-content\/uploads\/2026\/03\/648976639_1481411117318300_5800080077668524200_n-300x200.jpg 300w, https:\/\/elmetropolitano.com.gt\/es\/wp-content\/uploads\/2026\/03\/648976639_1481411117318300_5800080077668524200_n-768x512.jpg 768w, https:\/\/elmetropolitano.com.gt\/es\/wp-content\/uploads\/2026\/03\/648976639_1481411117318300_5800080077668524200_n.jpg 1500w\" sizes=\"auto, (max-width: 1024px) 100vw, 1024px\" \/><\/figure>\n<\/figure>\n","protected":false},"excerpt":{"rendered":"<p>Tras la denuncia de ciudadanos que fueron v\u00edctimas del robo de sus pertenec\u00edas, la r\u00e1pida intervenci\u00f3n de los agentes de la Polic\u00eda Nacional Civil PNC de la comisaria 35, permiti\u00f3 rastrear el \u00e1rea y dar con los presuntos responsables, quienes fueron capturados en la calle Panam\u00e1, Avenida la Escuela de la Nueva Concepci\u00f3n, Escuintla, a <a class=\"read-more\" href=\"https:\/\/elmetropolitano.com.gt\/es\/banda-de-asaltantes-detenidos-por-agentes-de-la-pnc-en-nueva-concepcion-escuintla\/\">Leer m\u00e1s<\/a><\/p>\n","protected":false},"author":1,"featured_media":123446,"comment_status":"open","ping_status":"closed","sticky":false,"template":"","format":"standard","meta":{"footnotes":""},"categories":[4],"tags":[13],"class_list":["post-123445","post","type-post","status-publish","format-standard","has-post-thumbnail","hentry","category-departamentales","tag-departamentales"],"_links":{"self":[{"href":"https:\/\/elmetropolitano.com.gt\/es\/wp-json\/wp\/v2\/posts\/123445","targetHints":{"allow":["GET"]}}],"collection":[{"href":"https:\/\/elmetropolitano.com.gt\/es\/wp-json\/wp\/v2\/posts"}],"about":[{"href":"https:\/\/elmetropolitano.com.gt\/es\/wp-json\/wp\/v2\/types\/post"}],"author":[{"embeddable":true,"href":"https:\/\/elmetropolitano.com.gt\/es\/wp-json\/wp\/v2\/users\/1"}],"replies":[{"embeddable":true,"href":"https:\/\/elmetropolitano.com.gt\/es\/wp-json\/wp\/v2\/comments?post=123445"}],"version-history":[{"count":1,"href":"https:\/\/elmetropolitano.com.gt\/es\/wp-json\/wp\/v2\/posts\/123445\/revisions"}],"predecessor-version":[{"id":123451,"href":"https:\/\/elmetropolitano.com.gt\/es\/wp-json\/wp\/v2\/posts\/123445\/revisions\/123451"}],"wp:featuredmedia":[{"embeddable":true,"href":"https:\/\/elmetropolitano.com.gt\/es\/wp-json\/wp\/v2\/media\/123446"}],"wp:attachment":[{"href":"https:\/\/elmetropolitano.com.gt\/es\/wp-json\/wp\/v2\/media?parent=123445"}],"wp:term":[{"taxonomy":"category","embeddable":true,"href":"https:\/\/elmetropolitano.com.gt\/es\/wp-json\/wp\/v2\/categories?post=123445"},{"taxonomy":"post_tag","embeddable":true,"href":"https:\/\/elmetropolitano.com.gt\/es\/wp-json\/wp\/v2\/tags?post=123445"}],"curies":[{"name":"wp","href":"https:\/\/api.w.org\/{rel}","templated":true}]}}