{"id":123459,"date":"2026-03-07T19:01:59","date_gmt":"2026-03-08T01:01:59","guid":{"rendered":"https:\/\/elmetropolitano.com.gt\/es\/?p=123459"},"modified":"2026-03-07T19:02:00","modified_gmt":"2026-03-08T01:02:00","slug":"winter-coc-se-va-del-partido-victoria","status":"publish","type":"post","link":"https:\/\/elmetropolitano.com.gt\/es\/winter-coc-se-va-del-partido-victoria\/","title":{"rendered":"Winter Coc se va del Partido Victoria"},"content":{"rendered":"\n<p>La Pugna entre el ex alcalde de San Pedro Carch\u00e1 Wintet Coc Bac y el alcalde de Cob\u00e1n Felipe Pop Cucul no tiene reconciliaci\u00f3n seg\u00fan se confirm\u00f3 este s\u00e1bado, por lo que Winter tendr\u00e1 que abandonar las filas del Partido Victoria si quiere postularse a candidato al Congreso de la Rep\u00fablica junto a su hijo Randy Coc Figueroa en las elecciones del Pr\u00f3ximo a\u00f1o<\/p>\n\n\n\n<p>En pl\u00e1ticas con Comunidad Elefante<\/p><div class=\"elmet-contenido\" id=\"elmet-732972107\"><div class=\"elmet-adlabel\">Anuncios<\/div><div style=\"margin-top: 20px;margin-right: 20px;margin-bottom: 20px;margin-left: 20px;\" id=\"elmet-1716766430\"><a href=\"https:\/\/www.facebook.com\/arrincuanantigua\/\" aria-label=\"cintillo-arrin-cual\"><img loading=\"lazy\" decoding=\"async\" src=\"https:\/\/elmetropolitano.com.gt\/es\/wp-content\/uploads\/2021\/11\/cintillo-arrin-cual-1.jpg\" alt=\"\"  srcset=\"https:\/\/elmetropolitano.com.gt\/es\/wp-content\/uploads\/2021\/11\/cintillo-arrin-cual-1.jpg 750w, https:\/\/elmetropolitano.com.gt\/es\/wp-content\/uploads\/2021\/11\/cintillo-arrin-cual-1-300x36.jpg 300w, https:\/\/elmetropolitano.com.gt\/es\/wp-content\/uploads\/2021\/11\/cintillo-arrin-cual-1-600x72.jpg 600w\" sizes=\"(max-width: 750px) 100vw, 750px\" width=\"750\" height=\"90\"   \/><\/a><\/div><\/div>\n\n\n\n<p>Winter no tiene la representaci\u00f3n legal del Partido Victoria en el departamento de Alta Verapaz, sino el grupo del alcalde de Cob\u00e1n Felipe Pop Cucul quienes no quieren que el ex alcalde de San Pedro encabece el listado.<\/p>\n\n\n\n<p>Una fuente del Comit\u00e9 Ejecutivo del Partido Comunidad Elefante confirm\u00f3 a el Peri\u00f3dico El Metropolitano que Winter Coc sostiene pl\u00e1ticas con su precandidato presidencial Hugo Pe\u00f1a para que se incorpore al Partido<\/p>\n\n\n\n<p>\u201cWinter es un l\u00edder en Alta Verapaz ya discutimos en el partido y es bienvenido para que tenga toda la organizaci\u00f3n\u201d expres\u00f3 la fuente<\/p>\n\n\n\n<p>Al buscar informaci\u00f3n en el Partido Victoria se indic\u00f3 que han habido pl\u00e1ticas entre ambos l\u00edderes pero no hay acuerdos \u201cyo creo que se va por que la representaci\u00f3n legal la tiene Allan Xicol af\u00edn al alcalde Felipe Pop y como est\u00e1n las cosas no van a ceder y por ley ellos tienen que inscribir a los candidatos\u201d<\/p>\n\n\n\n<p>Si el ex alcalde Winter Coc no logra afianzarse en Comunidad Elefante ya hay otros partidos que lo quieren en sus filas.<\/p>\n\n\n\n<p><a href=\"https:\/\/www.facebook.com\/hashtag\/laprensadecob%C3%A1n?__eep__=6&amp;__cft__[0]=AZZCJ093o0tldappnU9b7_cK51yr3hFSFww5IjXpqbCRZf_ws4r7DNY4_z6KWt8s935Q_vSuD8Ti_bDlA0Ej-bwMeZhNbILXab6N0jA5FAbn_jKo6DMQX8WX-b795z-M0umNyKlufiiaCAWou6eyvwJwZFSYFt3I6_ikU3Po0XRA226NnECzBqSL4A6APRIHB2Y&amp;__tn__=*NK-R\">#LaPrensaDeCob\u00e1n<\/a><a href=\"https:\/\/www.facebook.com\/hashtag\/altaverapaz?__eep__=6&amp;__cft__[0]=AZZCJ093o0tldappnU9b7_cK51yr3hFSFww5IjXpqbCRZf_ws4r7DNY4_z6KWt8s935Q_vSuD8Ti_bDlA0Ej-bwMeZhNbILXab6N0jA5FAbn_jKo6DMQX8WX-b795z-M0umNyKlufiiaCAWou6eyvwJwZFSYFt3I6_ikU3Po0XRA226NnECzBqSL4A6APRIHB2Y&amp;__tn__=*NK-R\">#AltaVerapaz<\/a><a href=\"https:\/\/www.facebook.com\/hashtag\/a%C3%B1opreelectoral?__eep__=6&amp;__cft__[0]=AZZCJ093o0tldappnU9b7_cK51yr3hFSFww5IjXpqbCRZf_ws4r7DNY4_z6KWt8s935Q_vSuD8Ti_bDlA0Ej-bwMeZhNbILXab6N0jA5FAbn_jKo6DMQX8WX-b795z-M0umNyKlufiiaCAWou6eyvwJwZFSYFt3I6_ikU3Po0XRA226NnECzBqSL4A6APRIHB2Y&amp;__tn__=*NK-R\">#A\u00f1oPreelectoral<\/a><a href=\"https:\/\/www.facebook.com\/hashtag\/cob%C3%A1m?__eep__=6&amp;__cft__[0]=AZZCJ093o0tldappnU9b7_cK51yr3hFSFww5IjXpqbCRZf_ws4r7DNY4_z6KWt8s935Q_vSuD8Ti_bDlA0Ej-bwMeZhNbILXab6N0jA5FAbn_jKo6DMQX8WX-b795z-M0umNyKlufiiaCAWou6eyvwJwZFSYFt3I6_ikU3Po0XRA226NnECzBqSL4A6APRIHB2Y&amp;__tn__=*NK-R\">#Cob\u00e1m<\/a><a href=\"https:\/\/www.facebook.com\/hashtag\/wintercoc?__eep__=6&amp;__cft__[0]=AZZCJ093o0tldappnU9b7_cK51yr3hFSFww5IjXpqbCRZf_ws4r7DNY4_z6KWt8s935Q_vSuD8Ti_bDlA0Ej-bwMeZhNbILXab6N0jA5FAbn_jKo6DMQX8WX-b795z-M0umNyKlufiiaCAWou6eyvwJwZFSYFt3I6_ikU3Po0XRA226NnECzBqSL4A6APRIHB2Y&amp;__tn__=*NK-R\">#WinterCoc<\/a><\/p>\n\n\n\n<p><a href=\"https:\/\/www.facebook.com\/hashtag\/elecciones2027?__eep__=6&amp;__cft__[0]=AZZCJ093o0tldappnU9b7_cK51yr3hFSFww5IjXpqbCRZf_ws4r7DNY4_z6KWt8s935Q_vSuD8Ti_bDlA0Ej-bwMeZhNbILXab6N0jA5FAbn_jKo6DMQX8WX-b795z-M0umNyKlufiiaCAWou6eyvwJwZFSYFt3I6_ikU3Po0XRA226NnECzBqSL4A6APRIHB2Y&amp;__tn__=*NK-R\">#Elecciones2027<\/a><a href=\"https:\/\/www.facebook.com\/hashtag\/tseguatemala?__eep__=6&amp;__cft__[0]=AZZCJ093o0tldappnU9b7_cK51yr3hFSFww5IjXpqbCRZf_ws4r7DNY4_z6KWt8s935Q_vSuD8Ti_bDlA0Ej-bwMeZhNbILXab6N0jA5FAbn_jKo6DMQX8WX-b795z-M0umNyKlufiiaCAWou6eyvwJwZFSYFt3I6_ikU3Po0XRA226NnECzBqSL4A6APRIHB2Y&amp;__tn__=*NK-R\">#TSEGuatemala<\/a><a href=\"https:\/\/www.facebook.com\/hashtag\/felipepop?__eep__=6&amp;__cft__[0]=AZZCJ093o0tldappnU9b7_cK51yr3hFSFww5IjXpqbCRZf_ws4r7DNY4_z6KWt8s935Q_vSuD8Ti_bDlA0Ej-bwMeZhNbILXab6N0jA5FAbn_jKo6DMQX8WX-b795z-M0umNyKlufiiaCAWou6eyvwJwZFSYFt3I6_ikU3Po0XRA226NnECzBqSL4A6APRIHB2Y&amp;__tn__=*NK-R\">#FelipePop<\/a><\/p>\n","protected":false},"excerpt":{"rendered":"<p>La Pugna entre el ex alcalde de San Pedro Carch\u00e1 Wintet Coc Bac y el alcalde de Cob\u00e1n Felipe Pop Cucul no tiene reconciliaci\u00f3n seg\u00fan se confirm\u00f3 este s\u00e1bado, por lo que Winter tendr\u00e1 que abandonar las filas del Partido Victoria si quiere postularse a candidato al Congreso de la Rep\u00fablica junto a su hijo <a class=\"read-more\" href=\"https:\/\/elmetropolitano.com.gt\/es\/winter-coc-se-va-del-partido-victoria\/\">Leer m\u00e1s<\/a><\/p>\n","protected":false},"author":1,"featured_media":123460,"comment_status":"open","ping_status":"closed","sticky":false,"template":"","format":"standard","meta":{"footnotes":""},"categories":[2],"tags":[12],"class_list":["post-123459","post","type-post","status-publish","format-standard","has-post-thumbnail","hentry","category-nacionales","tag-nacionales"],"_links":{"self":[{"href":"https:\/\/elmetropolitano.com.gt\/es\/wp-json\/wp\/v2\/posts\/123459","targetHints":{"allow":["GET"]}}],"collection":[{"href":"https:\/\/elmetropolitano.com.gt\/es\/wp-json\/wp\/v2\/posts"}],"about":[{"href":"https:\/\/elmetropolitano.com.gt\/es\/wp-json\/wp\/v2\/types\/post"}],"author":[{"embeddable":true,"href":"https:\/\/elmetropolitano.com.gt\/es\/wp-json\/wp\/v2\/users\/1"}],"replies":[{"embeddable":true,"href":"https:\/\/elmetropolitano.com.gt\/es\/wp-json\/wp\/v2\/comments?post=123459"}],"version-history":[{"count":1,"href":"https:\/\/elmetropolitano.com.gt\/es\/wp-json\/wp\/v2\/posts\/123459\/revisions"}],"predecessor-version":[{"id":123461,"href":"https:\/\/elmetropolitano.com.gt\/es\/wp-json\/wp\/v2\/posts\/123459\/revisions\/123461"}],"wp:featuredmedia":[{"embeddable":true,"href":"https:\/\/elmetropolitano.com.gt\/es\/wp-json\/wp\/v2\/media\/123460"}],"wp:attachment":[{"href":"https:\/\/elmetropolitano.com.gt\/es\/wp-json\/wp\/v2\/media?parent=123459"}],"wp:term":[{"taxonomy":"category","embeddable":true,"href":"https:\/\/elmetropolitano.com.gt\/es\/wp-json\/wp\/v2\/categories?post=123459"},{"taxonomy":"post_tag","embeddable":true,"href":"https:\/\/elmetropolitano.com.gt\/es\/wp-json\/wp\/v2\/tags?post=123459"}],"curies":[{"name":"wp","href":"https:\/\/api.w.org\/{rel}","templated":true}]}}