{"id":123462,"date":"2026-03-07T19:04:31","date_gmt":"2026-03-08T01:04:31","guid":{"rendered":"https:\/\/elmetropolitano.com.gt\/es\/?p=123462"},"modified":"2026-03-07T19:04:32","modified_gmt":"2026-03-08T01:04:32","slug":"bancada-semilla-separa-del-bloque-a-diputada-maria-lujan-por-votar-a-favor-de-magistrado-suplente-a-la-cc-luis-rosales","status":"publish","type":"post","link":"https:\/\/elmetropolitano.com.gt\/es\/bancada-semilla-separa-del-bloque-a-diputada-maria-lujan-por-votar-a-favor-de-magistrado-suplente-a-la-cc-luis-rosales\/","title":{"rendered":"Bancada Semilla separa del bloque a diputada Mar\u00eda Luj\u00e1n por votar a favor de Magistrado suplente a la CC Luis Rosales"},"content":{"rendered":"\n<p>La bancada del Movimiento Semilla inform\u00f3 la tarde de este s\u00e1bado que la diputada Ivanna Mar\u00eda Luj\u00e1n Padilla fue separada del bloque legislativo, luego del voto que emiti\u00f3 en la elecci\u00f3n de magistrado suplente Luis Rosales de la Corte de Constitucionalidad.<\/p>\n\n\n\n<p>Seg\u00fan el comunicado, la decisi\u00f3n se tom\u00f3 en reuni\u00f3n de bancada al considerar que su voto contravino la postura y los principios del partido.<\/p><div class=\"elmet-contenido\" id=\"elmet-962517539\"><div class=\"elmet-adlabel\">Anuncios<\/div><div style=\"margin-top: 20px;margin-right: 20px;margin-bottom: 20px;margin-left: 20px;\" id=\"elmet-3950733531\"><a href=\"https:\/\/www.facebook.com\/arrincuanantigua\/\" aria-label=\"cintillo-arrin-cual\"><img loading=\"lazy\" decoding=\"async\" src=\"https:\/\/elmetropolitano.com.gt\/es\/wp-content\/uploads\/2021\/11\/cintillo-arrin-cual-1.jpg\" alt=\"\"  srcset=\"https:\/\/elmetropolitano.com.gt\/es\/wp-content\/uploads\/2021\/11\/cintillo-arrin-cual-1.jpg 750w, https:\/\/elmetropolitano.com.gt\/es\/wp-content\/uploads\/2021\/11\/cintillo-arrin-cual-1-300x36.jpg 300w, https:\/\/elmetropolitano.com.gt\/es\/wp-content\/uploads\/2021\/11\/cintillo-arrin-cual-1-600x72.jpg 600w\" sizes=\"(max-width: 750px) 100vw, 750px\" width=\"750\" height=\"90\"   \/><\/a><\/div><\/div>\n\n\n\n<p>\u201cDicho voto ha sido considerado una falta grave por contravenir la postura y los principios del Movimiento<\/p>\n\n\n\n<p>Semilla. En consecuencia, las acciones y decisiones de la diputada Luj\u00e1n no representan la posici\u00f3n de esta bancada\u201dexpresa el comunicado de prensa del Movimiento Semilla<\/p>\n\n\n\n<p><a href=\"https:\/\/www.facebook.com\/hashtag\/congresogt?__eep__=6&amp;__cft__[0]=AZYdGqaRrxEmVIc2lMP2DnGW7BKtg0a_paivZ9VcE_F9jkL1fL2_Khl8SUjNS_U4XtCpO8A_r3cuXF1ieZNAH67aEQ36bBoXWE2g7u2JpKzOQmjpSKZ2-Tu_FZDZ5gV8Q-Kscguqcwp6mM9W9loEh3zPgbcZZU8tKFkOQbI0xOFveCq-9pK1CVHGECC1rw6i9FQ&amp;__tn__=*NK-R\">#CongresoGT<\/a><a href=\"https:\/\/www.facebook.com\/hashtag\/movimientosemilla?__eep__=6&amp;__cft__[0]=AZYdGqaRrxEmVIc2lMP2DnGW7BKtg0a_paivZ9VcE_F9jkL1fL2_Khl8SUjNS_U4XtCpO8A_r3cuXF1ieZNAH67aEQ36bBoXWE2g7u2JpKzOQmjpSKZ2-Tu_FZDZ5gV8Q-Kscguqcwp6mM9W9loEh3zPgbcZZU8tKFkOQbI0xOFveCq-9pK1CVHGECC1rw6i9FQ&amp;__tn__=*NK-R\">#MovimientoSemilla<\/a><\/p>\n\n\n\n<figure class=\"wp-block-gallery has-nested-images columns-default is-cropped wp-block-gallery-1 is-layout-flex wp-block-gallery-is-layout-flex\">\n<figure class=\"wp-block-image size-large\"><img loading=\"lazy\" decoding=\"async\" width=\"852\" height=\"1024\" data-id=\"123465\" src=\"https:\/\/elmetropolitano.com.gt\/es\/wp-content\/uploads\/2026\/03\/648093720_1481798887279523_2811015688681967269_n-1-852x1024.jpg\" alt=\"\" class=\"wp-image-123465\" srcset=\"https:\/\/elmetropolitano.com.gt\/es\/wp-content\/uploads\/2026\/03\/648093720_1481798887279523_2811015688681967269_n-1-852x1024.jpg 852w, https:\/\/elmetropolitano.com.gt\/es\/wp-content\/uploads\/2026\/03\/648093720_1481798887279523_2811015688681967269_n-1-250x300.jpg 250w, https:\/\/elmetropolitano.com.gt\/es\/wp-content\/uploads\/2026\/03\/648093720_1481798887279523_2811015688681967269_n-1-768x923.jpg 768w, https:\/\/elmetropolitano.com.gt\/es\/wp-content\/uploads\/2026\/03\/648093720_1481798887279523_2811015688681967269_n-1-1278x1536.jpg 1278w, https:\/\/elmetropolitano.com.gt\/es\/wp-content\/uploads\/2026\/03\/648093720_1481798887279523_2811015688681967269_n-1.jpg 1701w\" sizes=\"auto, (max-width: 852px) 100vw, 852px\" \/><\/figure>\n\n\n\n<figure class=\"wp-block-image size-large\"><img loading=\"lazy\" decoding=\"async\" width=\"819\" height=\"1024\" data-id=\"123464\" src=\"https:\/\/elmetropolitano.com.gt\/es\/wp-content\/uploads\/2026\/03\/648774503_1481798873946191_2467317033537785143_n-819x1024.jpg\" alt=\"\" class=\"wp-image-123464\" srcset=\"https:\/\/elmetropolitano.com.gt\/es\/wp-content\/uploads\/2026\/03\/648774503_1481798873946191_2467317033537785143_n-819x1024.jpg 819w, https:\/\/elmetropolitano.com.gt\/es\/wp-content\/uploads\/2026\/03\/648774503_1481798873946191_2467317033537785143_n-240x300.jpg 240w, https:\/\/elmetropolitano.com.gt\/es\/wp-content\/uploads\/2026\/03\/648774503_1481798873946191_2467317033537785143_n-768x960.jpg 768w, https:\/\/elmetropolitano.com.gt\/es\/wp-content\/uploads\/2026\/03\/648774503_1481798873946191_2467317033537785143_n.jpg 960w\" sizes=\"auto, (max-width: 819px) 100vw, 819px\" \/><\/figure>\n<\/figure>\n","protected":false},"excerpt":{"rendered":"<p>La bancada del Movimiento Semilla inform\u00f3 la tarde de este s\u00e1bado que la diputada Ivanna Mar\u00eda Luj\u00e1n Padilla fue separada del bloque legislativo, luego del voto que emiti\u00f3 en la elecci\u00f3n de magistrado suplente Luis Rosales de la Corte de Constitucionalidad. Seg\u00fan el comunicado, la decisi\u00f3n se tom\u00f3 en reuni\u00f3n de bancada al considerar que <a class=\"read-more\" href=\"https:\/\/elmetropolitano.com.gt\/es\/bancada-semilla-separa-del-bloque-a-diputada-maria-lujan-por-votar-a-favor-de-magistrado-suplente-a-la-cc-luis-rosales\/\">Leer m\u00e1s<\/a><\/p>\n","protected":false},"author":1,"featured_media":123463,"comment_status":"open","ping_status":"closed","sticky":false,"template":"","format":"standard","meta":{"footnotes":""},"categories":[2],"tags":[12],"class_list":["post-123462","post","type-post","status-publish","format-standard","has-post-thumbnail","hentry","category-nacionales","tag-nacionales"],"_links":{"self":[{"href":"https:\/\/elmetropolitano.com.gt\/es\/wp-json\/wp\/v2\/posts\/123462","targetHints":{"allow":["GET"]}}],"collection":[{"href":"https:\/\/elmetropolitano.com.gt\/es\/wp-json\/wp\/v2\/posts"}],"about":[{"href":"https:\/\/elmetropolitano.com.gt\/es\/wp-json\/wp\/v2\/types\/post"}],"author":[{"embeddable":true,"href":"https:\/\/elmetropolitano.com.gt\/es\/wp-json\/wp\/v2\/users\/1"}],"replies":[{"embeddable":true,"href":"https:\/\/elmetropolitano.com.gt\/es\/wp-json\/wp\/v2\/comments?post=123462"}],"version-history":[{"count":1,"href":"https:\/\/elmetropolitano.com.gt\/es\/wp-json\/wp\/v2\/posts\/123462\/revisions"}],"predecessor-version":[{"id":123466,"href":"https:\/\/elmetropolitano.com.gt\/es\/wp-json\/wp\/v2\/posts\/123462\/revisions\/123466"}],"wp:featuredmedia":[{"embeddable":true,"href":"https:\/\/elmetropolitano.com.gt\/es\/wp-json\/wp\/v2\/media\/123463"}],"wp:attachment":[{"href":"https:\/\/elmetropolitano.com.gt\/es\/wp-json\/wp\/v2\/media?parent=123462"}],"wp:term":[{"taxonomy":"category","embeddable":true,"href":"https:\/\/elmetropolitano.com.gt\/es\/wp-json\/wp\/v2\/categories?post=123462"},{"taxonomy":"post_tag","embeddable":true,"href":"https:\/\/elmetropolitano.com.gt\/es\/wp-json\/wp\/v2\/tags?post=123462"}],"curies":[{"name":"wp","href":"https:\/\/api.w.org\/{rel}","templated":true}]}}