{"id":123476,"date":"2026-03-08T14:33:15","date_gmt":"2026-03-08T20:33:15","guid":{"rendered":"https:\/\/elmetropolitano.com.gt\/es\/?p=123476"},"modified":"2026-03-08T14:33:17","modified_gmt":"2026-03-08T20:33:17","slug":"salucentro-llegara-a-zacapa-con-nueva-infraestructura-para-la-atencion-medica","status":"publish","type":"post","link":"https:\/\/elmetropolitano.com.gt\/es\/salucentro-llegara-a-zacapa-con-nueva-infraestructura-para-la-atencion-medica\/","title":{"rendered":"SaluCentro llegar\u00e1 a Zacapa con nueva infraestructura para la atenci\u00f3n m\u00e9dica"},"content":{"rendered":"\n<p>RV4, desarrolladora inmobiliaria con m\u00e1s de 75 a\u00f1os de trayectoria en Guatemala, anunci\u00f3 el desarrollo de SaluCentro Zacapa, un nuevo proyecto orientado a fortalecer la infraestructura de servicios m\u00e9dicos en el oriente del pa\u00eds.<\/p>\n\n\n\n<p>La empresa ha participado en el crecimiento urbano del pa\u00eds a trav\u00e9s de proyectos residenciales, comerciales y m\u00e9dicos como Zona M\u00e9dica y SaluCentro, entre otros desarrollos inmobiliarios.<\/p><div class=\"elmet-contenido\" id=\"elmet-3784279234\"><div class=\"elmet-adlabel\">Anuncios<\/div><div style=\"margin-top: 20px;margin-right: 20px;margin-bottom: 20px;margin-left: 20px;\" id=\"elmet-3694223004\"><a href=\"https:\/\/www.facebook.com\/arrincuanantigua\/\" aria-label=\"cintillo-arrin-cual\"><img loading=\"lazy\" decoding=\"async\" src=\"https:\/\/elmetropolitano.com.gt\/es\/wp-content\/uploads\/2021\/11\/cintillo-arrin-cual-1.jpg\" alt=\"\"  srcset=\"https:\/\/elmetropolitano.com.gt\/es\/wp-content\/uploads\/2021\/11\/cintillo-arrin-cual-1.jpg 750w, https:\/\/elmetropolitano.com.gt\/es\/wp-content\/uploads\/2021\/11\/cintillo-arrin-cual-1-300x36.jpg 300w, https:\/\/elmetropolitano.com.gt\/es\/wp-content\/uploads\/2021\/11\/cintillo-arrin-cual-1-600x72.jpg 600w\" sizes=\"(max-width: 750px) 100vw, 750px\" width=\"750\" height=\"90\"   \/><\/a><\/div><\/div>\n\n\n\n<p>El nuevo complejo estar\u00e1 ubicado en la zona 3 de Zacapa (14 calle y 16 avenida) y contempla un edificio de cinco niveles que integrar\u00e1 cl\u00ednicas m\u00e9dicas y un nivel destinado a comercio y servicios complementarios.<\/p>\n\n\n\n<p>Uno de los aspectos distintivos del proyecto es su enfoque arquitect\u00f3nico. El dise\u00f1o incorpora estudios clim\u00e1ticos y an\u00e1lisis de soleamiento y vientos, con el objetivo de favorecer la ventilaci\u00f3n natural y generar espacios m\u00e1s confortables para m\u00e9dicos, pacientes y visitantes.<\/p>\n\n\n\n<p>El proyecto contempla espacios destinados a servicios complementarios de salud, como farmacias, laboratorios, centros de diagn\u00f3stico y otros negocios vinculados al sector m\u00e9dico.<\/p>\n\n\n\n<p>Asimismo, el edificio incluir\u00e1 diferentes \u00e1reas de apoyo para profesionales y visitantes, entre ellas espacios de coworking, cafeter\u00eda, gimnasio, salas de reuniones y \u00e1reas de espera, adem\u00e1s de sistemas de seguridad, elevadores y accesos dise\u00f1ados para facilitar la circulaci\u00f3n de pacientes.<\/p>\n\n\n\n<p>\u201cEn RV4 buscamos desarrollar proyectos que aporten valor a las ciudades donde trabajamos. SaluCentro Zacapa representa nuestro compromiso con el crecimiento del oriente del pa\u00eds y con la creaci\u00f3n de espacios que faciliten la atenci\u00f3n m\u00e9dica en un entorno moderno y accesible\u201d, expres\u00f3 Laura Corado, Gerente Comercial de RV4 Desarrollos.<\/p>\n\n\n\n<p>La entrega del proyecto se encuentra prevista seg\u00fan el cronograma de desarrollo establecido por la empresa. Con esta iniciativa, Zacapa ampliar\u00e1 su oferta de servicios m\u00e9dicos y consolidar\u00e1 su crecimiento como un punto importante para la atenci\u00f3n en salud en la regi\u00f3n oriental de Guatemala.<\/p>\n\n\n\n<p><a href=\"https:\/\/www.facebook.com\/hashtag\/salucentrozacapa?__eep__=6&amp;__cft__[0]=AZbgfav6haaaKHi0v-P0gVlZpWbT37S_3F1DoPHK_C3wyH-gUhU7osRY4H2RvSdpw9jT6GBSRz-12mGEAzIWG1jTKdlHfF-IOuC0oKTpTPLAMvzFB0W9wFsn_lUgJ3aLJSiFUtAHXlCfEcJr3WqhVijjOTTnBfE2DH7FeN_aZoMXfUEA_EmGvrwshedL4Da24RA&amp;__tn__=*NK-R\">#SaluCentroZacapa<\/a><a href=\"https:\/\/www.facebook.com\/hashtag\/rv4?__eep__=6&amp;__cft__[0]=AZbgfav6haaaKHi0v-P0gVlZpWbT37S_3F1DoPHK_C3wyH-gUhU7osRY4H2RvSdpw9jT6GBSRz-12mGEAzIWG1jTKdlHfF-IOuC0oKTpTPLAMvzFB0W9wFsn_lUgJ3aLJSiFUtAHXlCfEcJr3WqhVijjOTTnBfE2DH7FeN_aZoMXfUEA_EmGvrwshedL4Da24RA&amp;__tn__=*NK-R\">#RV4<\/a><a href=\"https:\/\/www.facebook.com\/hashtag\/elmetropolitano?__eep__=6&amp;__cft__[0]=AZbgfav6haaaKHi0v-P0gVlZpWbT37S_3F1DoPHK_C3wyH-gUhU7osRY4H2RvSdpw9jT6GBSRz-12mGEAzIWG1jTKdlHfF-IOuC0oKTpTPLAMvzFB0W9wFsn_lUgJ3aLJSiFUtAHXlCfEcJr3WqhVijjOTTnBfE2DH7FeN_aZoMXfUEA_EmGvrwshedL4Da24RA&amp;__tn__=*NK-R\">#Elmetropolitano<\/a><a href=\"https:\/\/www.facebook.com\/hashtag\/elzacapaneco?__eep__=6&amp;__cft__[0]=AZbgfav6haaaKHi0v-P0gVlZpWbT37S_3F1DoPHK_C3wyH-gUhU7osRY4H2RvSdpw9jT6GBSRz-12mGEAzIWG1jTKdlHfF-IOuC0oKTpTPLAMvzFB0W9wFsn_lUgJ3aLJSiFUtAHXlCfEcJr3WqhVijjOTTnBfE2DH7FeN_aZoMXfUEA_EmGvrwshedL4Da24RA&amp;__tn__=*NK-R\">#ElZacapaneco<\/a><a href=\"https:\/\/www.facebook.com\/hashtag\/saludpatodos?__eep__=6&amp;__cft__[0]=AZbgfav6haaaKHi0v-P0gVlZpWbT37S_3F1DoPHK_C3wyH-gUhU7osRY4H2RvSdpw9jT6GBSRz-12mGEAzIWG1jTKdlHfF-IOuC0oKTpTPLAMvzFB0W9wFsn_lUgJ3aLJSiFUtAHXlCfEcJr3WqhVijjOTTnBfE2DH7FeN_aZoMXfUEA_EmGvrwshedL4Da24RA&amp;__tn__=*NK-R\">#saludpatodos<\/a><\/p>\n\n\n\n<figure class=\"wp-block-gallery has-nested-images columns-default is-cropped wp-block-gallery-1 is-layout-flex wp-block-gallery-is-layout-flex\">\n<figure class=\"wp-block-image size-large\"><img loading=\"lazy\" decoding=\"async\" width=\"768\" height=\"1024\" data-id=\"123479\" src=\"https:\/\/elmetropolitano.com.gt\/es\/wp-content\/uploads\/2026\/03\/648639141_1481964420596303_3581651719012261407_n-1-768x1024.jpg\" alt=\"\" class=\"wp-image-123479\" srcset=\"https:\/\/elmetropolitano.com.gt\/es\/wp-content\/uploads\/2026\/03\/648639141_1481964420596303_3581651719012261407_n-1-768x1024.jpg 768w, https:\/\/elmetropolitano.com.gt\/es\/wp-content\/uploads\/2026\/03\/648639141_1481964420596303_3581651719012261407_n-1-225x300.jpg 225w, https:\/\/elmetropolitano.com.gt\/es\/wp-content\/uploads\/2026\/03\/648639141_1481964420596303_3581651719012261407_n-1.jpg 960w\" sizes=\"auto, (max-width: 768px) 100vw, 768px\" \/><\/figure>\n\n\n\n<figure class=\"wp-block-image size-large\"><img loading=\"lazy\" decoding=\"async\" width=\"1024\" height=\"811\" data-id=\"123478\" src=\"https:\/\/elmetropolitano.com.gt\/es\/wp-content\/uploads\/2026\/03\/649159244_1481975203928558_4814644414786842062_n-1-1024x811.jpg\" alt=\"\" class=\"wp-image-123478\" srcset=\"https:\/\/elmetropolitano.com.gt\/es\/wp-content\/uploads\/2026\/03\/649159244_1481975203928558_4814644414786842062_n-1-1024x811.jpg 1024w, https:\/\/elmetropolitano.com.gt\/es\/wp-content\/uploads\/2026\/03\/649159244_1481975203928558_4814644414786842062_n-1-300x238.jpg 300w, https:\/\/elmetropolitano.com.gt\/es\/wp-content\/uploads\/2026\/03\/649159244_1481975203928558_4814644414786842062_n-1-768x608.jpg 768w, https:\/\/elmetropolitano.com.gt\/es\/wp-content\/uploads\/2026\/03\/649159244_1481975203928558_4814644414786842062_n-1.jpg 1280w\" sizes=\"auto, (max-width: 1024px) 100vw, 1024px\" \/><\/figure>\n<\/figure>\n","protected":false},"excerpt":{"rendered":"<p>RV4, desarrolladora inmobiliaria con m\u00e1s de 75 a\u00f1os de trayectoria en Guatemala, anunci\u00f3 el desarrollo de SaluCentro Zacapa, un nuevo proyecto orientado a fortalecer la infraestructura de servicios m\u00e9dicos en el oriente del pa\u00eds. La empresa ha participado en el crecimiento urbano del pa\u00eds a trav\u00e9s de proyectos residenciales, comerciales y m\u00e9dicos como Zona M\u00e9dica <a class=\"read-more\" href=\"https:\/\/elmetropolitano.com.gt\/es\/salucentro-llegara-a-zacapa-con-nueva-infraestructura-para-la-atencion-medica\/\">Leer m\u00e1s<\/a><\/p>\n","protected":false},"author":1,"featured_media":123477,"comment_status":"open","ping_status":"closed","sticky":false,"template":"","format":"standard","meta":{"footnotes":""},"categories":[4],"tags":[13],"class_list":["post-123476","post","type-post","status-publish","format-standard","has-post-thumbnail","hentry","category-departamentales","tag-departamentales"],"_links":{"self":[{"href":"https:\/\/elmetropolitano.com.gt\/es\/wp-json\/wp\/v2\/posts\/123476","targetHints":{"allow":["GET"]}}],"collection":[{"href":"https:\/\/elmetropolitano.com.gt\/es\/wp-json\/wp\/v2\/posts"}],"about":[{"href":"https:\/\/elmetropolitano.com.gt\/es\/wp-json\/wp\/v2\/types\/post"}],"author":[{"embeddable":true,"href":"https:\/\/elmetropolitano.com.gt\/es\/wp-json\/wp\/v2\/users\/1"}],"replies":[{"embeddable":true,"href":"https:\/\/elmetropolitano.com.gt\/es\/wp-json\/wp\/v2\/comments?post=123476"}],"version-history":[{"count":1,"href":"https:\/\/elmetropolitano.com.gt\/es\/wp-json\/wp\/v2\/posts\/123476\/revisions"}],"predecessor-version":[{"id":123480,"href":"https:\/\/elmetropolitano.com.gt\/es\/wp-json\/wp\/v2\/posts\/123476\/revisions\/123480"}],"wp:featuredmedia":[{"embeddable":true,"href":"https:\/\/elmetropolitano.com.gt\/es\/wp-json\/wp\/v2\/media\/123477"}],"wp:attachment":[{"href":"https:\/\/elmetropolitano.com.gt\/es\/wp-json\/wp\/v2\/media?parent=123476"}],"wp:term":[{"taxonomy":"category","embeddable":true,"href":"https:\/\/elmetropolitano.com.gt\/es\/wp-json\/wp\/v2\/categories?post=123476"},{"taxonomy":"post_tag","embeddable":true,"href":"https:\/\/elmetropolitano.com.gt\/es\/wp-json\/wp\/v2\/tags?post=123476"}],"curies":[{"name":"wp","href":"https:\/\/api.w.org\/{rel}","templated":true}]}}