{"id":123493,"date":"2026-03-08T14:44:15","date_gmt":"2026-03-08T20:44:15","guid":{"rendered":"https:\/\/elmetropolitano.com.gt\/es\/?p=123493"},"modified":"2026-03-08T14:44:17","modified_gmt":"2026-03-08T20:44:17","slug":"capturan-a-cinco-presuntos-saqueadores-en-flagrancia-en-la-zona-1-capitalina","status":"publish","type":"post","link":"https:\/\/elmetropolitano.com.gt\/es\/capturan-a-cinco-presuntos-saqueadores-en-flagrancia-en-la-zona-1-capitalina\/","title":{"rendered":"Capturan a cinco presuntos saqueadores en flagrancia en la zona 1 capitalina"},"content":{"rendered":"\n<p>En una inmediata reacci\u00f3n policial tras una alerta ciudadana, polic\u00edas de la comisar\u00eda 11 capturaron a cinco presuntos saqueadores en la 1\u00aa avenida y 21 calle, zona 1, cuando se encontraban dentro de una bodega sustrayendo cajas con zapatos.<\/p>\n\n\n\n<p>Los detenidos son Israel de 45 a\u00f1os, alias \u201cNegro\u201d, quien registra un antecedente por violencia contra la mujer en 2016, Wilman de 20 a\u00f1os, Jes\u00fas de 20 a\u00f1os y los nicarag\u00fcenses Johan \u201cy Mayer ambos de 20 a\u00f1os.<\/p><div class=\"elmet-contenido\" id=\"elmet-3586819413\"><div class=\"elmet-adlabel\">Anuncios<\/div><div style=\"margin-top: 20px;margin-right: 20px;margin-bottom: 20px;margin-left: 20px;\" id=\"elmet-1470830653\"><a href=\"https:\/\/www.facebook.com\/arrincuanantigua\/\" aria-label=\"cintillo-arrin-cual\"><img loading=\"lazy\" decoding=\"async\" src=\"https:\/\/elmetropolitano.com.gt\/es\/wp-content\/uploads\/2021\/11\/cintillo-arrin-cual-1.jpg\" alt=\"\"  srcset=\"https:\/\/elmetropolitano.com.gt\/es\/wp-content\/uploads\/2021\/11\/cintillo-arrin-cual-1.jpg 750w, https:\/\/elmetropolitano.com.gt\/es\/wp-content\/uploads\/2021\/11\/cintillo-arrin-cual-1-300x36.jpg 300w, https:\/\/elmetropolitano.com.gt\/es\/wp-content\/uploads\/2021\/11\/cintillo-arrin-cual-1-600x72.jpg 600w\" sizes=\"(max-width: 750px) 100vw, 750px\" width=\"750\" height=\"90\"   \/><\/a><\/div><\/div>\n\n\n\n<p>A los capturados se les incautaron varias cajas de cart\u00f3n con zapatos valorados en Q100 mil, adem\u00e1s de una herramienta tipo \u201cu\u00f1a\u201d, un martillo, un cincel, un destornillador y dos tel\u00e9fonos celulares.<\/p>\n\n\n\n<p>La PNC contin\u00faa reforzando operativos para combatir hechos delictivos y garantizar la seguridad de la poblaci\u00f3n.<\/p>\n\n\n\n<p><a href=\"https:\/\/www.facebook.com\/hashtag\/protegeryservi?__eep__=6&amp;__cft__[0]=AZZ5D1R1OQKtJyGB6_zOFzPxtXsmkjgpEUBYfz2C_TGjMn1BXi-HkthqYXhuIJP45NkZzHAE04Kn9FSdknY48IMdzUngOvLi6ZYx-NPzvkVve1aAak-8-ReKk2MR_obeOQqL0gN4Mb5tkUXwo2HieOj4luKJU_HVYZD5gcslmXgP5jeDh8YIJFqZhGDdhEBSPPU&amp;__tn__=*NK-R\">#ProtegerYServi<\/a><a href=\"https:\/\/www.facebook.com\/hashtag\/pncdeguatemala?__eep__=6&amp;__cft__[0]=AZZ5D1R1OQKtJyGB6_zOFzPxtXsmkjgpEUBYfz2C_TGjMn1BXi-HkthqYXhuIJP45NkZzHAE04Kn9FSdknY48IMdzUngOvLi6ZYx-NPzvkVve1aAak-8-ReKk2MR_obeOQqL0gN4Mb5tkUXwo2HieOj4luKJU_HVYZD5gcslmXgP5jeDh8YIJFqZhGDdhEBSPPU&amp;__tn__=*NK-R\">#PNCdeGuatemala<\/a> <a href=\"https:\/\/www.facebook.com\/hashtag\/seguridadcontransparencia?__eep__=6&amp;__cft__[0]=AZZ5D1R1OQKtJyGB6_zOFzPxtXsmkjgpEUBYfz2C_TGjMn1BXi-HkthqYXhuIJP45NkZzHAE04Kn9FSdknY48IMdzUngOvLi6ZYx-NPzvkVve1aAak-8-ReKk2MR_obeOQqL0gN4Mb5tkUXwo2HieOj4luKJU_HVYZD5gcslmXgP5jeDh8YIJFqZhGDdhEBSPPU&amp;__tn__=*NK-R\">#SeguridadConTransparencia<\/a> <a href=\"https:\/\/www.facebook.com\/hashtag\/plancentinelametropolitano?__eep__=6&amp;__cft__[0]=AZZ5D1R1OQKtJyGB6_zOFzPxtXsmkjgpEUBYfz2C_TGjMn1BXi-HkthqYXhuIJP45NkZzHAE04Kn9FSdknY48IMdzUngOvLi6ZYx-NPzvkVve1aAak-8-ReKk2MR_obeOQqL0gN4Mb5tkUXwo2HieOj4luKJU_HVYZD5gcslmXgP5jeDh8YIJFqZhGDdhEBSPPU&amp;__tn__=*NK-R\">#PlanCentinelaMetropolitano<\/a><\/p>\n\n\n\n<figure class=\"wp-block-gallery has-nested-images columns-default is-cropped wp-block-gallery-1 is-layout-flex wp-block-gallery-is-layout-flex\">\n<figure class=\"wp-block-image size-large\"><img loading=\"lazy\" decoding=\"async\" width=\"1024\" height=\"682\" data-id=\"123496\" src=\"https:\/\/elmetropolitano.com.gt\/es\/wp-content\/uploads\/2026\/03\/648093726_1482310640561681_6736981748477275222_n-1-1024x682.jpg\" alt=\"\" class=\"wp-image-123496\" srcset=\"https:\/\/elmetropolitano.com.gt\/es\/wp-content\/uploads\/2026\/03\/648093726_1482310640561681_6736981748477275222_n-1-1024x682.jpg 1024w, https:\/\/elmetropolitano.com.gt\/es\/wp-content\/uploads\/2026\/03\/648093726_1482310640561681_6736981748477275222_n-1-300x200.jpg 300w, https:\/\/elmetropolitano.com.gt\/es\/wp-content\/uploads\/2026\/03\/648093726_1482310640561681_6736981748477275222_n-1-768x512.jpg 768w, https:\/\/elmetropolitano.com.gt\/es\/wp-content\/uploads\/2026\/03\/648093726_1482310640561681_6736981748477275222_n-1.jpg 1280w\" sizes=\"auto, (max-width: 1024px) 100vw, 1024px\" \/><\/figure>\n\n\n\n<figure class=\"wp-block-image size-large\"><img loading=\"lazy\" decoding=\"async\" width=\"1024\" height=\"682\" data-id=\"123497\" src=\"https:\/\/elmetropolitano.com.gt\/es\/wp-content\/uploads\/2026\/03\/648471994_1482310700561675_5717532178878027645_n-1024x682.jpg\" alt=\"\" class=\"wp-image-123497\" srcset=\"https:\/\/elmetropolitano.com.gt\/es\/wp-content\/uploads\/2026\/03\/648471994_1482310700561675_5717532178878027645_n-1024x682.jpg 1024w, https:\/\/elmetropolitano.com.gt\/es\/wp-content\/uploads\/2026\/03\/648471994_1482310700561675_5717532178878027645_n-300x200.jpg 300w, https:\/\/elmetropolitano.com.gt\/es\/wp-content\/uploads\/2026\/03\/648471994_1482310700561675_5717532178878027645_n-768x512.jpg 768w, https:\/\/elmetropolitano.com.gt\/es\/wp-content\/uploads\/2026\/03\/648471994_1482310700561675_5717532178878027645_n.jpg 1280w\" sizes=\"auto, (max-width: 1024px) 100vw, 1024px\" \/><\/figure>\n\n\n\n<figure class=\"wp-block-image size-full\"><img loading=\"lazy\" decoding=\"async\" width=\"694\" height=\"500\" data-id=\"123495\" src=\"https:\/\/elmetropolitano.com.gt\/es\/wp-content\/uploads\/2026\/03\/648648628_1482310507228361_3368573319186873239_n.jpg\" alt=\"\" class=\"wp-image-123495\" srcset=\"https:\/\/elmetropolitano.com.gt\/es\/wp-content\/uploads\/2026\/03\/648648628_1482310507228361_3368573319186873239_n.jpg 694w, https:\/\/elmetropolitano.com.gt\/es\/wp-content\/uploads\/2026\/03\/648648628_1482310507228361_3368573319186873239_n-300x216.jpg 300w\" sizes=\"auto, (max-width: 694px) 100vw, 694px\" \/><\/figure>\n\n\n\n<figure class=\"wp-block-image size-large\"><img loading=\"lazy\" decoding=\"async\" width=\"1024\" height=\"682\" data-id=\"123498\" src=\"https:\/\/elmetropolitano.com.gt\/es\/wp-content\/uploads\/2026\/03\/649197113_1482310650561680_1996391030963238154_n-1024x682.jpg\" alt=\"\" class=\"wp-image-123498\" srcset=\"https:\/\/elmetropolitano.com.gt\/es\/wp-content\/uploads\/2026\/03\/649197113_1482310650561680_1996391030963238154_n-1024x682.jpg 1024w, https:\/\/elmetropolitano.com.gt\/es\/wp-content\/uploads\/2026\/03\/649197113_1482310650561680_1996391030963238154_n-300x200.jpg 300w, https:\/\/elmetropolitano.com.gt\/es\/wp-content\/uploads\/2026\/03\/649197113_1482310650561680_1996391030963238154_n-768x512.jpg 768w, https:\/\/elmetropolitano.com.gt\/es\/wp-content\/uploads\/2026\/03\/649197113_1482310650561680_1996391030963238154_n.jpg 1280w\" sizes=\"auto, (max-width: 1024px) 100vw, 1024px\" \/><\/figure>\n<\/figure>\n","protected":false},"excerpt":{"rendered":"<p>En una inmediata reacci\u00f3n policial tras una alerta ciudadana, polic\u00edas de la comisar\u00eda 11 capturaron a cinco presuntos saqueadores en la 1\u00aa avenida y 21 calle, zona 1, cuando se encontraban dentro de una bodega sustrayendo cajas con zapatos. Los detenidos son Israel de 45 a\u00f1os, alias \u201cNegro\u201d, quien registra un antecedente por violencia contra <a class=\"read-more\" href=\"https:\/\/elmetropolitano.com.gt\/es\/capturan-a-cinco-presuntos-saqueadores-en-flagrancia-en-la-zona-1-capitalina\/\">Leer m\u00e1s<\/a><\/p>\n","protected":false},"author":1,"featured_media":123494,"comment_status":"open","ping_status":"closed","sticky":false,"template":"","format":"standard","meta":{"footnotes":""},"categories":[2],"tags":[12],"class_list":["post-123493","post","type-post","status-publish","format-standard","has-post-thumbnail","hentry","category-nacionales","tag-nacionales"],"_links":{"self":[{"href":"https:\/\/elmetropolitano.com.gt\/es\/wp-json\/wp\/v2\/posts\/123493","targetHints":{"allow":["GET"]}}],"collection":[{"href":"https:\/\/elmetropolitano.com.gt\/es\/wp-json\/wp\/v2\/posts"}],"about":[{"href":"https:\/\/elmetropolitano.com.gt\/es\/wp-json\/wp\/v2\/types\/post"}],"author":[{"embeddable":true,"href":"https:\/\/elmetropolitano.com.gt\/es\/wp-json\/wp\/v2\/users\/1"}],"replies":[{"embeddable":true,"href":"https:\/\/elmetropolitano.com.gt\/es\/wp-json\/wp\/v2\/comments?post=123493"}],"version-history":[{"count":1,"href":"https:\/\/elmetropolitano.com.gt\/es\/wp-json\/wp\/v2\/posts\/123493\/revisions"}],"predecessor-version":[{"id":123499,"href":"https:\/\/elmetropolitano.com.gt\/es\/wp-json\/wp\/v2\/posts\/123493\/revisions\/123499"}],"wp:featuredmedia":[{"embeddable":true,"href":"https:\/\/elmetropolitano.com.gt\/es\/wp-json\/wp\/v2\/media\/123494"}],"wp:attachment":[{"href":"https:\/\/elmetropolitano.com.gt\/es\/wp-json\/wp\/v2\/media?parent=123493"}],"wp:term":[{"taxonomy":"category","embeddable":true,"href":"https:\/\/elmetropolitano.com.gt\/es\/wp-json\/wp\/v2\/categories?post=123493"},{"taxonomy":"post_tag","embeddable":true,"href":"https:\/\/elmetropolitano.com.gt\/es\/wp-json\/wp\/v2\/tags?post=123493"}],"curies":[{"name":"wp","href":"https:\/\/api.w.org\/{rel}","templated":true}]}}