{"id":123500,"date":"2026-03-08T14:46:22","date_gmt":"2026-03-08T20:46:22","guid":{"rendered":"https:\/\/elmetropolitano.com.gt\/es\/?p=123500"},"modified":"2026-03-08T14:46:24","modified_gmt":"2026-03-08T20:46:24","slug":"partido-victoria-revisa-los-objetivos-de-comunicacion-y-construccion-programatica","status":"publish","type":"post","link":"https:\/\/elmetropolitano.com.gt\/es\/partido-victoria-revisa-los-objetivos-de-comunicacion-y-construccion-programatica\/","title":{"rendered":"Partido Victoria revisa los objetivos de comunicaci\u00f3n y construcci\u00f3n program\u00e1tica"},"content":{"rendered":"\n<p>El Secretario Nacional del Partido Victoria, Abraham Rivera, sostuvo una reuni\u00f3n de trabajo con integrantes del Comit\u00e9 Ejecutivo Nacional para revisar los objetivos de comunicaci\u00f3n pol\u00edtica de la organizaci\u00f3n para el per\u00edodo 2025\u20132026.<\/p>\n\n\n\n<p>En la reuni\u00f3n participaron Mois\u00e9s Padilla, secretario de formaci\u00f3n pol\u00edtica; Jos\u00e9 Alexander Morales, secretario de redes sociales; y Esvin L\u00f3pez, secretario de actas, con quienes se analizaron los mecanismos para divulgar el programa pol\u00edtico que el partido se encuentra construyendo a trav\u00e9s de un proceso t\u00e9cnico y participativo.<\/p><div class=\"elmet-contenido\" id=\"elmet-2863998363\"><div class=\"elmet-adlabel\">Anuncios<\/div><div style=\"margin-top: 20px;margin-right: 20px;margin-bottom: 20px;margin-left: 20px;\" id=\"elmet-790784948\"><a href=\"https:\/\/www.facebook.com\/arrincuanantigua\/\" aria-label=\"cintillo-arrin-cual\"><img loading=\"lazy\" decoding=\"async\" src=\"https:\/\/elmetropolitano.com.gt\/es\/wp-content\/uploads\/2021\/11\/cintillo-arrin-cual-1.jpg\" alt=\"\"  srcset=\"https:\/\/elmetropolitano.com.gt\/es\/wp-content\/uploads\/2021\/11\/cintillo-arrin-cual-1.jpg 750w, https:\/\/elmetropolitano.com.gt\/es\/wp-content\/uploads\/2021\/11\/cintillo-arrin-cual-1-300x36.jpg 300w, https:\/\/elmetropolitano.com.gt\/es\/wp-content\/uploads\/2021\/11\/cintillo-arrin-cual-1-600x72.jpg 600w\" sizes=\"(max-width: 750px) 100vw, 750px\" width=\"750\" height=\"90\"   \/><\/a><\/div><\/div>\n\n\n\n<p>Rivera explic\u00f3 que el prop\u00f3sito es presentar propuestas serias y realizables orientadas a generar oportunidades y fortalecer la seguridad de las familias guatemaltecas, mediante una narrativa basada en hechos y orientada al di\u00e1logo con la sociedad.<\/p>\n\n\n\n<p>Dentro de los ejes de discusi\u00f3n se abordaron temas relacionados con oportunidades para j\u00f3venes, educaci\u00f3n t\u00e9cnica, seguridad, desarrollo econ\u00f3mico familiar, atenci\u00f3n a la pobreza y fortalecimiento de la clase media, as\u00ed como el dise\u00f1o de programas dirigidos a mujeres trabajadoras y emprendedoras.<\/p>\n\n\n\n<p>El dirigente tambi\u00e9n destac\u00f3 la importancia de involucrar liderazgos comunitarios municipales en la discusi\u00f3n de propuestas y anunci\u00f3 que el partido continuar\u00e1 realizando mesas t\u00e9cnicas y espacios de di\u00e1logo con distintos sectores sociales para enriquecer su programa pol\u00edtico.<\/p>\n\n\n\n<p>\u201cSeguimos trabajando en la construcci\u00f3n de ideas claras y realizables que contribuyan al desarrollo del pa\u00eds y al bienestar de las comunidades\u201d, se\u00f1al\u00f3 Rivera.<\/p>\n\n\n\n<p><a href=\"https:\/\/www.facebook.com\/hashtag\/partidovictoria?__eep__=6&amp;__cft__[0]=AZZVM_MAgQBH8QNUBbrH0I3BI2Alvv4x8XXcw_24JjBQimx7-ue1LqxS6HsRSaBai15rnw8Dt0clx2uNsclXpke2HFYkMyv2NXd0hMbtp2I3ZtHW0jVeRkaWyuJjzw8K8HvfmSVYl0xhGBIezqBs_YA5LaiwQgcsEeQleJJo8eRfeQdOUJQ2Ch4E16R9FiXsb6w&amp;__tn__=*NK-R\">#PartidoVictoria<\/a><a href=\"https:\/\/www.facebook.com\/hashtag\/metroredes?__eep__=6&amp;__cft__[0]=AZZVM_MAgQBH8QNUBbrH0I3BI2Alvv4x8XXcw_24JjBQimx7-ue1LqxS6HsRSaBai15rnw8Dt0clx2uNsclXpke2HFYkMyv2NXd0hMbtp2I3ZtHW0jVeRkaWyuJjzw8K8HvfmSVYl0xhGBIezqBs_YA5LaiwQgcsEeQleJJo8eRfeQdOUJQ2Ch4E16R9FiXsb6w&amp;__tn__=*NK-R\">#Metroredes<\/a><a href=\"https:\/\/www.facebook.com\/hashtag\/a%C3%B1opreelectoral?__eep__=6&amp;__cft__[0]=AZZVM_MAgQBH8QNUBbrH0I3BI2Alvv4x8XXcw_24JjBQimx7-ue1LqxS6HsRSaBai15rnw8Dt0clx2uNsclXpke2HFYkMyv2NXd0hMbtp2I3ZtHW0jVeRkaWyuJjzw8K8HvfmSVYl0xhGBIezqBs_YA5LaiwQgcsEeQleJJo8eRfeQdOUJQ2Ch4E16R9FiXsb6w&amp;__tn__=*NK-R\">#A\u00f1oPreelectoral<\/a><\/p>\n","protected":false},"excerpt":{"rendered":"<p>El Secretario Nacional del Partido Victoria, Abraham Rivera, sostuvo una reuni\u00f3n de trabajo con integrantes del Comit\u00e9 Ejecutivo Nacional para revisar los objetivos de comunicaci\u00f3n pol\u00edtica de la organizaci\u00f3n para el per\u00edodo 2025\u20132026. En la reuni\u00f3n participaron Mois\u00e9s Padilla, secretario de formaci\u00f3n pol\u00edtica; Jos\u00e9 Alexander Morales, secretario de redes sociales; y Esvin L\u00f3pez, secretario de <a class=\"read-more\" href=\"https:\/\/elmetropolitano.com.gt\/es\/partido-victoria-revisa-los-objetivos-de-comunicacion-y-construccion-programatica\/\">Leer m\u00e1s<\/a><\/p>\n","protected":false},"author":1,"featured_media":123501,"comment_status":"open","ping_status":"closed","sticky":false,"template":"","format":"standard","meta":{"footnotes":""},"categories":[2],"tags":[12],"class_list":["post-123500","post","type-post","status-publish","format-standard","has-post-thumbnail","hentry","category-nacionales","tag-nacionales"],"_links":{"self":[{"href":"https:\/\/elmetropolitano.com.gt\/es\/wp-json\/wp\/v2\/posts\/123500","targetHints":{"allow":["GET"]}}],"collection":[{"href":"https:\/\/elmetropolitano.com.gt\/es\/wp-json\/wp\/v2\/posts"}],"about":[{"href":"https:\/\/elmetropolitano.com.gt\/es\/wp-json\/wp\/v2\/types\/post"}],"author":[{"embeddable":true,"href":"https:\/\/elmetropolitano.com.gt\/es\/wp-json\/wp\/v2\/users\/1"}],"replies":[{"embeddable":true,"href":"https:\/\/elmetropolitano.com.gt\/es\/wp-json\/wp\/v2\/comments?post=123500"}],"version-history":[{"count":1,"href":"https:\/\/elmetropolitano.com.gt\/es\/wp-json\/wp\/v2\/posts\/123500\/revisions"}],"predecessor-version":[{"id":123502,"href":"https:\/\/elmetropolitano.com.gt\/es\/wp-json\/wp\/v2\/posts\/123500\/revisions\/123502"}],"wp:featuredmedia":[{"embeddable":true,"href":"https:\/\/elmetropolitano.com.gt\/es\/wp-json\/wp\/v2\/media\/123501"}],"wp:attachment":[{"href":"https:\/\/elmetropolitano.com.gt\/es\/wp-json\/wp\/v2\/media?parent=123500"}],"wp:term":[{"taxonomy":"category","embeddable":true,"href":"https:\/\/elmetropolitano.com.gt\/es\/wp-json\/wp\/v2\/categories?post=123500"},{"taxonomy":"post_tag","embeddable":true,"href":"https:\/\/elmetropolitano.com.gt\/es\/wp-json\/wp\/v2\/tags?post=123500"}],"curies":[{"name":"wp","href":"https:\/\/api.w.org\/{rel}","templated":true}]}}