{"id":123507,"date":"2026-03-09T10:01:44","date_gmt":"2026-03-09T16:01:44","guid":{"rendered":"https:\/\/elmetropolitano.com.gt\/es\/?p=123507"},"modified":"2026-03-09T10:01:45","modified_gmt":"2026-03-09T16:01:45","slug":"caen-asaltantes-robaron-celulares-en-santa-lucia-cotzumalguapa-escuintla","status":"publish","type":"post","link":"https:\/\/elmetropolitano.com.gt\/es\/caen-asaltantes-robaron-celulares-en-santa-lucia-cotzumalguapa-escuintla\/","title":{"rendered":"Caen asaltantes, robaron celulares en Santa Luc\u00eda Cotzumalguapa, Escuintla"},"content":{"rendered":"\n<p>Tras una persecuci\u00f3n que inici\u00f3 en la colonia Ocho de Febrero, Santa Luc\u00eda Cotzumalguapa, Escuintla y que termin\u00f3 en el callej\u00f3n El Palmar I, del mismo municipio, polic\u00edas de la comisar\u00eda 35 capturaron a dos presuntos asaltantes que adem\u00e1s hu\u00edan en un motocicleta que le fue robada a una persona a quien dieron muerte d\u00edas antes.<\/p>\n\n\n\n<p>Se trata de Gustavo de 29 a\u00f1os, alias \u00abNegro\u00bb, quien tiene un antecedente por violaci\u00f3n del a\u00f1o 2021 y Walter de 27 a\u00f1os, alias \u00abPelucas\u00bb, quienes fueron denunciados y reconocidos plenamente por v\u00edctimas de robo.<\/p><div class=\"elmet-contenido\" id=\"elmet-1598827070\"><div class=\"elmet-adlabel\">Anuncios<\/div><div style=\"margin-top: 20px;margin-right: 20px;margin-bottom: 20px;margin-left: 20px;\" id=\"elmet-2695740007\"><a href=\"https:\/\/www.facebook.com\/arrincuanantigua\/\" aria-label=\"cintillo-arrin-cual\"><img loading=\"lazy\" decoding=\"async\" src=\"https:\/\/elmetropolitano.com.gt\/es\/wp-content\/uploads\/2021\/11\/cintillo-arrin-cual-1.jpg\" alt=\"\"  srcset=\"https:\/\/elmetropolitano.com.gt\/es\/wp-content\/uploads\/2021\/11\/cintillo-arrin-cual-1.jpg 750w, https:\/\/elmetropolitano.com.gt\/es\/wp-content\/uploads\/2021\/11\/cintillo-arrin-cual-1-300x36.jpg 300w, https:\/\/elmetropolitano.com.gt\/es\/wp-content\/uploads\/2021\/11\/cintillo-arrin-cual-1-600x72.jpg 600w\" sizes=\"(max-width: 750px) 100vw, 750px\" width=\"750\" height=\"90\"   \/><\/a><\/div><\/div>\n\n\n\n<p>Al momento de la captura se les incautaron seis celulares, dos billeteras y fueron reconocidos por las personas que fueron v\u00edctimas del robo.<\/p>\n\n\n\n<p>Ambos escapaban en una motocicleta sin placa, la cual fue robada el 23 de febrero, por individuos armados, en el kil\u00f3metro 86, ruta CA9, jurisdicci\u00f3n de Santa Luc\u00eda Cotzumalguapa. Se investiga si estos individuos son los presuntos responsables de haber dado muerte al propietario de la motocicleta al oponerse al robo.<\/p>\n\n\n\n<p><a href=\"https:\/\/www.facebook.com\/hashtag\/pncguatemala?__eep__=6&amp;__cft__[0]=AZaryA-rtW4Q-26_KUZNiU2xWnQxOP9NMCcWgJPWxbWjd77IkLeSjSBEfD2JLE__mbB6zUnBAVs92gKMoPbAvGP-pRRYqXciUov8lrF1nZtfSQs9Gg6Ri2RpXhczCEDip3o8wWO11Ed_YAgqKR30db0F7po5qCZrFa_2j5QHFKJ3VJ8UijwwvhpttUaNe79k74Y&amp;__tn__=*NK-R\">#PNCGuatemala<\/a><a href=\"https:\/\/www.facebook.com\/hashtag\/escuintla?__eep__=6&amp;__cft__[0]=AZaryA-rtW4Q-26_KUZNiU2xWnQxOP9NMCcWgJPWxbWjd77IkLeSjSBEfD2JLE__mbB6zUnBAVs92gKMoPbAvGP-pRRYqXciUov8lrF1nZtfSQs9Gg6Ri2RpXhczCEDip3o8wWO11Ed_YAgqKR30db0F7po5qCZrFa_2j5QHFKJ3VJ8UijwwvhpttUaNe79k74Y&amp;__tn__=*NK-R\">#Escuintla<\/a> <a href=\"https:\/\/www.facebook.com\/hashtag\/seguridadcontransparencia?__eep__=6&amp;__cft__[0]=AZaryA-rtW4Q-26_KUZNiU2xWnQxOP9NMCcWgJPWxbWjd77IkLeSjSBEfD2JLE__mbB6zUnBAVs92gKMoPbAvGP-pRRYqXciUov8lrF1nZtfSQs9Gg6Ri2RpXhczCEDip3o8wWO11Ed_YAgqKR30db0F7po5qCZrFa_2j5QHFKJ3VJ8UijwwvhpttUaNe79k74Y&amp;__tn__=*NK-R\">#SeguridadConTransparencia<\/a> <a href=\"https:\/\/www.facebook.com\/hashtag\/protegeryservir?__eep__=6&amp;__cft__[0]=AZaryA-rtW4Q-26_KUZNiU2xWnQxOP9NMCcWgJPWxbWjd77IkLeSjSBEfD2JLE__mbB6zUnBAVs92gKMoPbAvGP-pRRYqXciUov8lrF1nZtfSQs9Gg6Ri2RpXhczCEDip3o8wWO11Ed_YAgqKR30db0F7po5qCZrFa_2j5QHFKJ3VJ8UijwwvhpttUaNe79k74Y&amp;__tn__=*NK-R\">#ProtegerYServir<\/a><\/p>\n\n\n\n<figure class=\"wp-block-gallery has-nested-images columns-default is-cropped wp-block-gallery-1 is-layout-flex wp-block-gallery-is-layout-flex\">\n<figure class=\"wp-block-image size-large\"><img loading=\"lazy\" decoding=\"async\" width=\"1024\" height=\"683\" data-id=\"123511\" src=\"https:\/\/elmetropolitano.com.gt\/es\/wp-content\/uploads\/2026\/03\/648677919_1483100467149365_7980164022701301637_n-1-1024x683.jpg\" alt=\"\" class=\"wp-image-123511\" srcset=\"https:\/\/elmetropolitano.com.gt\/es\/wp-content\/uploads\/2026\/03\/648677919_1483100467149365_7980164022701301637_n-1-1024x683.jpg 1024w, https:\/\/elmetropolitano.com.gt\/es\/wp-content\/uploads\/2026\/03\/648677919_1483100467149365_7980164022701301637_n-1-300x200.jpg 300w, https:\/\/elmetropolitano.com.gt\/es\/wp-content\/uploads\/2026\/03\/648677919_1483100467149365_7980164022701301637_n-1-768x512.jpg 768w, https:\/\/elmetropolitano.com.gt\/es\/wp-content\/uploads\/2026\/03\/648677919_1483100467149365_7980164022701301637_n-1-1536x1024.jpg 1536w, https:\/\/elmetropolitano.com.gt\/es\/wp-content\/uploads\/2026\/03\/648677919_1483100467149365_7980164022701301637_n-1.jpg 1599w\" sizes=\"auto, (max-width: 1024px) 100vw, 1024px\" \/><\/figure>\n\n\n\n<figure class=\"wp-block-image size-large\"><img loading=\"lazy\" decoding=\"async\" width=\"800\" height=\"533\" data-id=\"123510\" src=\"https:\/\/elmetropolitano.com.gt\/es\/wp-content\/uploads\/2026\/03\/649343832_1483097913816287_528255337184736380_n.jpg\" alt=\"\" class=\"wp-image-123510\" srcset=\"https:\/\/elmetropolitano.com.gt\/es\/wp-content\/uploads\/2026\/03\/649343832_1483097913816287_528255337184736380_n.jpg 800w, https:\/\/elmetropolitano.com.gt\/es\/wp-content\/uploads\/2026\/03\/649343832_1483097913816287_528255337184736380_n-300x200.jpg 300w, https:\/\/elmetropolitano.com.gt\/es\/wp-content\/uploads\/2026\/03\/649343832_1483097913816287_528255337184736380_n-768x512.jpg 768w\" sizes=\"auto, (max-width: 800px) 100vw, 800px\" \/><\/figure>\n\n\n\n<figure class=\"wp-block-image size-large\"><img loading=\"lazy\" decoding=\"async\" width=\"800\" height=\"533\" data-id=\"123509\" src=\"https:\/\/elmetropolitano.com.gt\/es\/wp-content\/uploads\/2026\/03\/649346917_1483097950482950_7128071608604132449_n.jpg\" alt=\"\" class=\"wp-image-123509\" srcset=\"https:\/\/elmetropolitano.com.gt\/es\/wp-content\/uploads\/2026\/03\/649346917_1483097950482950_7128071608604132449_n.jpg 800w, https:\/\/elmetropolitano.com.gt\/es\/wp-content\/uploads\/2026\/03\/649346917_1483097950482950_7128071608604132449_n-300x200.jpg 300w, https:\/\/elmetropolitano.com.gt\/es\/wp-content\/uploads\/2026\/03\/649346917_1483097950482950_7128071608604132449_n-768x512.jpg 768w\" sizes=\"auto, (max-width: 800px) 100vw, 800px\" \/><\/figure>\n<\/figure>\n","protected":false},"excerpt":{"rendered":"<p>Tras una persecuci\u00f3n que inici\u00f3 en la colonia Ocho de Febrero, Santa Luc\u00eda Cotzumalguapa, Escuintla y que termin\u00f3 en el callej\u00f3n El Palmar I, del mismo municipio, polic\u00edas de la comisar\u00eda 35 capturaron a dos presuntos asaltantes que adem\u00e1s hu\u00edan en un motocicleta que le fue robada a una persona a quien dieron muerte d\u00edas <a class=\"read-more\" href=\"https:\/\/elmetropolitano.com.gt\/es\/caen-asaltantes-robaron-celulares-en-santa-lucia-cotzumalguapa-escuintla\/\">Leer m\u00e1s<\/a><\/p>\n","protected":false},"author":1,"featured_media":123508,"comment_status":"open","ping_status":"closed","sticky":false,"template":"","format":"standard","meta":{"footnotes":""},"categories":[4],"tags":[13],"class_list":["post-123507","post","type-post","status-publish","format-standard","has-post-thumbnail","hentry","category-departamentales","tag-departamentales"],"_links":{"self":[{"href":"https:\/\/elmetropolitano.com.gt\/es\/wp-json\/wp\/v2\/posts\/123507","targetHints":{"allow":["GET"]}}],"collection":[{"href":"https:\/\/elmetropolitano.com.gt\/es\/wp-json\/wp\/v2\/posts"}],"about":[{"href":"https:\/\/elmetropolitano.com.gt\/es\/wp-json\/wp\/v2\/types\/post"}],"author":[{"embeddable":true,"href":"https:\/\/elmetropolitano.com.gt\/es\/wp-json\/wp\/v2\/users\/1"}],"replies":[{"embeddable":true,"href":"https:\/\/elmetropolitano.com.gt\/es\/wp-json\/wp\/v2\/comments?post=123507"}],"version-history":[{"count":1,"href":"https:\/\/elmetropolitano.com.gt\/es\/wp-json\/wp\/v2\/posts\/123507\/revisions"}],"predecessor-version":[{"id":123512,"href":"https:\/\/elmetropolitano.com.gt\/es\/wp-json\/wp\/v2\/posts\/123507\/revisions\/123512"}],"wp:featuredmedia":[{"embeddable":true,"href":"https:\/\/elmetropolitano.com.gt\/es\/wp-json\/wp\/v2\/media\/123508"}],"wp:attachment":[{"href":"https:\/\/elmetropolitano.com.gt\/es\/wp-json\/wp\/v2\/media?parent=123507"}],"wp:term":[{"taxonomy":"category","embeddable":true,"href":"https:\/\/elmetropolitano.com.gt\/es\/wp-json\/wp\/v2\/categories?post=123507"},{"taxonomy":"post_tag","embeddable":true,"href":"https:\/\/elmetropolitano.com.gt\/es\/wp-json\/wp\/v2\/tags?post=123507"}],"curies":[{"name":"wp","href":"https:\/\/api.w.org\/{rel}","templated":true}]}}