{"id":123516,"date":"2026-03-10T14:42:15","date_gmt":"2026-03-10T20:42:15","guid":{"rendered":"https:\/\/elmetropolitano.com.gt\/es\/?p=123516"},"modified":"2026-03-10T14:42:16","modified_gmt":"2026-03-10T20:42:16","slug":"el-aumento-de-precios-del-combustible-es-injustificado-indico-el-presidente-arevalo","status":"publish","type":"post","link":"https:\/\/elmetropolitano.com.gt\/es\/el-aumento-de-precios-del-combustible-es-injustificado-indico-el-presidente-arevalo\/","title":{"rendered":"El aumento de precios del combustible es injustificado, indic\u00f3 el Presidente Ar\u00e9valo"},"content":{"rendered":"\n<p>Ante el aumento de los precios en el combustible en el pa\u00eds, el presidente Bernardo Ar\u00e9valo afirm\u00f3 durante La Ronda de este lunes que este no se debe a un impacto en el mercado, sino a mera especulaci\u00f3n.<\/p>\n\n\n\n<p>\u201cHay gente que est\u00e1 aprovech\u00e1ndose del hecho de la noticia de la guerra en el golfo y el aumento de los precios del petr\u00f3leo est\u00e1 en la mesa de todo el mundo para tratar de empujar una campa\u00f1a de especulaci\u00f3n y de alzas que no tienen una justificaci\u00f3n real\u201d expres\u00f3 el presidente Ar\u00e9valo en el Palacio Nacional<\/p><div class=\"elmet-contenido\" id=\"elmet-1573042083\"><div class=\"elmet-adlabel\">Anuncios<\/div><div style=\"margin-top: 20px;margin-right: 20px;margin-bottom: 20px;margin-left: 20px;\" id=\"elmet-3095262612\"><a href=\"https:\/\/www.facebook.com\/arrincuanantigua\/\" aria-label=\"cintillo-arrin-cual\"><img loading=\"lazy\" decoding=\"async\" src=\"https:\/\/elmetropolitano.com.gt\/es\/wp-content\/uploads\/2021\/11\/cintillo-arrin-cual-1.jpg\" alt=\"\"  srcset=\"https:\/\/elmetropolitano.com.gt\/es\/wp-content\/uploads\/2021\/11\/cintillo-arrin-cual-1.jpg 750w, https:\/\/elmetropolitano.com.gt\/es\/wp-content\/uploads\/2021\/11\/cintillo-arrin-cual-1-300x36.jpg 300w, https:\/\/elmetropolitano.com.gt\/es\/wp-content\/uploads\/2021\/11\/cintillo-arrin-cual-1-600x72.jpg 600w\" sizes=\"(max-width: 750px) 100vw, 750px\" width=\"750\" height=\"90\"   \/><\/a><\/div><\/div>\n\n\n\n<p>Asimismo, enfatiz\u00f3 que los efectos del precio del petr\u00f3leo no deber\u00edan afectar al pa\u00eds sino hasta dentro de dos y 12 meses, por lo que el aumento de precios actual no es justificable.<\/p>\n\n\n\n<p>Hasta el momento Guatemala no presenta problemas en abastecimiento, sino problemas de especulaci\u00f3n, reiter\u00f3.<\/p>\n\n\n\n<p>Monitoreo de precios con el Plan Centinela<\/p>\n\n\n\n<p>El Presidente asegur\u00f3 que para abordar este problema el Gobierno aplica una estrategia de monitoreo de precios en gasolineras y dem\u00e1s distribuidoras de derivados de petr\u00f3leo a trav\u00e9s del Plan Centinela de la Direcci\u00f3n de Atenci\u00f3n y Asistencia al Consumidor (Diaco), con el apoyo del Ministerio de Econom\u00eda (Mineco), el Ministerio de Gobernaci\u00f3n (Mingob), Ministerio de Energ\u00eda y Minas (MEM), Procuradur\u00eda de Derechos Humanos (PDH) y la Superintendencia de Administraci\u00f3n Tributaria (SAT).<\/p>\n\n\n\n<p>A trav\u00e9s de este mecanismo conjunto se busca identificar tanto a responsables como a los procedimientos de la manipulaci\u00f3n de precios, acaparamiento y especulaci\u00f3n que est\u00e1n favoreciendo el aumento injustificado del combustible en Guatemala.<\/p>\n\n\n\n<p>Luego de identificar a los responsables, el mandatario indic\u00f3 que se proceder\u00e1 con las denuncias correspondientes ante el Ministerio P\u00fablico.<\/p>\n\n\n\n<p>Estas acciones se desarrollan con el fin de no afectar la econom\u00eda de los guatemaltecos, asegurando un mercado justo y transparente.<\/p>\n\n\n\n<p><a href=\"https:\/\/www.facebook.com\/hashtag\/gasolinagt?__eep__=6&amp;__cft__[0]=AZbq8SWwUXE1SjeQpiTLqwxMIXClWsvK5AX81IbhmyYL2j2buYRTbEVq15wW-GlU8AM4fPYljlQ-CrmOsPF9YOVrI0w1z3Mh6O2wTa8bEkZpZRjkhkQCTG4-I7QP1PUwA-9GyvnR_RcgUAEvmCeAQmT2h9dngUAFsxDYX1AEHsXjezhTE7jGo83JvxLxzEJL-Ts&amp;__tn__=*NK-R\">#GasolinaGT<\/a><a href=\"https:\/\/www.facebook.com\/hashtag\/metroredes?__eep__=6&amp;__cft__[0]=AZbq8SWwUXE1SjeQpiTLqwxMIXClWsvK5AX81IbhmyYL2j2buYRTbEVq15wW-GlU8AM4fPYljlQ-CrmOsPF9YOVrI0w1z3Mh6O2wTa8bEkZpZRjkhkQCTG4-I7QP1PUwA-9GyvnR_RcgUAEvmCeAQmT2h9dngUAFsxDYX1AEHsXjezhTE7jGo83JvxLxzEJL-Ts&amp;__tn__=*NK-R\">#metroredes<\/a><a href=\"https:\/\/www.facebook.com\/hashtag\/guerrairan?__eep__=6&amp;__cft__[0]=AZbq8SWwUXE1SjeQpiTLqwxMIXClWsvK5AX81IbhmyYL2j2buYRTbEVq15wW-GlU8AM4fPYljlQ-CrmOsPF9YOVrI0w1z3Mh6O2wTa8bEkZpZRjkhkQCTG4-I7QP1PUwA-9GyvnR_RcgUAEvmCeAQmT2h9dngUAFsxDYX1AEHsXjezhTE7jGo83JvxLxzEJL-Ts&amp;__tn__=*NK-R\">#GuerraIran<\/a><a href=\"https:\/\/www.facebook.com\/hashtag\/elfinancierogt?__eep__=6&amp;__cft__[0]=AZbq8SWwUXE1SjeQpiTLqwxMIXClWsvK5AX81IbhmyYL2j2buYRTbEVq15wW-GlU8AM4fPYljlQ-CrmOsPF9YOVrI0w1z3Mh6O2wTa8bEkZpZRjkhkQCTG4-I7QP1PUwA-9GyvnR_RcgUAEvmCeAQmT2h9dngUAFsxDYX1AEHsXjezhTE7jGo83JvxLxzEJL-Ts&amp;__tn__=*NK-R\">#elfinancierogt<\/a><a href=\"https:\/\/www.facebook.com\/hashtag\/petroleo?__eep__=6&amp;__cft__[0]=AZbq8SWwUXE1SjeQpiTLqwxMIXClWsvK5AX81IbhmyYL2j2buYRTbEVq15wW-GlU8AM4fPYljlQ-CrmOsPF9YOVrI0w1z3Mh6O2wTa8bEkZpZRjkhkQCTG4-I7QP1PUwA-9GyvnR_RcgUAEvmCeAQmT2h9dngUAFsxDYX1AEHsXjezhTE7jGo83JvxLxzEJL-Ts&amp;__tn__=*NK-R\">#Petroleo<\/a><\/p>\n\n\n\n<figure class=\"wp-block-gallery has-nested-images columns-default is-cropped wp-block-gallery-1 is-layout-flex wp-block-gallery-is-layout-flex\">\n<figure class=\"wp-block-image size-large\"><img loading=\"lazy\" decoding=\"async\" width=\"1024\" height=\"683\" data-id=\"123519\" src=\"https:\/\/elmetropolitano.com.gt\/es\/wp-content\/uploads\/2026\/03\/648295131_1483530967106315_6407941448796871876_n-1024x683.jpg\" alt=\"\" class=\"wp-image-123519\" srcset=\"https:\/\/elmetropolitano.com.gt\/es\/wp-content\/uploads\/2026\/03\/648295131_1483530967106315_6407941448796871876_n-1024x683.jpg 1024w, https:\/\/elmetropolitano.com.gt\/es\/wp-content\/uploads\/2026\/03\/648295131_1483530967106315_6407941448796871876_n-300x200.jpg 300w, https:\/\/elmetropolitano.com.gt\/es\/wp-content\/uploads\/2026\/03\/648295131_1483530967106315_6407941448796871876_n-768x512.jpg 768w, https:\/\/elmetropolitano.com.gt\/es\/wp-content\/uploads\/2026\/03\/648295131_1483530967106315_6407941448796871876_n.jpg 1200w\" sizes=\"auto, (max-width: 1024px) 100vw, 1024px\" \/><\/figure>\n\n\n\n<figure class=\"wp-block-image size-large\"><img loading=\"lazy\" decoding=\"async\" width=\"1024\" height=\"512\" data-id=\"123518\" src=\"https:\/\/elmetropolitano.com.gt\/es\/wp-content\/uploads\/2026\/03\/648806275_1483530970439648_271372199118130480_n-1-1024x512.jpg\" alt=\"\" class=\"wp-image-123518\" srcset=\"https:\/\/elmetropolitano.com.gt\/es\/wp-content\/uploads\/2026\/03\/648806275_1483530970439648_271372199118130480_n-1-1024x512.jpg 1024w, https:\/\/elmetropolitano.com.gt\/es\/wp-content\/uploads\/2026\/03\/648806275_1483530970439648_271372199118130480_n-1-300x150.jpg 300w, https:\/\/elmetropolitano.com.gt\/es\/wp-content\/uploads\/2026\/03\/648806275_1483530970439648_271372199118130480_n-1-768x384.jpg 768w, https:\/\/elmetropolitano.com.gt\/es\/wp-content\/uploads\/2026\/03\/648806275_1483530970439648_271372199118130480_n-1.jpg 1140w\" sizes=\"auto, (max-width: 1024px) 100vw, 1024px\" \/><\/figure>\n<\/figure>\n","protected":false},"excerpt":{"rendered":"<p>Ante el aumento de los precios en el combustible en el pa\u00eds, el presidente Bernardo Ar\u00e9valo afirm\u00f3 durante La Ronda de este lunes que este no se debe a un impacto en el mercado, sino a mera especulaci\u00f3n. \u201cHay gente que est\u00e1 aprovech\u00e1ndose del hecho de la noticia de la guerra en el golfo y <a class=\"read-more\" href=\"https:\/\/elmetropolitano.com.gt\/es\/el-aumento-de-precios-del-combustible-es-injustificado-indico-el-presidente-arevalo\/\">Leer m\u00e1s<\/a><\/p>\n","protected":false},"author":1,"featured_media":123517,"comment_status":"open","ping_status":"closed","sticky":false,"template":"","format":"standard","meta":{"footnotes":""},"categories":[2],"tags":[12],"class_list":["post-123516","post","type-post","status-publish","format-standard","has-post-thumbnail","hentry","category-nacionales","tag-nacionales"],"_links":{"self":[{"href":"https:\/\/elmetropolitano.com.gt\/es\/wp-json\/wp\/v2\/posts\/123516","targetHints":{"allow":["GET"]}}],"collection":[{"href":"https:\/\/elmetropolitano.com.gt\/es\/wp-json\/wp\/v2\/posts"}],"about":[{"href":"https:\/\/elmetropolitano.com.gt\/es\/wp-json\/wp\/v2\/types\/post"}],"author":[{"embeddable":true,"href":"https:\/\/elmetropolitano.com.gt\/es\/wp-json\/wp\/v2\/users\/1"}],"replies":[{"embeddable":true,"href":"https:\/\/elmetropolitano.com.gt\/es\/wp-json\/wp\/v2\/comments?post=123516"}],"version-history":[{"count":1,"href":"https:\/\/elmetropolitano.com.gt\/es\/wp-json\/wp\/v2\/posts\/123516\/revisions"}],"predecessor-version":[{"id":123520,"href":"https:\/\/elmetropolitano.com.gt\/es\/wp-json\/wp\/v2\/posts\/123516\/revisions\/123520"}],"wp:featuredmedia":[{"embeddable":true,"href":"https:\/\/elmetropolitano.com.gt\/es\/wp-json\/wp\/v2\/media\/123517"}],"wp:attachment":[{"href":"https:\/\/elmetropolitano.com.gt\/es\/wp-json\/wp\/v2\/media?parent=123516"}],"wp:term":[{"taxonomy":"category","embeddable":true,"href":"https:\/\/elmetropolitano.com.gt\/es\/wp-json\/wp\/v2\/categories?post=123516"},{"taxonomy":"post_tag","embeddable":true,"href":"https:\/\/elmetropolitano.com.gt\/es\/wp-json\/wp\/v2\/tags?post=123516"}],"curies":[{"name":"wp","href":"https:\/\/api.w.org\/{rel}","templated":true}]}}