{"id":123521,"date":"2026-03-10T14:44:20","date_gmt":"2026-03-10T20:44:20","guid":{"rendered":"https:\/\/elmetropolitano.com.gt\/es\/?p=123521"},"modified":"2026-03-10T14:44:21","modified_gmt":"2026-03-10T20:44:21","slug":"wyatt-trujillo-y-amilcar-rivera-inician-visitas-comunitarias-en-colonias-de-mixco-con-mensaje-de-planificacion-y-futuro","status":"publish","type":"post","link":"https:\/\/elmetropolitano.com.gt\/es\/wyatt-trujillo-y-amilcar-rivera-inician-visitas-comunitarias-en-colonias-de-mixco-con-mensaje-de-planificacion-y-futuro\/","title":{"rendered":"Wyatt Trujillo y Am\u00edlcar Rivera inician visitas comunitarias en colonias de Mixco con mensaje de planificaci\u00f3n y futuro"},"content":{"rendered":"\n<p>El emprendedor, empresario y deportista mixque\u00f1o Wyatt Trujillo, acompa\u00f1ado por Am\u00edlcar Rivera, inici\u00f3 una serie de visitas a distintas colonias del municipio con el objetivo de dialogar directamente con vecinos sobre el futuro de Mixco y la importancia de planificar su crecimiento.<\/p>\n\n\n\n<p>Durante los encuentros realizados recientemente en las colonias La Brigada y El Milagro, ambos compartieron con los vecinos un mensaje centrado en la inspiraci\u00f3n, la planificaci\u00f3n urbana y la necesidad de pensar en el desarrollo del municipio a largo plazo.<\/p><div class=\"elmet-contenido\" id=\"elmet-3448356930\"><div class=\"elmet-adlabel\">Anuncios<\/div><div style=\"margin-top: 20px;margin-right: 20px;margin-bottom: 20px;margin-left: 20px;\" id=\"elmet-674852545\"><a href=\"https:\/\/www.facebook.com\/arrincuanantigua\/\" aria-label=\"cintillo-arrin-cual\"><img loading=\"lazy\" decoding=\"async\" src=\"https:\/\/elmetropolitano.com.gt\/es\/wp-content\/uploads\/2021\/11\/cintillo-arrin-cual-1.jpg\" alt=\"\"  srcset=\"https:\/\/elmetropolitano.com.gt\/es\/wp-content\/uploads\/2021\/11\/cintillo-arrin-cual-1.jpg 750w, https:\/\/elmetropolitano.com.gt\/es\/wp-content\/uploads\/2021\/11\/cintillo-arrin-cual-1-300x36.jpg 300w, https:\/\/elmetropolitano.com.gt\/es\/wp-content\/uploads\/2021\/11\/cintillo-arrin-cual-1-600x72.jpg 600w\" sizes=\"(max-width: 750px) 100vw, 750px\" width=\"750\" height=\"90\"   \/><\/a><\/div><\/div>\n\n\n\n<p>A diferencia de los discursos pol\u00edticos tradicionales, la conversaci\u00f3n con los vecinos se enfoc\u00f3 en propuestas y reflexiones sobre el futuro del municipio, evitando ataques o confrontaciones con la actual administraci\u00f3n municipal.<\/p>\n\n\n\n<p>En sus intervenciones, Trujillo y Rivera destacaron la importancia de que Mixco cuente con una visi\u00f3n de desarrollo ordenado, que permita enfrentar los retos del crecimiento poblacional y urbano.<\/p>\n\n\n\n<p>Entre los temas abordados con los vecinos se mencion\u00f3 la necesidad de impulsar un Plan Maestro de Ordenamiento Territorial, la protecci\u00f3n de los recursos naturales del municipio, y la construcci\u00f3n de un plan integral de agua que garantice el abastecimiento para los pr\u00f3ximos veinte a\u00f1os.<\/p>\n\n\n\n<p>Durante las reuniones tambi\u00e9n se inform\u00f3 que el movimiento ha sumado esfuerzos con el doctor Edmont Mulet, quien se espera que visite el municipio de Mixco durante el mes de abril para participar en encuentros con vecinos y continuar promoviendo una visi\u00f3n de desarrollo sostenible para el municipio.<\/p>\n\n\n\n<p>Las visitas comunitarias continuar\u00e1n en diferentes sectores de Mixco en las pr\u00f3ximas semanas, con el objetivo de escuchar a los vecinos y promover una conversaci\u00f3n sobre el futuro y la planificaci\u00f3n del municipio.<\/p>\n\n\n\n<p><a href=\"https:\/\/www.facebook.com\/hashtag\/mixco?__eep__=6&amp;__cft__[0]=AZbr8jjt0C8kv83hSqM29xeSQQGl6pjj2J095j08abmqfxSSx5I6yIIWQQJaPr3TljUvSXcH4JAOBSONkpIoULwui4MVZMr4FI_HsY-3IrEUzdojuZmfmTr0ci9q_JyIFfsbwF-LRXEC25SbRm8N9CHGXnR1NmACO3NbSIRLinlH0mViACQjBEEiR5st8nEztFE&amp;__tn__=*NK-R\">#Mixco<\/a><a href=\"https:\/\/www.facebook.com\/hashtag\/tierradecampeones?__eep__=6&amp;__cft__[0]=AZbr8jjt0C8kv83hSqM29xeSQQGl6pjj2J095j08abmqfxSSx5I6yIIWQQJaPr3TljUvSXcH4JAOBSONkpIoULwui4MVZMr4FI_HsY-3IrEUzdojuZmfmTr0ci9q_JyIFfsbwF-LRXEC25SbRm8N9CHGXnR1NmACO3NbSIRLinlH0mViACQjBEEiR5st8nEztFE&amp;__tn__=*NK-R\">#Tierradecampeones<\/a><a href=\"https:\/\/www.facebook.com\/hashtag\/metroredes?__eep__=6&amp;__cft__[0]=AZbr8jjt0C8kv83hSqM29xeSQQGl6pjj2J095j08abmqfxSSx5I6yIIWQQJaPr3TljUvSXcH4JAOBSONkpIoULwui4MVZMr4FI_HsY-3IrEUzdojuZmfmTr0ci9q_JyIFfsbwF-LRXEC25SbRm8N9CHGXnR1NmACO3NbSIRLinlH0mViACQjBEEiR5st8nEztFE&amp;__tn__=*NK-R\">#metroredes<\/a><\/p>\n\n\n\n<figure class=\"wp-block-gallery has-nested-images columns-default is-cropped wp-block-gallery-1 is-layout-flex wp-block-gallery-is-layout-flex\">\n<figure class=\"wp-block-image size-large\"><img loading=\"lazy\" decoding=\"async\" width=\"1024\" height=\"682\" data-id=\"123524\" src=\"https:\/\/elmetropolitano.com.gt\/es\/wp-content\/uploads\/2026\/03\/648628879_1483549397104472_5507400868035935750_n-1-1024x682.jpg\" alt=\"\" class=\"wp-image-123524\" srcset=\"https:\/\/elmetropolitano.com.gt\/es\/wp-content\/uploads\/2026\/03\/648628879_1483549397104472_5507400868035935750_n-1-1024x682.jpg 1024w, https:\/\/elmetropolitano.com.gt\/es\/wp-content\/uploads\/2026\/03\/648628879_1483549397104472_5507400868035935750_n-1-300x200.jpg 300w, https:\/\/elmetropolitano.com.gt\/es\/wp-content\/uploads\/2026\/03\/648628879_1483549397104472_5507400868035935750_n-1-768x512.jpg 768w, https:\/\/elmetropolitano.com.gt\/es\/wp-content\/uploads\/2026\/03\/648628879_1483549397104472_5507400868035935750_n-1-1536x1023.jpg 1536w, https:\/\/elmetropolitano.com.gt\/es\/wp-content\/uploads\/2026\/03\/648628879_1483549397104472_5507400868035935750_n-1.jpg 1600w\" sizes=\"auto, (max-width: 1024px) 100vw, 1024px\" \/><\/figure>\n\n\n\n<figure class=\"wp-block-image size-large\"><img loading=\"lazy\" decoding=\"async\" width=\"768\" height=\"1024\" data-id=\"123525\" src=\"https:\/\/elmetropolitano.com.gt\/es\/wp-content\/uploads\/2026\/03\/648740974_1483549413771137_3211179540494931957_n-768x1024.jpg\" alt=\"\" class=\"wp-image-123525\" srcset=\"https:\/\/elmetropolitano.com.gt\/es\/wp-content\/uploads\/2026\/03\/648740974_1483549413771137_3211179540494931957_n-768x1024.jpg 768w, https:\/\/elmetropolitano.com.gt\/es\/wp-content\/uploads\/2026\/03\/648740974_1483549413771137_3211179540494931957_n-225x300.jpg 225w, https:\/\/elmetropolitano.com.gt\/es\/wp-content\/uploads\/2026\/03\/648740974_1483549413771137_3211179540494931957_n-1152x1536.jpg 1152w, https:\/\/elmetropolitano.com.gt\/es\/wp-content\/uploads\/2026\/03\/648740974_1483549413771137_3211179540494931957_n.jpg 1200w\" sizes=\"auto, (max-width: 768px) 100vw, 768px\" \/><\/figure>\n\n\n\n<figure class=\"wp-block-image size-large\"><img loading=\"lazy\" decoding=\"async\" width=\"684\" height=\"759\" data-id=\"123523\" src=\"https:\/\/elmetropolitano.com.gt\/es\/wp-content\/uploads\/2026\/03\/649959935_1483549313771147_2540154898369858828_n.jpg\" alt=\"\" class=\"wp-image-123523\" srcset=\"https:\/\/elmetropolitano.com.gt\/es\/wp-content\/uploads\/2026\/03\/649959935_1483549313771147_2540154898369858828_n.jpg 684w, https:\/\/elmetropolitano.com.gt\/es\/wp-content\/uploads\/2026\/03\/649959935_1483549313771147_2540154898369858828_n-270x300.jpg 270w\" sizes=\"auto, (max-width: 684px) 100vw, 684px\" \/><\/figure>\n<\/figure>\n","protected":false},"excerpt":{"rendered":"<p>El emprendedor, empresario y deportista mixque\u00f1o Wyatt Trujillo, acompa\u00f1ado por Am\u00edlcar Rivera, inici\u00f3 una serie de visitas a distintas colonias del municipio con el objetivo de dialogar directamente con vecinos sobre el futuro de Mixco y la importancia de planificar su crecimiento. Durante los encuentros realizados recientemente en las colonias La Brigada y El Milagro, <a class=\"read-more\" href=\"https:\/\/elmetropolitano.com.gt\/es\/wyatt-trujillo-y-amilcar-rivera-inician-visitas-comunitarias-en-colonias-de-mixco-con-mensaje-de-planificacion-y-futuro\/\">Leer m\u00e1s<\/a><\/p>\n","protected":false},"author":1,"featured_media":123522,"comment_status":"open","ping_status":"closed","sticky":false,"template":"","format":"standard","meta":{"footnotes":""},"categories":[2],"tags":[12],"class_list":["post-123521","post","type-post","status-publish","format-standard","has-post-thumbnail","hentry","category-nacionales","tag-nacionales"],"_links":{"self":[{"href":"https:\/\/elmetropolitano.com.gt\/es\/wp-json\/wp\/v2\/posts\/123521","targetHints":{"allow":["GET"]}}],"collection":[{"href":"https:\/\/elmetropolitano.com.gt\/es\/wp-json\/wp\/v2\/posts"}],"about":[{"href":"https:\/\/elmetropolitano.com.gt\/es\/wp-json\/wp\/v2\/types\/post"}],"author":[{"embeddable":true,"href":"https:\/\/elmetropolitano.com.gt\/es\/wp-json\/wp\/v2\/users\/1"}],"replies":[{"embeddable":true,"href":"https:\/\/elmetropolitano.com.gt\/es\/wp-json\/wp\/v2\/comments?post=123521"}],"version-history":[{"count":1,"href":"https:\/\/elmetropolitano.com.gt\/es\/wp-json\/wp\/v2\/posts\/123521\/revisions"}],"predecessor-version":[{"id":123526,"href":"https:\/\/elmetropolitano.com.gt\/es\/wp-json\/wp\/v2\/posts\/123521\/revisions\/123526"}],"wp:featuredmedia":[{"embeddable":true,"href":"https:\/\/elmetropolitano.com.gt\/es\/wp-json\/wp\/v2\/media\/123522"}],"wp:attachment":[{"href":"https:\/\/elmetropolitano.com.gt\/es\/wp-json\/wp\/v2\/media?parent=123521"}],"wp:term":[{"taxonomy":"category","embeddable":true,"href":"https:\/\/elmetropolitano.com.gt\/es\/wp-json\/wp\/v2\/categories?post=123521"},{"taxonomy":"post_tag","embeddable":true,"href":"https:\/\/elmetropolitano.com.gt\/es\/wp-json\/wp\/v2\/tags?post=123521"}],"curies":[{"name":"wp","href":"https:\/\/api.w.org\/{rel}","templated":true}]}}