{"id":123537,"date":"2026-03-10T14:50:27","date_gmt":"2026-03-10T20:50:27","guid":{"rendered":"https:\/\/elmetropolitano.com.gt\/es\/?p=123537"},"modified":"2026-03-10T14:50:30","modified_gmt":"2026-03-10T20:50:30","slug":"ee-uu-levanta-embargo-a-guatemala-para-compra-de-equipo-militar","status":"publish","type":"post","link":"https:\/\/elmetropolitano.com.gt\/es\/ee-uu-levanta-embargo-a-guatemala-para-compra-de-equipo-militar\/","title":{"rendered":"EE. UU. levanta embargo a Guatemala para compra de equipo militar"},"content":{"rendered":"\n<p>El ministro de la Defensa Nacional, Henry S\u00e1enz, inform\u00f3 que Guatemala podr\u00e1 adquirir armamento y equipo militar similar al que utilizan las fuerzas armadas de Estados Unidos, luego del levantamiento del embargo para la compra de equipo militar que ten\u00edan al pa\u00eds desde hace 47 a\u00f1os.<\/p>\n\n\n\n<p>Durante La Ronda, el ministro explic\u00f3 que este avance es resultado de la confianza y la cooperaci\u00f3n estrat\u00e9gica entre Guatemala y Estados Unidos, lo que permitir\u00e1 hacer compras bajo la modalidad de gobierno a gobierno.<\/p><div class=\"elmet-contenido\" id=\"elmet-1501357988\"><div class=\"elmet-adlabel\">Anuncios<\/div><div style=\"margin-top: 20px;margin-right: 20px;margin-bottom: 20px;margin-left: 20px;\" id=\"elmet-371609340\"><a href=\"https:\/\/www.facebook.com\/arrincuanantigua\/\" aria-label=\"cintillo-arrin-cual\"><img loading=\"lazy\" decoding=\"async\" src=\"https:\/\/elmetropolitano.com.gt\/es\/wp-content\/uploads\/2021\/11\/cintillo-arrin-cual-1.jpg\" alt=\"\"  srcset=\"https:\/\/elmetropolitano.com.gt\/es\/wp-content\/uploads\/2021\/11\/cintillo-arrin-cual-1.jpg 750w, https:\/\/elmetropolitano.com.gt\/es\/wp-content\/uploads\/2021\/11\/cintillo-arrin-cual-1-300x36.jpg 300w, https:\/\/elmetropolitano.com.gt\/es\/wp-content\/uploads\/2021\/11\/cintillo-arrin-cual-1-600x72.jpg 600w\" sizes=\"(max-width: 750px) 100vw, 750px\" width=\"750\" height=\"90\"   \/><\/a><\/div><\/div>\n\n\n\n<p>Seg\u00fan S\u00e1enz, esta decisi\u00f3n marca un hecho hist\u00f3rico, ya que despu\u00e9s de 47 a\u00f1os el pa\u00eds podr\u00e1 fortalecer las capacidades del Ej\u00e9rcito con equipo moderno y tecnolog\u00eda de \u00faltima generaci\u00f3n. De igual manera, explic\u00f3 que el proceso fue posible gracias a las gestiones que se hacen bajo la administraci\u00f3n del presidente Bernardo Ar\u00e9valo.<\/p>\n\n\n\n<p>El ministro destac\u00f3 que esta apertura responde, en gran medida, a los resultados que el pa\u00eds ha mostrado en el combate contra el narcotr\u00e1fico y otras amenazas transnacionales. A su criterio, el fortalecimiento de la seguridad tambi\u00e9n impacta en la confianza econ\u00f3mica y en las calificaciones internacionales del pa\u00eds.<\/p>\n\n\n\n<p>\u201cPodemos tener un buen elemento humano entrenado, pero lo debemos complementar con el equipo moderno y de \u00faltima generaci\u00f3n que tiene Estados Unidos y que gustosamente ahora nos lo est\u00e1 vendiendo\u201d expres\u00f3 el ministro S\u00e1enz<\/p>\n\n\n\n<p>Equipo para el Ej\u00e9rcito de Guatemala<\/p>\n\n\n\n<p>Entre los equipos que Guatemala prev\u00e9 adquirir se\u00f1al\u00f3 que se encuentran fusiles modelo Colt 5.56 M4 utilizados por fuerzas militares estadounidenses en distintas operaciones alrededor del mundo. Adem\u00e1s, el pa\u00eds contempla la compra de aviones, munici\u00f3n y equipo especializado para operaciones nocturnas.<\/p>\n\n\n\n<p>De acuerdo con el ministro, estas adquisiciones se realizar\u00e1n de manera gradual en los pr\u00f3ximos a\u00f1os y forman parte de una estrategia para fortalecer la seguridad nacional y mejorar la capacidad de las fuerzas armadas para desarticular estructuras criminales.<\/p>\n\n\n\n<p>S\u00e1enz tambi\u00e9n explic\u00f3 que para lograr este nivel de cooperaci\u00f3n fue necesario demostrar que el Ej\u00e9rcito de Guatemala mantiene una postura profesional y apol\u00edtica, enfocada en atender las decisiones del Estado y en cumplir tareas como el refuerzo de fronteras, la lucha contra el narcotr\u00e1fico y la atenci\u00f3n de amenazas transnacionales.<\/p>\n\n\n\n<p>Finalmente, el ministro se\u00f1al\u00f3 que contar con fuerzas de seguridad mejor equipadas permitir\u00e1 fortalecer la plataforma de seguridad del pa\u00eds, lo que a su vez favorecer\u00e1 el desarrollo econ\u00f3mico y las oportunidades para la poblaci\u00f3n guatemalteca.<\/p>\n\n\n\n<p>Texto: Cindy Alonso<\/p>\n\n\n\n<p><a href=\"https:\/\/www.facebook.com\/hashtag\/ejercitogt?__eep__=6&amp;__cft__[0]=AZao_MwIeRjMgaMHS4fWhmxve6CVAj-kDAhPUFnGH5CxmaN-bbi9AX9b4Xmk7ax2BpL9JXFY6-ZwYdTkRMgQRaU6PQ7tp2LpZDa2VmEW4Jzw7cgitYNHMIvIrBpUw5i1aAnou5m8FQjYusg1wWZkzU7xshR6CPrvqUEKEPpN4iPqgZ3ZeSG8ASWgHQMJh4zKLLg&amp;__tn__=*NK-R\">#EjercitoGT<\/a><a href=\"https:\/\/www.facebook.com\/hashtag\/armas?__eep__=6&amp;__cft__[0]=AZao_MwIeRjMgaMHS4fWhmxve6CVAj-kDAhPUFnGH5CxmaN-bbi9AX9b4Xmk7ax2BpL9JXFY6-ZwYdTkRMgQRaU6PQ7tp2LpZDa2VmEW4Jzw7cgitYNHMIvIrBpUw5i1aAnou5m8FQjYusg1wWZkzU7xshR6CPrvqUEKEPpN4iPqgZ3ZeSG8ASWgHQMJh4zKLLg&amp;__tn__=*NK-R\">#Armas<\/a><a href=\"https:\/\/www.facebook.com\/hashtag\/metroredes?__eep__=6&amp;__cft__[0]=AZao_MwIeRjMgaMHS4fWhmxve6CVAj-kDAhPUFnGH5CxmaN-bbi9AX9b4Xmk7ax2BpL9JXFY6-ZwYdTkRMgQRaU6PQ7tp2LpZDa2VmEW4Jzw7cgitYNHMIvIrBpUw5i1aAnou5m8FQjYusg1wWZkzU7xshR6CPrvqUEKEPpN4iPqgZ3ZeSG8ASWgHQMJh4zKLLg&amp;__tn__=*NK-R\">#metroredes<\/a><\/p>\n","protected":false},"excerpt":{"rendered":"<p>El ministro de la Defensa Nacional, Henry S\u00e1enz, inform\u00f3 que Guatemala podr\u00e1 adquirir armamento y equipo militar similar al que utilizan las fuerzas armadas de Estados Unidos, luego del levantamiento del embargo para la compra de equipo militar que ten\u00edan al pa\u00eds desde hace 47 a\u00f1os. Durante La Ronda, el ministro explic\u00f3 que este avance <a class=\"read-more\" href=\"https:\/\/elmetropolitano.com.gt\/es\/ee-uu-levanta-embargo-a-guatemala-para-compra-de-equipo-militar\/\">Leer m\u00e1s<\/a><\/p>\n","protected":false},"author":1,"featured_media":123538,"comment_status":"open","ping_status":"closed","sticky":false,"template":"","format":"standard","meta":{"footnotes":""},"categories":[2],"tags":[12],"class_list":["post-123537","post","type-post","status-publish","format-standard","has-post-thumbnail","hentry","category-nacionales","tag-nacionales"],"_links":{"self":[{"href":"https:\/\/elmetropolitano.com.gt\/es\/wp-json\/wp\/v2\/posts\/123537","targetHints":{"allow":["GET"]}}],"collection":[{"href":"https:\/\/elmetropolitano.com.gt\/es\/wp-json\/wp\/v2\/posts"}],"about":[{"href":"https:\/\/elmetropolitano.com.gt\/es\/wp-json\/wp\/v2\/types\/post"}],"author":[{"embeddable":true,"href":"https:\/\/elmetropolitano.com.gt\/es\/wp-json\/wp\/v2\/users\/1"}],"replies":[{"embeddable":true,"href":"https:\/\/elmetropolitano.com.gt\/es\/wp-json\/wp\/v2\/comments?post=123537"}],"version-history":[{"count":1,"href":"https:\/\/elmetropolitano.com.gt\/es\/wp-json\/wp\/v2\/posts\/123537\/revisions"}],"predecessor-version":[{"id":123539,"href":"https:\/\/elmetropolitano.com.gt\/es\/wp-json\/wp\/v2\/posts\/123537\/revisions\/123539"}],"wp:featuredmedia":[{"embeddable":true,"href":"https:\/\/elmetropolitano.com.gt\/es\/wp-json\/wp\/v2\/media\/123538"}],"wp:attachment":[{"href":"https:\/\/elmetropolitano.com.gt\/es\/wp-json\/wp\/v2\/media?parent=123537"}],"wp:term":[{"taxonomy":"category","embeddable":true,"href":"https:\/\/elmetropolitano.com.gt\/es\/wp-json\/wp\/v2\/categories?post=123537"},{"taxonomy":"post_tag","embeddable":true,"href":"https:\/\/elmetropolitano.com.gt\/es\/wp-json\/wp\/v2\/tags?post=123537"}],"curies":[{"name":"wp","href":"https:\/\/api.w.org\/{rel}","templated":true}]}}