{"id":123597,"date":"2026-03-11T15:39:50","date_gmt":"2026-03-11T21:39:50","guid":{"rendered":"https:\/\/elmetropolitano.com.gt\/es\/?p=123597"},"modified":"2026-03-11T15:39:50","modified_gmt":"2026-03-11T21:39:50","slug":"sicarios-asesinaron-a-la-canche","status":"publish","type":"post","link":"https:\/\/elmetropolitano.com.gt\/es\/sicarios-asesinaron-a-la-canche\/","title":{"rendered":"Sicarios asesinaron a \u201cLa Canche\u201d"},"content":{"rendered":"\n<p>Esteysi Melina Barbosa Guti\u00e9rrez, de 38 a\u00f1os y conocida como \u201cLa Canche\u201d, fue asesinada a tiros desde una motocicleta mientras se desplazaba en un veh\u00edculo por la 46 calle y 0 avenida, colonia Monte Mar\u00eda, zona 12 de Villa Nueva<\/p>\n\n\n\n<p>Su hijo de 8 a\u00f1os estuvo presente durante el ataque y milagrosamente result\u00f3 ileso, ya que los sicarios le perdonaron la vida.<\/p><div class=\"elmet-contenido\" id=\"elmet-691110306\"><div class=\"elmet-adlabel\">Anuncios<\/div><div style=\"margin-top: 20px;margin-right: 20px;margin-bottom: 20px;margin-left: 20px;\" id=\"elmet-3660108899\"><a href=\"https:\/\/www.facebook.com\/arrincuanantigua\/\" aria-label=\"cintillo-arrin-cual\"><img loading=\"lazy\" decoding=\"async\" src=\"https:\/\/elmetropolitano.com.gt\/es\/wp-content\/uploads\/2021\/11\/cintillo-arrin-cual-1.jpg\" alt=\"\"  srcset=\"https:\/\/elmetropolitano.com.gt\/es\/wp-content\/uploads\/2021\/11\/cintillo-arrin-cual-1.jpg 750w, https:\/\/elmetropolitano.com.gt\/es\/wp-content\/uploads\/2021\/11\/cintillo-arrin-cual-1-300x36.jpg 300w, https:\/\/elmetropolitano.com.gt\/es\/wp-content\/uploads\/2021\/11\/cintillo-arrin-cual-1-600x72.jpg 600w\" sizes=\"(max-width: 750px) 100vw, 750px\" width=\"750\" height=\"90\"   \/><\/a><\/div><\/div>\n\n\n\n<p>Seg\u00fan las autoridades, la v\u00edctima estaba vinculada sentimentalmente a un cabecilla de la pandilla Barrio 18 y fung\u00eda como operadora de la organizaci\u00f3n, lo que podr\u00eda estar relacionado con disputas territoriales entre maras.<\/p>\n\n\n\n<p>Se a\u00f1ade que el hermano de La Canche tambi\u00e9n fue asesinado hace algunos a\u00f1os, lo que evidencia un patr\u00f3n de violencia en su familia.<\/p>\n\n\n\n<p>El caso ya est\u00e1 bajo investigaci\u00f3n del Ministerio P\u00fablico de Guatemala, mientras la comunidad exige justicia por este brutal crimen.<\/p>\n\n\n\n<p><a href=\"https:\/\/www.facebook.com\/hashtag\/violencia?__eep__=6&amp;__cft__[0]=AZZBuZXOY-5hvXcx_FsAsNO1I21IywsnAnf5wIdtfsTO6bwh2CJGnqKlAHb8bKCatV0UjxalFmwZ_8qIQ7wRqITkjalzEAebU1QeAqAoYYrloQCdXS1jSz1pmlAZvPM4AKH8ocSZuhZUGDvezmYXFOg-TO437szDbFvaaqvIBb_UqLAbt1AQUqYAqeeUm1Hqr3Y&amp;__tn__=*NK-R\">#Violencia<\/a><a href=\"https:\/\/www.facebook.com\/hashtag\/pncdeguatemala?__eep__=6&amp;__cft__[0]=AZZBuZXOY-5hvXcx_FsAsNO1I21IywsnAnf5wIdtfsTO6bwh2CJGnqKlAHb8bKCatV0UjxalFmwZ_8qIQ7wRqITkjalzEAebU1QeAqAoYYrloQCdXS1jSz1pmlAZvPM4AKH8ocSZuhZUGDvezmYXFOg-TO437szDbFvaaqvIBb_UqLAbt1AQUqYAqeeUm1Hqr3Y&amp;__tn__=*NK-R\">#PNCdeGuatemala<\/a><\/p>\n\n\n\n<figure class=\"wp-block-gallery has-nested-images columns-default is-cropped wp-block-gallery-1 is-layout-flex wp-block-gallery-is-layout-flex\">\n<figure class=\"wp-block-image size-large\"><img loading=\"lazy\" decoding=\"async\" width=\"781\" height=\"1024\" data-id=\"123600\" src=\"https:\/\/elmetropolitano.com.gt\/es\/wp-content\/uploads\/2026\/03\/648828980_1484615163664562_5977827022017854488_n-1-781x1024.jpg\" alt=\"\" class=\"wp-image-123600\" srcset=\"https:\/\/elmetropolitano.com.gt\/es\/wp-content\/uploads\/2026\/03\/648828980_1484615163664562_5977827022017854488_n-1-781x1024.jpg 781w, https:\/\/elmetropolitano.com.gt\/es\/wp-content\/uploads\/2026\/03\/648828980_1484615163664562_5977827022017854488_n-1-229x300.jpg 229w, https:\/\/elmetropolitano.com.gt\/es\/wp-content\/uploads\/2026\/03\/648828980_1484615163664562_5977827022017854488_n-1-768x1007.jpg 768w, https:\/\/elmetropolitano.com.gt\/es\/wp-content\/uploads\/2026\/03\/648828980_1484615163664562_5977827022017854488_n-1.jpg 976w\" sizes=\"auto, (max-width: 781px) 100vw, 781px\" \/><\/figure>\n\n\n\n<figure class=\"wp-block-image size-large\"><img loading=\"lazy\" decoding=\"async\" width=\"940\" height=\"627\" data-id=\"123599\" src=\"https:\/\/elmetropolitano.com.gt\/es\/wp-content\/uploads\/2026\/03\/649442281_1484615036997908_7866330398018190756_n.jpg\" alt=\"\" class=\"wp-image-123599\" srcset=\"https:\/\/elmetropolitano.com.gt\/es\/wp-content\/uploads\/2026\/03\/649442281_1484615036997908_7866330398018190756_n.jpg 940w, https:\/\/elmetropolitano.com.gt\/es\/wp-content\/uploads\/2026\/03\/649442281_1484615036997908_7866330398018190756_n-300x200.jpg 300w, https:\/\/elmetropolitano.com.gt\/es\/wp-content\/uploads\/2026\/03\/649442281_1484615036997908_7866330398018190756_n-768x512.jpg 768w\" sizes=\"auto, (max-width: 940px) 100vw, 940px\" \/><\/figure>\n\n\n\n<figure class=\"wp-block-image size-large\"><img loading=\"lazy\" decoding=\"async\" width=\"1024\" height=\"768\" data-id=\"123601\" src=\"https:\/\/elmetropolitano.com.gt\/es\/wp-content\/uploads\/2026\/03\/650642087_1484615176997894_1409679227659344249_n-1024x768.jpg\" alt=\"\" class=\"wp-image-123601\" srcset=\"https:\/\/elmetropolitano.com.gt\/es\/wp-content\/uploads\/2026\/03\/650642087_1484615176997894_1409679227659344249_n-1024x768.jpg 1024w, https:\/\/elmetropolitano.com.gt\/es\/wp-content\/uploads\/2026\/03\/650642087_1484615176997894_1409679227659344249_n-300x225.jpg 300w, https:\/\/elmetropolitano.com.gt\/es\/wp-content\/uploads\/2026\/03\/650642087_1484615176997894_1409679227659344249_n-768x576.jpg 768w, https:\/\/elmetropolitano.com.gt\/es\/wp-content\/uploads\/2026\/03\/650642087_1484615176997894_1409679227659344249_n-1536x1152.jpg 1536w, https:\/\/elmetropolitano.com.gt\/es\/wp-content\/uploads\/2026\/03\/650642087_1484615176997894_1409679227659344249_n.jpg 2048w\" sizes=\"auto, (max-width: 1024px) 100vw, 1024px\" \/><\/figure>\n<\/figure>\n","protected":false},"excerpt":{"rendered":"<p>Esteysi Melina Barbosa Guti\u00e9rrez, de 38 a\u00f1os y conocida como \u201cLa Canche\u201d, fue asesinada a tiros desde una motocicleta mientras se desplazaba en un veh\u00edculo por la 46 calle y 0 avenida, colonia Monte Mar\u00eda, zona 12 de Villa Nueva Su hijo de 8 a\u00f1os estuvo presente durante el ataque y milagrosamente result\u00f3 ileso, ya <a class=\"read-more\" href=\"https:\/\/elmetropolitano.com.gt\/es\/sicarios-asesinaron-a-la-canche\/\">Leer m\u00e1s<\/a><\/p>\n","protected":false},"author":1,"featured_media":123598,"comment_status":"open","ping_status":"closed","sticky":false,"template":"","format":"standard","meta":{"footnotes":""},"categories":[2],"tags":[12],"class_list":["post-123597","post","type-post","status-publish","format-standard","has-post-thumbnail","hentry","category-nacionales","tag-nacionales"],"_links":{"self":[{"href":"https:\/\/elmetropolitano.com.gt\/es\/wp-json\/wp\/v2\/posts\/123597","targetHints":{"allow":["GET"]}}],"collection":[{"href":"https:\/\/elmetropolitano.com.gt\/es\/wp-json\/wp\/v2\/posts"}],"about":[{"href":"https:\/\/elmetropolitano.com.gt\/es\/wp-json\/wp\/v2\/types\/post"}],"author":[{"embeddable":true,"href":"https:\/\/elmetropolitano.com.gt\/es\/wp-json\/wp\/v2\/users\/1"}],"replies":[{"embeddable":true,"href":"https:\/\/elmetropolitano.com.gt\/es\/wp-json\/wp\/v2\/comments?post=123597"}],"version-history":[{"count":1,"href":"https:\/\/elmetropolitano.com.gt\/es\/wp-json\/wp\/v2\/posts\/123597\/revisions"}],"predecessor-version":[{"id":123602,"href":"https:\/\/elmetropolitano.com.gt\/es\/wp-json\/wp\/v2\/posts\/123597\/revisions\/123602"}],"wp:featuredmedia":[{"embeddable":true,"href":"https:\/\/elmetropolitano.com.gt\/es\/wp-json\/wp\/v2\/media\/123598"}],"wp:attachment":[{"href":"https:\/\/elmetropolitano.com.gt\/es\/wp-json\/wp\/v2\/media?parent=123597"}],"wp:term":[{"taxonomy":"category","embeddable":true,"href":"https:\/\/elmetropolitano.com.gt\/es\/wp-json\/wp\/v2\/categories?post=123597"},{"taxonomy":"post_tag","embeddable":true,"href":"https:\/\/elmetropolitano.com.gt\/es\/wp-json\/wp\/v2\/tags?post=123597"}],"curies":[{"name":"wp","href":"https:\/\/api.w.org\/{rel}","templated":true}]}}