{"id":123636,"date":"2026-03-12T08:17:28","date_gmt":"2026-03-12T14:17:28","guid":{"rendered":"https:\/\/elmetropolitano.com.gt\/es\/?p=123636"},"modified":"2026-03-12T08:17:29","modified_gmt":"2026-03-12T14:17:29","slug":"extraditable-capturado-por-varios-delitos","status":"publish","type":"post","link":"https:\/\/elmetropolitano.com.gt\/es\/extraditable-capturado-por-varios-delitos\/","title":{"rendered":"Extraditable capturado por varios delitos"},"content":{"rendered":"\n<p>En un operativo de vigilancia en la 13 calle entre 1 y 2 avenida, colonia 1 de Mayo, La Gomera, Escuintla, investigadores de la DEIC Departamento de Delitos Financieros y econ\u00f3micos, ejecutaron la captura de Roberto Antonio Corado Carbajal, de 29 a\u00f1os, con fines de extradici\u00f3n a los Estados Unidos, por los delitos de Agresi\u00f3n sexual, en contravenci\u00f3n de la secci\u00f3n 97-3-95 (I) (d) del c\u00f3digo de Misisipi de 1972 y Tocar a un menor con fines lascivos en violaci\u00f3n de la secci\u00f3n 97-5-23 (I) del c\u00f3digo de Misisipi de 1972.<\/p>\n\n\n\n<p>La orden de captura con fines de extradici\u00f3n fue autorizada el 23 de enero del 2026, por el Juez Presidente del Tribunal Quinto de Sentencia Penal, Narcoactividad y Delitos Contra el Ambiente de Guatemala.<\/p><div class=\"elmet-contenido\" id=\"elmet-1975477424\"><div class=\"elmet-adlabel\">Anuncios<\/div><div style=\"margin-top: 20px;margin-right: 20px;margin-bottom: 20px;margin-left: 20px;\" id=\"elmet-3973223471\"><a href=\"https:\/\/www.facebook.com\/arrincuanantigua\/\" aria-label=\"cintillo-arrin-cual\"><img loading=\"lazy\" decoding=\"async\" src=\"https:\/\/elmetropolitano.com.gt\/es\/wp-content\/uploads\/2021\/11\/cintillo-arrin-cual-1.jpg\" alt=\"\"  srcset=\"https:\/\/elmetropolitano.com.gt\/es\/wp-content\/uploads\/2021\/11\/cintillo-arrin-cual-1.jpg 750w, https:\/\/elmetropolitano.com.gt\/es\/wp-content\/uploads\/2021\/11\/cintillo-arrin-cual-1-300x36.jpg 300w, https:\/\/elmetropolitano.com.gt\/es\/wp-content\/uploads\/2021\/11\/cintillo-arrin-cual-1-600x72.jpg 600w\" sizes=\"(max-width: 750px) 100vw, 750px\" width=\"750\" height=\"90\"   \/><\/a><\/div><\/div>\n\n\n\n<p>En lo que va del a\u00f1o ya suman 17 extraditables; 10 por narcotr\u00e1fico y 7 por otros delitos.<\/p>\n\n\n\n<p><a href=\"https:\/\/www.facebook.com\/hashtag\/pncdeguatemala?__eep__=6&amp;__cft__[0]=AZYeEkDDMaVwJYFpKG-srulOAsyfB8VO5cb8COMnIib49zTgrDUNpEpkuZ3yXDHydNu_C8H1fNMTMjg3Pnt7aixCJ0ibAfN3Ifz-q54SyH9bVqqY2T5OGbgXDnEYqSONCEkWlFldEn9lUaJXQwIW1gww9rjJMFZLtwh_snl3AnZ78bP1uTL4LrAYgdjCAonBe_U&amp;__tn__=*NK-R\">#PNCdeGuatemala<\/a> <a href=\"https:\/\/www.facebook.com\/hashtag\/protegeryservir?__eep__=6&amp;__cft__[0]=AZYeEkDDMaVwJYFpKG-srulOAsyfB8VO5cb8COMnIib49zTgrDUNpEpkuZ3yXDHydNu_C8H1fNMTMjg3Pnt7aixCJ0ibAfN3Ifz-q54SyH9bVqqY2T5OGbgXDnEYqSONCEkWlFldEn9lUaJXQwIW1gww9rjJMFZLtwh_snl3AnZ78bP1uTL4LrAYgdjCAonBe_U&amp;__tn__=*NK-R\">#ProtegerYServir<\/a> <a href=\"https:\/\/www.facebook.com\/hashtag\/seguridadcontransparencia?__eep__=6&amp;__cft__[0]=AZYeEkDDMaVwJYFpKG-srulOAsyfB8VO5cb8COMnIib49zTgrDUNpEpkuZ3yXDHydNu_C8H1fNMTMjg3Pnt7aixCJ0ibAfN3Ifz-q54SyH9bVqqY2T5OGbgXDnEYqSONCEkWlFldEn9lUaJXQwIW1gww9rjJMFZLtwh_snl3AnZ78bP1uTL4LrAYgdjCAonBe_U&amp;__tn__=*NK-R\">#SeguridadConTransparencia<\/a><\/p>\n","protected":false},"excerpt":{"rendered":"<p>En un operativo de vigilancia en la 13 calle entre 1 y 2 avenida, colonia 1 de Mayo, La Gomera, Escuintla, investigadores de la DEIC Departamento de Delitos Financieros y econ\u00f3micos, ejecutaron la captura de Roberto Antonio Corado Carbajal, de 29 a\u00f1os, con fines de extradici\u00f3n a los Estados Unidos, por los delitos de Agresi\u00f3n <a class=\"read-more\" href=\"https:\/\/elmetropolitano.com.gt\/es\/extraditable-capturado-por-varios-delitos\/\">Leer m\u00e1s<\/a><\/p>\n","protected":false},"author":1,"featured_media":123637,"comment_status":"open","ping_status":"closed","sticky":false,"template":"","format":"standard","meta":{"footnotes":""},"categories":[2],"tags":[12],"class_list":["post-123636","post","type-post","status-publish","format-standard","has-post-thumbnail","hentry","category-nacionales","tag-nacionales"],"_links":{"self":[{"href":"https:\/\/elmetropolitano.com.gt\/es\/wp-json\/wp\/v2\/posts\/123636","targetHints":{"allow":["GET"]}}],"collection":[{"href":"https:\/\/elmetropolitano.com.gt\/es\/wp-json\/wp\/v2\/posts"}],"about":[{"href":"https:\/\/elmetropolitano.com.gt\/es\/wp-json\/wp\/v2\/types\/post"}],"author":[{"embeddable":true,"href":"https:\/\/elmetropolitano.com.gt\/es\/wp-json\/wp\/v2\/users\/1"}],"replies":[{"embeddable":true,"href":"https:\/\/elmetropolitano.com.gt\/es\/wp-json\/wp\/v2\/comments?post=123636"}],"version-history":[{"count":1,"href":"https:\/\/elmetropolitano.com.gt\/es\/wp-json\/wp\/v2\/posts\/123636\/revisions"}],"predecessor-version":[{"id":123638,"href":"https:\/\/elmetropolitano.com.gt\/es\/wp-json\/wp\/v2\/posts\/123636\/revisions\/123638"}],"wp:featuredmedia":[{"embeddable":true,"href":"https:\/\/elmetropolitano.com.gt\/es\/wp-json\/wp\/v2\/media\/123637"}],"wp:attachment":[{"href":"https:\/\/elmetropolitano.com.gt\/es\/wp-json\/wp\/v2\/media?parent=123636"}],"wp:term":[{"taxonomy":"category","embeddable":true,"href":"https:\/\/elmetropolitano.com.gt\/es\/wp-json\/wp\/v2\/categories?post=123636"},{"taxonomy":"post_tag","embeddable":true,"href":"https:\/\/elmetropolitano.com.gt\/es\/wp-json\/wp\/v2\/tags?post=123636"}],"curies":[{"name":"wp","href":"https:\/\/api.w.org\/{rel}","templated":true}]}}