{"id":123639,"date":"2026-03-12T08:19:55","date_gmt":"2026-03-12T14:19:55","guid":{"rendered":"https:\/\/elmetropolitano.com.gt\/es\/?p=123639"},"modified":"2026-03-12T08:19:57","modified_gmt":"2026-03-12T14:19:57","slug":"anabella-morfin-designada-magistrada-titular-de-la-cc-y-a-maria-magdalena-jochola-como-magistrada-suplente","status":"publish","type":"post","link":"https:\/\/elmetropolitano.com.gt\/es\/anabella-morfin-designada-magistrada-titular-de-la-cc-y-a-maria-magdalena-jochola-como-magistrada-suplente\/","title":{"rendered":"Anabella Morf\u00edn designada magistrada titular de la CC y a Mar\u00eda Magdalena Jochol\u00e1, como magistrada suplente."},"content":{"rendered":"\n<p>El presidente Bernardo Ar\u00e9valo anunci\u00f3 la designaci\u00f3n de Anabela Morf\u00edn como magistrada titular y Mar\u00eda Magdalena Jochol\u00e1 como magistrada suplente de la Corte de Constitucionalidad (CC), en cumplimiento de la facultad constitucional que le permite realizar este nombramiento directo.<\/p>\n\n\n\n<p>El anuncio fue realizado a trav\u00e9s de un mensaje dirigido a la poblaci\u00f3n, en el que el mandatario asegur\u00f3 que el pa\u00eds atraviesa un momento clave para impulsar cambios en el sistema de justicia.<\/p><div class=\"elmet-contenido\" id=\"elmet-841404698\"><div class=\"elmet-adlabel\">Anuncios<\/div><div style=\"margin-top: 20px;margin-right: 20px;margin-bottom: 20px;margin-left: 20px;\" id=\"elmet-857162275\"><a href=\"https:\/\/www.facebook.com\/arrincuanantigua\/\" aria-label=\"cintillo-arrin-cual\"><img loading=\"lazy\" decoding=\"async\" src=\"https:\/\/elmetropolitano.com.gt\/es\/wp-content\/uploads\/2021\/11\/cintillo-arrin-cual-1.jpg\" alt=\"\"  srcset=\"https:\/\/elmetropolitano.com.gt\/es\/wp-content\/uploads\/2021\/11\/cintillo-arrin-cual-1.jpg 750w, https:\/\/elmetropolitano.com.gt\/es\/wp-content\/uploads\/2021\/11\/cintillo-arrin-cual-1-300x36.jpg 300w, https:\/\/elmetropolitano.com.gt\/es\/wp-content\/uploads\/2021\/11\/cintillo-arrin-cual-1-600x72.jpg 600w\" sizes=\"(max-width: 750px) 100vw, 750px\" width=\"750\" height=\"90\"   \/><\/a><\/div><\/div>\n\n\n\n<p>Durante su intervenci\u00f3n, el presidente afirm\u00f3 que la decisi\u00f3n responde a la necesidad de fortalecer las instituciones judiciales y atender la demanda ciudadana de cambios en el sistema.<\/p>\n\n\n\n<p>Nos encontramos en un momento hist\u00f3rico para hacer valer la voluntad del pueblo, la voluntad de renovaci\u00f3n del sistema de justicia, expres\u00f3 el mandatario, al referirse al proceso de elecci\u00f3n de autoridades en el sector justicia.<\/p>\n\n\n\n<p>Asimismo, indic\u00f3 que la designaci\u00f3n busca contribuir a consolidar instituciones que garanticen seguridad, equidad y transparencia.<\/p>\n\n\n\n<p>La protecci\u00f3n del pueblo solo puede garantizarse con una justicia robusta, con una base \u00e9tica y de ejercicio transparente, agreg\u00f3.<\/p>\n\n\n\n<p>Designaci\u00f3n de dos profesionales<\/p>\n\n\n\n<p>Ar\u00e9valo destac\u00f3 que ambas profesionales cumplen con los principios establecidos por la Constituci\u00f3n para integrar el m\u00e1ximo tribunal constitucional del pa\u00eds.<\/p>\n\n\n\n<p>He designado a dos grandes mujeres: a Anabela Morf\u00edn como magistrada titular y a Mar\u00eda Magdalena Jochol\u00e1 como magistrada suplente, anunci\u00f3 en su mensaje.<\/p>\n\n\n\n<p>El Presidente se\u00f1al\u00f3 que las designadas representan capacidad, idoneidad, honradez y reconocida honorabilidad, adem\u00e1s de contar seg\u00fan indic\u00f3 con integridad e independencia para ejercer el cargo.<\/p>\n\n\n\n<p>Compromiso con el Estado de derecho<\/p>\n\n\n\n<p>En su discurso, el mandatario asegur\u00f3 que la nominaci\u00f3n forma parte del proceso de transformaci\u00f3n institucional impulsado por su administraci\u00f3n.<\/p>\n\n\n\n<p>Esta nominaci\u00f3n es parte del mandato de transformaci\u00f3n que he recibido del pueblo de Guatemala, afirm\u00f3.<\/p>\n\n\n\n<p>Finalmente, reiter\u00f3 que su gobierno continuar\u00e1 trabajando para fortalecer el sistema de justicia. Sin un verdadero Estado de derecho y una genuina certeza jur\u00eddica, la democracia y el desarrollo no podr\u00e1n avanzar en nuestro pa\u00eds, concluy\u00f3.<\/p>\n\n\n\n<p>Elecci\u00f3n de magistrados de la Corte de Constitucionalidad<\/p>\n\n\n\n<p>Con esta designaci\u00f3n ya se encuentran definidos los cinco nombramientos para la Corte de Constitucionalidad del per\u00edodo 2026-2031.<\/p>\n\n\n\n<p>Actualmente la conformaci\u00f3n de esta magistratura se establece as\u00ed:<\/p>\n\n\n\n<p>Elegidos por el Colegio de Abogados y Notarios de Guatemala (CANG): Astrid Lemus y Luis Fernando Bermejo.<\/p>\n\n\n\n<p>Consejo Superior Universitario de la Usac: Julia Marisol Rivera y Jos\u00e9 Luis Aguirre.<\/p>\n\n\n\n<p>Corte Suprema de Justicia: Dina Ochoa y Claudia Paniagua.<\/p>\n\n\n\n<p>Congreso de la Rep\u00fablica: Roberto Molina Barreto y Luis Rosales.<\/p>\n\n\n\n<p>Organismo Ejecutivo: Gladys Annabella Morfin Mansilla y Mar\u00eda Magdalena Jochol\u00e1 Tujal.<\/p>\n\n\n\n<p><a href=\"https:\/\/www.facebook.com\/hashtag\/eleccioncc?__eep__=6&amp;__cft__[0]=AZZlPZZ0E_qRPpTWLwaAfqeRMUSWBLSOIF7SWaGHtbIdOb9Xpo15VaI2hryP18KjM8lldEuz5qfslp2w33F5XjY1GzAbdX0ePYzhGoSapJ0tVpC8eF1x57PQpzuOQjD1XIREbQZE5WdWLp1-jWTCi11c&amp;__tn__=*NK-R\">#EleccionCC<\/a><a href=\"https:\/\/www.facebook.com\/hashtag\/metroredes?__eep__=6&amp;__cft__[0]=AZZlPZZ0E_qRPpTWLwaAfqeRMUSWBLSOIF7SWaGHtbIdOb9Xpo15VaI2hryP18KjM8lldEuz5qfslp2w33F5XjY1GzAbdX0ePYzhGoSapJ0tVpC8eF1x57PQpzuOQjD1XIREbQZE5WdWLp1-jWTCi11c&amp;__tn__=*NK-R\">#metroredes<\/a><\/p>\n\n\n\n<figure class=\"wp-block-gallery has-nested-images columns-default is-cropped wp-block-gallery-1 is-layout-flex wp-block-gallery-is-layout-flex\">\n<figure class=\"wp-block-image size-large\"><img loading=\"lazy\" decoding=\"async\" width=\"819\" height=\"1024\" data-id=\"123641\" src=\"https:\/\/elmetropolitano.com.gt\/es\/wp-content\/uploads\/2026\/03\/649021989_1485221510270594_896930004918674559_n-1-819x1024.jpg\" alt=\"\" class=\"wp-image-123641\" srcset=\"https:\/\/elmetropolitano.com.gt\/es\/wp-content\/uploads\/2026\/03\/649021989_1485221510270594_896930004918674559_n-1-819x1024.jpg 819w, https:\/\/elmetropolitano.com.gt\/es\/wp-content\/uploads\/2026\/03\/649021989_1485221510270594_896930004918674559_n-1-240x300.jpg 240w, https:\/\/elmetropolitano.com.gt\/es\/wp-content\/uploads\/2026\/03\/649021989_1485221510270594_896930004918674559_n-1-768x960.jpg 768w, https:\/\/elmetropolitano.com.gt\/es\/wp-content\/uploads\/2026\/03\/649021989_1485221510270594_896930004918674559_n-1-1229x1536.jpg 1229w, https:\/\/elmetropolitano.com.gt\/es\/wp-content\/uploads\/2026\/03\/649021989_1485221510270594_896930004918674559_n-1.jpg 1638w\" sizes=\"auto, (max-width: 819px) 100vw, 819px\" \/><\/figure>\n<\/figure>\n","protected":false},"excerpt":{"rendered":"<p>El presidente Bernardo Ar\u00e9valo anunci\u00f3 la designaci\u00f3n de Anabela Morf\u00edn como magistrada titular y Mar\u00eda Magdalena Jochol\u00e1 como magistrada suplente de la Corte de Constitucionalidad (CC), en cumplimiento de la facultad constitucional que le permite realizar este nombramiento directo. El anuncio fue realizado a trav\u00e9s de un mensaje dirigido a la poblaci\u00f3n, en el que <a class=\"read-more\" href=\"https:\/\/elmetropolitano.com.gt\/es\/anabella-morfin-designada-magistrada-titular-de-la-cc-y-a-maria-magdalena-jochola-como-magistrada-suplente\/\">Leer m\u00e1s<\/a><\/p>\n","protected":false},"author":1,"featured_media":123640,"comment_status":"open","ping_status":"closed","sticky":false,"template":"","format":"standard","meta":{"footnotes":""},"categories":[2],"tags":[12],"class_list":["post-123639","post","type-post","status-publish","format-standard","has-post-thumbnail","hentry","category-nacionales","tag-nacionales"],"_links":{"self":[{"href":"https:\/\/elmetropolitano.com.gt\/es\/wp-json\/wp\/v2\/posts\/123639","targetHints":{"allow":["GET"]}}],"collection":[{"href":"https:\/\/elmetropolitano.com.gt\/es\/wp-json\/wp\/v2\/posts"}],"about":[{"href":"https:\/\/elmetropolitano.com.gt\/es\/wp-json\/wp\/v2\/types\/post"}],"author":[{"embeddable":true,"href":"https:\/\/elmetropolitano.com.gt\/es\/wp-json\/wp\/v2\/users\/1"}],"replies":[{"embeddable":true,"href":"https:\/\/elmetropolitano.com.gt\/es\/wp-json\/wp\/v2\/comments?post=123639"}],"version-history":[{"count":1,"href":"https:\/\/elmetropolitano.com.gt\/es\/wp-json\/wp\/v2\/posts\/123639\/revisions"}],"predecessor-version":[{"id":123642,"href":"https:\/\/elmetropolitano.com.gt\/es\/wp-json\/wp\/v2\/posts\/123639\/revisions\/123642"}],"wp:featuredmedia":[{"embeddable":true,"href":"https:\/\/elmetropolitano.com.gt\/es\/wp-json\/wp\/v2\/media\/123640"}],"wp:attachment":[{"href":"https:\/\/elmetropolitano.com.gt\/es\/wp-json\/wp\/v2\/media?parent=123639"}],"wp:term":[{"taxonomy":"category","embeddable":true,"href":"https:\/\/elmetropolitano.com.gt\/es\/wp-json\/wp\/v2\/categories?post=123639"},{"taxonomy":"post_tag","embeddable":true,"href":"https:\/\/elmetropolitano.com.gt\/es\/wp-json\/wp\/v2\/tags?post=123639"}],"curies":[{"name":"wp","href":"https:\/\/api.w.org\/{rel}","templated":true}]}}