{"id":123643,"date":"2026-03-12T08:22:38","date_gmt":"2026-03-12T14:22:38","guid":{"rendered":"https:\/\/elmetropolitano.com.gt\/es\/?p=123643"},"modified":"2026-03-12T08:22:39","modified_gmt":"2026-03-12T14:22:39","slug":"guatemala-reunio-a-lideres-regionales-en-el-seminario-cultivando-energia-2026-sobre-biocombustibles","status":"publish","type":"post","link":"https:\/\/elmetropolitano.com.gt\/es\/guatemala-reunio-a-lideres-regionales-en-el-seminario-cultivando-energia-2026-sobre-biocombustibles\/","title":{"rendered":"Guatemala reuni\u00f3 a l\u00edderes regionales en el seminario Cultivando Energ\u00eda 2026 sobre biocombustibles"},"content":{"rendered":"\n<p>Autoridades gubernamentales, expertos internacionales y representantes del sector energ\u00e9tico y agr\u00edcola de Am\u00e9rica Latina y Estados Unidos se re\u00fanen en Guatemala en el marco del Seminario Regional Cultivando Energ\u00eda 2026, un espacio de di\u00e1logo t\u00e9cnico organizado por el Consejo de Granos y Bioproductos de los Estados Unidos (U.S. Grains &amp; BioProducts Council) orientado a compartir experiencias internacionales y discutir los elementos regulatorios, t\u00e9cnicos y operativos asociados al desarrollo de biocombustibles en la regi\u00f3n.<\/p>\n\n\n\n<p>La inauguraci\u00f3n del seminario cont\u00f3 con la participaci\u00f3n de Luke Lindberg, Subsecretario de Comercio y Asuntos Agr\u00edcolas Exteriores del Departamento de Agricultura de los Estados Unidos, quien destac\u00f3 que la energ\u00eda es un elemento clave para dinamizar la actividad econ\u00f3mica y fortalecer los negocios. En ese contexto, se\u00f1al\u00f3 que la implementaci\u00f3n de mezclas de etanol representa beneficios tanto para los consumidores como para el medio ambiente, al tiempo que abre oportunidades de colaboraci\u00f3n y crecimiento econ\u00f3mico para el sector de biocombustibles de Estados Unidos y Guatemala, contribuyendo a una mayor estabilidad en los precios de los combustibles en los puntos de venta.<\/p><div class=\"elmet-contenido\" id=\"elmet-3446922504\"><div class=\"elmet-adlabel\">Anuncios<\/div><div style=\"margin-top: 20px;margin-right: 20px;margin-bottom: 20px;margin-left: 20px;\" id=\"elmet-3852285624\"><a href=\"https:\/\/www.facebook.com\/arrincuanantigua\/\" aria-label=\"cintillo-arrin-cual\"><img loading=\"lazy\" decoding=\"async\" src=\"https:\/\/elmetropolitano.com.gt\/es\/wp-content\/uploads\/2021\/11\/cintillo-arrin-cual-1.jpg\" alt=\"\"  srcset=\"https:\/\/elmetropolitano.com.gt\/es\/wp-content\/uploads\/2021\/11\/cintillo-arrin-cual-1.jpg 750w, https:\/\/elmetropolitano.com.gt\/es\/wp-content\/uploads\/2021\/11\/cintillo-arrin-cual-1-300x36.jpg 300w, https:\/\/elmetropolitano.com.gt\/es\/wp-content\/uploads\/2021\/11\/cintillo-arrin-cual-1-600x72.jpg 600w\" sizes=\"(max-width: 750px) 100vw, 750px\" width=\"750\" height=\"90\"   \/><\/a><\/div><\/div>\n\n\n\n<p>La apertura del encuentro incluy\u00f3 palabras de Ryan LeGrand, presidente y CEO del Consejo de Granos y Bioproductos de los Estados Unidos (USGBC) acompa\u00f1ado por representantes del Consejo, entre ellos Mark Wilson, presidente de la Junta Directiva del Consejo, como parte de la delegaci\u00f3n institucional que particip\u00f3 en este intercambio t\u00e9cnico regional.<\/p>\n\n\n\n<p>Durante la apertura de este intercambio t\u00e9cnico regional, se abord\u00f3 el papel que pueden desempe\u00f1ar los biocombustibles en la diversificaci\u00f3n de la matriz energ\u00e9tica y en el fortalecimiento de la seguridad energ\u00e9tica en los pa\u00edses de la regi\u00f3n, as\u00ed como las oportunidades de cooperaci\u00f3n t\u00e9cnica relacionadas con el desarrollo de programas de mezcla de etanol con gasolina.<\/p>\n\n\n\n<p>El Presidente de la Rep\u00fablica Bernardo Ar\u00e9valo, particip\u00f3 en la inauguraci\u00f3n del seminario y destac\u00f3 el compromiso del pa\u00eds de avanzar hacia el uso de combustibles m\u00e1s limpios como parte de una visi\u00f3n de desarrollo sostenible<\/p>\n\n\n\n<p>Durante su intervenci\u00f3n, se\u00f1al\u00f3 que la incorporaci\u00f3n de biocombustibles en la matriz energ\u00e9tica responde a un marco legal que existe en Guatemala desde hace m\u00e1s de cuatro d\u00e9cadas y que hoy encuentra respaldo en la evidencia cient\u00edfica y en la experiencia de decenas de pa\u00edses que han implementado con \u00e9xito mezclas de etanol en sus combustibles.<\/p>\n\n\n\n<p>Asimismo, resalt\u00f3 que Guatemala cuenta con la oportunidad de aprovechar el conocimiento acumulado a nivel internacional para implementar esta pol\u00edtica con base en criterios t\u00e9cnicos y con una visi\u00f3n de largo plazo, destacando que el pa\u00eds se suma con determinaci\u00f3n al uso de biocombustibles como parte de sus esfuerzos por diversificar su matriz energ\u00e9tica, generar oportunidades econ\u00f3micas y contribuir a mejorar la calidad del aire.<\/p>\n\n\n\n<p>El seminario regional Cultivando Energ\u00eda 2026 reuni\u00f3 a representantes de distintos pa\u00edses de Am\u00e9rica Latina, entre ellos Costa Rica, Panam\u00e1, Honduras, El Salvador, Rep\u00fablica Dominicana, Ecuador y M\u00e9xico, adem\u00e1s de Guatemala y Estados Unidos.<\/p>\n\n\n\n<p>La edici\u00f3n de este a\u00f1o cont\u00f3 con la participaci\u00f3n de m\u00e1s de 120 invitados, entre ellos altos representantes gubernamentales y l\u00edderes de la industria, como gerentes de compa\u00f1\u00edas y directores de asociaciones de productores y distribuidores de combustibles, y del sector automotriz.<\/p>\n\n\n\n<p>A lo largo del programa se presentaron experiencias internacionales sobre el uso de biocombustibles, el desarrollo de marcos regulatorios, las consideraciones t\u00e9cnicas para la mezcla de etanol con gasolina, as\u00ed como los aspectos log\u00edsticos y de infraestructura necesarios para su implementaci\u00f3n.<\/p>\n\n\n\n<p>Las sesiones incluyeron, adem\u00e1s, paneles sobre el rol del sector agr\u00edcola en la producci\u00f3n de biocombustibles, el impacto econ\u00f3mico y ambiental de estas pol\u00edticas y las experiencias de pa\u00edses que han incorporado mezclas de etanol como parte de sus estrategias energ\u00e9ticas.<\/p>\n\n\n\n<p>En un contexto internacional en el que diversos pa\u00edses buscan fortalecer su seguridad energ\u00e9tica y reducir emisiones, este encuentro promueve el intercambio de conocimiento y la cooperaci\u00f3n t\u00e9cnica entre gobiernos, especialistas y actores de la cadena energ\u00e9tica, contribuyendo al di\u00e1logo regional sobre diversificaci\u00f3n energ\u00e9tica y el uso de biocombustibles.<\/p>\n\n\n\n<p><a href=\"https:\/\/www.facebook.com\/hashtag\/etanol?__eep__=6&amp;__cft__[0]=AZYV1iCMAs1j89jo41E0VqPOM3N4FTGutDJemxn_nUadZx8hfh5MNMi1zvcxg-Qs9U--cVGSpACaLH7cOEw8Naz-mHtbPj_2Chm-hBUUZ64svemUkjAObXHxw9gqCmkD_XyiOzQ70bMDDXw_vo8GtUdZJk_u95sbzucVu3pgKkwXqnCj_JU_je8HBSPxPXpaTfU&amp;__tn__=*NK-R\">#etanol<\/a><a href=\"https:\/\/www.facebook.com\/hashtag\/elfinancierogt?__eep__=6&amp;__cft__[0]=AZYV1iCMAs1j89jo41E0VqPOM3N4FTGutDJemxn_nUadZx8hfh5MNMi1zvcxg-Qs9U--cVGSpACaLH7cOEw8Naz-mHtbPj_2Chm-hBUUZ64svemUkjAObXHxw9gqCmkD_XyiOzQ70bMDDXw_vo8GtUdZJk_u95sbzucVu3pgKkwXqnCj_JU_je8HBSPxPXpaTfU&amp;__tn__=*NK-R\">#elfinancierogt<\/a><a href=\"https:\/\/www.facebook.com\/hashtag\/metroredes?__eep__=6&amp;__cft__[0]=AZYV1iCMAs1j89jo41E0VqPOM3N4FTGutDJemxn_nUadZx8hfh5MNMi1zvcxg-Qs9U--cVGSpACaLH7cOEw8Naz-mHtbPj_2Chm-hBUUZ64svemUkjAObXHxw9gqCmkD_XyiOzQ70bMDDXw_vo8GtUdZJk_u95sbzucVu3pgKkwXqnCj_JU_je8HBSPxPXpaTfU&amp;__tn__=*NK-R\">#metroredes<\/a><\/p>\n\n\n\n<figure class=\"wp-block-gallery has-nested-images columns-default is-cropped wp-block-gallery-1 is-layout-flex wp-block-gallery-is-layout-flex\">\n<figure class=\"wp-block-image size-large\"><img loading=\"lazy\" decoding=\"async\" width=\"1024\" height=\"682\" data-id=\"123645\" src=\"https:\/\/elmetropolitano.com.gt\/es\/wp-content\/uploads\/2026\/03\/649160418_1485255063600572_2628372625967709112_n-1-1024x682.jpg\" alt=\"\" class=\"wp-image-123645\" srcset=\"https:\/\/elmetropolitano.com.gt\/es\/wp-content\/uploads\/2026\/03\/649160418_1485255063600572_2628372625967709112_n-1-1024x682.jpg 1024w, https:\/\/elmetropolitano.com.gt\/es\/wp-content\/uploads\/2026\/03\/649160418_1485255063600572_2628372625967709112_n-1-300x200.jpg 300w, https:\/\/elmetropolitano.com.gt\/es\/wp-content\/uploads\/2026\/03\/649160418_1485255063600572_2628372625967709112_n-1-768x512.jpg 768w, https:\/\/elmetropolitano.com.gt\/es\/wp-content\/uploads\/2026\/03\/649160418_1485255063600572_2628372625967709112_n-1.jpg 1280w\" sizes=\"auto, (max-width: 1024px) 100vw, 1024px\" \/><\/figure>\n\n\n\n<figure class=\"wp-block-image size-large\"><img loading=\"lazy\" decoding=\"async\" width=\"1024\" height=\"682\" data-id=\"123646\" src=\"https:\/\/elmetropolitano.com.gt\/es\/wp-content\/uploads\/2026\/03\/649268952_1485255066933905_7869343290025165671_n-1024x682.jpg\" alt=\"\" class=\"wp-image-123646\" srcset=\"https:\/\/elmetropolitano.com.gt\/es\/wp-content\/uploads\/2026\/03\/649268952_1485255066933905_7869343290025165671_n-1024x682.jpg 1024w, https:\/\/elmetropolitano.com.gt\/es\/wp-content\/uploads\/2026\/03\/649268952_1485255066933905_7869343290025165671_n-300x200.jpg 300w, https:\/\/elmetropolitano.com.gt\/es\/wp-content\/uploads\/2026\/03\/649268952_1485255066933905_7869343290025165671_n-768x512.jpg 768w, https:\/\/elmetropolitano.com.gt\/es\/wp-content\/uploads\/2026\/03\/649268952_1485255066933905_7869343290025165671_n.jpg 1280w\" sizes=\"auto, (max-width: 1024px) 100vw, 1024px\" \/><\/figure>\n\n\n\n<figure class=\"wp-block-image size-large\"><img loading=\"lazy\" decoding=\"async\" width=\"1024\" height=\"682\" data-id=\"123647\" src=\"https:\/\/elmetropolitano.com.gt\/es\/wp-content\/uploads\/2026\/03\/650738432_1485255090267236_1480757172008860827_n-1024x682.jpg\" alt=\"\" class=\"wp-image-123647\" srcset=\"https:\/\/elmetropolitano.com.gt\/es\/wp-content\/uploads\/2026\/03\/650738432_1485255090267236_1480757172008860827_n-1024x682.jpg 1024w, https:\/\/elmetropolitano.com.gt\/es\/wp-content\/uploads\/2026\/03\/650738432_1485255090267236_1480757172008860827_n-300x200.jpg 300w, https:\/\/elmetropolitano.com.gt\/es\/wp-content\/uploads\/2026\/03\/650738432_1485255090267236_1480757172008860827_n-768x512.jpg 768w, https:\/\/elmetropolitano.com.gt\/es\/wp-content\/uploads\/2026\/03\/650738432_1485255090267236_1480757172008860827_n.jpg 1280w\" sizes=\"auto, (max-width: 1024px) 100vw, 1024px\" \/><\/figure>\n<\/figure>\n","protected":false},"excerpt":{"rendered":"<p>Autoridades gubernamentales, expertos internacionales y representantes del sector energ\u00e9tico y agr\u00edcola de Am\u00e9rica Latina y Estados Unidos se re\u00fanen en Guatemala en el marco del Seminario Regional Cultivando Energ\u00eda 2026, un espacio de di\u00e1logo t\u00e9cnico organizado por el Consejo de Granos y Bioproductos de los Estados Unidos (U.S. Grains &amp; BioProducts Council) orientado a compartir <a class=\"read-more\" href=\"https:\/\/elmetropolitano.com.gt\/es\/guatemala-reunio-a-lideres-regionales-en-el-seminario-cultivando-energia-2026-sobre-biocombustibles\/\">Leer m\u00e1s<\/a><\/p>\n","protected":false},"author":1,"featured_media":123644,"comment_status":"open","ping_status":"closed","sticky":false,"template":"","format":"standard","meta":{"footnotes":""},"categories":[2],"tags":[12],"class_list":["post-123643","post","type-post","status-publish","format-standard","has-post-thumbnail","hentry","category-nacionales","tag-nacionales"],"_links":{"self":[{"href":"https:\/\/elmetropolitano.com.gt\/es\/wp-json\/wp\/v2\/posts\/123643","targetHints":{"allow":["GET"]}}],"collection":[{"href":"https:\/\/elmetropolitano.com.gt\/es\/wp-json\/wp\/v2\/posts"}],"about":[{"href":"https:\/\/elmetropolitano.com.gt\/es\/wp-json\/wp\/v2\/types\/post"}],"author":[{"embeddable":true,"href":"https:\/\/elmetropolitano.com.gt\/es\/wp-json\/wp\/v2\/users\/1"}],"replies":[{"embeddable":true,"href":"https:\/\/elmetropolitano.com.gt\/es\/wp-json\/wp\/v2\/comments?post=123643"}],"version-history":[{"count":1,"href":"https:\/\/elmetropolitano.com.gt\/es\/wp-json\/wp\/v2\/posts\/123643\/revisions"}],"predecessor-version":[{"id":123648,"href":"https:\/\/elmetropolitano.com.gt\/es\/wp-json\/wp\/v2\/posts\/123643\/revisions\/123648"}],"wp:featuredmedia":[{"embeddable":true,"href":"https:\/\/elmetropolitano.com.gt\/es\/wp-json\/wp\/v2\/media\/123644"}],"wp:attachment":[{"href":"https:\/\/elmetropolitano.com.gt\/es\/wp-json\/wp\/v2\/media?parent=123643"}],"wp:term":[{"taxonomy":"category","embeddable":true,"href":"https:\/\/elmetropolitano.com.gt\/es\/wp-json\/wp\/v2\/categories?post=123643"},{"taxonomy":"post_tag","embeddable":true,"href":"https:\/\/elmetropolitano.com.gt\/es\/wp-json\/wp\/v2\/tags?post=123643"}],"curies":[{"name":"wp","href":"https:\/\/api.w.org\/{rel}","templated":true}]}}