{"id":123649,"date":"2026-03-12T08:25:02","date_gmt":"2026-03-12T14:25:02","guid":{"rendered":"https:\/\/elmetropolitano.com.gt\/es\/?p=123649"},"modified":"2026-03-12T08:25:04","modified_gmt":"2026-03-12T14:25:04","slug":"diputado-nery-ramos-intermedia-para-agilizar-proyectos-viales-en-solola-y-jutiapa","status":"publish","type":"post","link":"https:\/\/elmetropolitano.com.gt\/es\/diputado-nery-ramos-intermedia-para-agilizar-proyectos-viales-en-solola-y-jutiapa\/","title":{"rendered":"Diputado Nery Ramos intermedia para agilizar proyectos viales en Solol\u00e1 y Jutiapa"},"content":{"rendered":"\n<p>El Primer Vicepresidente del Congreso de la Rep\u00fablica, Nery Ramos, junto a los diputados Gustavo Adolfo Cr\u00faz y Darwin Lucas, se reunieron con autoridades del Ministerio de Comunicaciones, Infraestructura y Vivienda-CIV, Direcci\u00f3n General de Caminos y el Fondo Social de Solidaridad, con el prop\u00f3sito de intermediar para agilizaci\u00f3n de proyectos viales en Solol\u00e1 y Jutiapa.<\/p>\n\n\n\n<p>En la actividad, se evalu\u00f3 el estado del tramo entre Santa Catarina y San Antonio Palop\u00f3, as\u00ed como el asfalto en el Caser\u00edo Chuacruz, el cual registra un 90% de avance f\u00edsico, pero requiere de una ampliaci\u00f3n contractual para su conclusi\u00f3n definitiva.<\/p><div class=\"elmet-contenido\" id=\"elmet-445622231\"><div class=\"elmet-adlabel\">Anuncios<\/div><div style=\"margin-top: 20px;margin-right: 20px;margin-bottom: 20px;margin-left: 20px;\" id=\"elmet-3508368145\"><a href=\"https:\/\/www.facebook.com\/arrincuanantigua\/\" aria-label=\"cintillo-arrin-cual\"><img loading=\"lazy\" decoding=\"async\" src=\"https:\/\/elmetropolitano.com.gt\/es\/wp-content\/uploads\/2021\/11\/cintillo-arrin-cual-1.jpg\" alt=\"\"  srcset=\"https:\/\/elmetropolitano.com.gt\/es\/wp-content\/uploads\/2021\/11\/cintillo-arrin-cual-1.jpg 750w, https:\/\/elmetropolitano.com.gt\/es\/wp-content\/uploads\/2021\/11\/cintillo-arrin-cual-1-300x36.jpg 300w, https:\/\/elmetropolitano.com.gt\/es\/wp-content\/uploads\/2021\/11\/cintillo-arrin-cual-1-600x72.jpg 600w\" sizes=\"(max-width: 750px) 100vw, 750px\" width=\"750\" height=\"90\"   \/><\/a><\/div><\/div>\n\n\n\n<p>As\u00ed como se trat\u00f3 el mejoramiento de la carretera en el km 134 de El Progreso, Jutiapa, donde existen complicaciones t\u00e9cnicas por condiciones del terreno.<\/p>\n\n\n\n<p>Ante la presencia de alcaldes y l\u00edderes comunitarios, el legislador Ramos y Ramos solicit\u00f3 un informe detallado sobre el avance financiero y la ruta t\u00e9cnica a seguir para resolver los retrasos heredados desde 2022 por incumplimientos de empresas constructoras.<\/p>\n\n\n\n<p><a href=\"https:\/\/www.facebook.com\/hashtag\/civ?__eep__=6&amp;__cft__[0]=AZZ5eGVTKeY9EbN4I-qc6zrO10IehbRzmSQ4OtRK6G9RwA70gd8c4y2WleO4f8lCQ4kSQOdwN6cAH00EkWUEO-wfKo-YNyg-w1kam4WO4WVoKkl5XElFjWWF9qLh1rgtQzGYsW8lYsIabhHUHOL-xqwJRA5UsgmKJwVBnB0aaMr-UfIvQhXDNy3mzl8AM4mPa1A&amp;__tn__=*NK-R\">#Civ<\/a><a href=\"https:\/\/www.facebook.com\/hashtag\/infraestructuravial?__eep__=6&amp;__cft__[0]=AZZ5eGVTKeY9EbN4I-qc6zrO10IehbRzmSQ4OtRK6G9RwA70gd8c4y2WleO4f8lCQ4kSQOdwN6cAH00EkWUEO-wfKo-YNyg-w1kam4WO4WVoKkl5XElFjWWF9qLh1rgtQzGYsW8lYsIabhHUHOL-xqwJRA5UsgmKJwVBnB0aaMr-UfIvQhXDNy3mzl8AM4mPa1A&amp;__tn__=*NK-R\">#InfraestructuraVial<\/a><a href=\"https:\/\/www.facebook.com\/hashtag\/jutiapa?__eep__=6&amp;__cft__[0]=AZZ5eGVTKeY9EbN4I-qc6zrO10IehbRzmSQ4OtRK6G9RwA70gd8c4y2WleO4f8lCQ4kSQOdwN6cAH00EkWUEO-wfKo-YNyg-w1kam4WO4WVoKkl5XElFjWWF9qLh1rgtQzGYsW8lYsIabhHUHOL-xqwJRA5UsgmKJwVBnB0aaMr-UfIvQhXDNy3mzl8AM4mPa1A&amp;__tn__=*NK-R\">#Jutiapa<\/a><a href=\"https:\/\/www.facebook.com\/hashtag\/solola?__eep__=6&amp;__cft__[0]=AZZ5eGVTKeY9EbN4I-qc6zrO10IehbRzmSQ4OtRK6G9RwA70gd8c4y2WleO4f8lCQ4kSQOdwN6cAH00EkWUEO-wfKo-YNyg-w1kam4WO4WVoKkl5XElFjWWF9qLh1rgtQzGYsW8lYsIabhHUHOL-xqwJRA5UsgmKJwVBnB0aaMr-UfIvQhXDNy3mzl8AM4mPa1A&amp;__tn__=*NK-R\">#Solola<\/a><a href=\"https:\/\/www.facebook.com\/hashtag\/metroredes?__eep__=6&amp;__cft__[0]=AZZ5eGVTKeY9EbN4I-qc6zrO10IehbRzmSQ4OtRK6G9RwA70gd8c4y2WleO4f8lCQ4kSQOdwN6cAH00EkWUEO-wfKo-YNyg-w1kam4WO4WVoKkl5XElFjWWF9qLh1rgtQzGYsW8lYsIabhHUHOL-xqwJRA5UsgmKJwVBnB0aaMr-UfIvQhXDNy3mzl8AM4mPa1A&amp;__tn__=*NK-R\">#metroredes<\/a><a href=\"https:\/\/www.facebook.com\/hashtag\/neryramos?__eep__=6&amp;__cft__[0]=AZZ5eGVTKeY9EbN4I-qc6zrO10IehbRzmSQ4OtRK6G9RwA70gd8c4y2WleO4f8lCQ4kSQOdwN6cAH00EkWUEO-wfKo-YNyg-w1kam4WO4WVoKkl5XElFjWWF9qLh1rgtQzGYsW8lYsIabhHUHOL-xqwJRA5UsgmKJwVBnB0aaMr-UfIvQhXDNy3mzl8AM4mPa1A&amp;__tn__=*NK-R\">#NeryRamos<\/a><\/p>\n\n\n\n<figure class=\"wp-block-gallery has-nested-images columns-default is-cropped wp-block-gallery-1 is-layout-flex wp-block-gallery-is-layout-flex\">\n<figure class=\"wp-block-image size-large\"><img loading=\"lazy\" decoding=\"async\" width=\"682\" height=\"1024\" data-id=\"123654\" src=\"https:\/\/elmetropolitano.com.gt\/es\/wp-content\/uploads\/2026\/03\/649178730_1485279786931433_3936201756927761525_n-682x1024.jpg\" alt=\"\" class=\"wp-image-123654\" srcset=\"https:\/\/elmetropolitano.com.gt\/es\/wp-content\/uploads\/2026\/03\/649178730_1485279786931433_3936201756927761525_n-682x1024.jpg 682w, https:\/\/elmetropolitano.com.gt\/es\/wp-content\/uploads\/2026\/03\/649178730_1485279786931433_3936201756927761525_n-200x300.jpg 200w, https:\/\/elmetropolitano.com.gt\/es\/wp-content\/uploads\/2026\/03\/649178730_1485279786931433_3936201756927761525_n-768x1153.jpg 768w, https:\/\/elmetropolitano.com.gt\/es\/wp-content\/uploads\/2026\/03\/649178730_1485279786931433_3936201756927761525_n-1023x1536.jpg 1023w, https:\/\/elmetropolitano.com.gt\/es\/wp-content\/uploads\/2026\/03\/649178730_1485279786931433_3936201756927761525_n.jpg 1066w\" sizes=\"auto, (max-width: 682px) 100vw, 682px\" \/><\/figure>\n\n\n\n<figure class=\"wp-block-image size-large\"><img loading=\"lazy\" decoding=\"async\" width=\"682\" height=\"1024\" data-id=\"123652\" src=\"https:\/\/elmetropolitano.com.gt\/es\/wp-content\/uploads\/2026\/03\/650311399_1485279856931426_8966408098568925630_n-682x1024.jpg\" alt=\"\" class=\"wp-image-123652\" srcset=\"https:\/\/elmetropolitano.com.gt\/es\/wp-content\/uploads\/2026\/03\/650311399_1485279856931426_8966408098568925630_n-682x1024.jpg 682w, https:\/\/elmetropolitano.com.gt\/es\/wp-content\/uploads\/2026\/03\/650311399_1485279856931426_8966408098568925630_n-200x300.jpg 200w, https:\/\/elmetropolitano.com.gt\/es\/wp-content\/uploads\/2026\/03\/650311399_1485279856931426_8966408098568925630_n-768x1153.jpg 768w, https:\/\/elmetropolitano.com.gt\/es\/wp-content\/uploads\/2026\/03\/650311399_1485279856931426_8966408098568925630_n-1023x1536.jpg 1023w, https:\/\/elmetropolitano.com.gt\/es\/wp-content\/uploads\/2026\/03\/650311399_1485279856931426_8966408098568925630_n.jpg 1066w\" sizes=\"auto, (max-width: 682px) 100vw, 682px\" \/><\/figure>\n\n\n\n<figure class=\"wp-block-image size-large\"><img loading=\"lazy\" decoding=\"async\" width=\"682\" height=\"1024\" data-id=\"123651\" src=\"https:\/\/elmetropolitano.com.gt\/es\/wp-content\/uploads\/2026\/03\/650365870_1485279826931429_271157643523067035_n-682x1024.jpg\" alt=\"\" class=\"wp-image-123651\" srcset=\"https:\/\/elmetropolitano.com.gt\/es\/wp-content\/uploads\/2026\/03\/650365870_1485279826931429_271157643523067035_n-682x1024.jpg 682w, https:\/\/elmetropolitano.com.gt\/es\/wp-content\/uploads\/2026\/03\/650365870_1485279826931429_271157643523067035_n-200x300.jpg 200w, https:\/\/elmetropolitano.com.gt\/es\/wp-content\/uploads\/2026\/03\/650365870_1485279826931429_271157643523067035_n-768x1153.jpg 768w, https:\/\/elmetropolitano.com.gt\/es\/wp-content\/uploads\/2026\/03\/650365870_1485279826931429_271157643523067035_n-1023x1536.jpg 1023w, https:\/\/elmetropolitano.com.gt\/es\/wp-content\/uploads\/2026\/03\/650365870_1485279826931429_271157643523067035_n.jpg 1066w\" sizes=\"auto, (max-width: 682px) 100vw, 682px\" \/><\/figure>\n\n\n\n<figure class=\"wp-block-image size-large\"><img loading=\"lazy\" decoding=\"async\" width=\"1024\" height=\"682\" data-id=\"123653\" src=\"https:\/\/elmetropolitano.com.gt\/es\/wp-content\/uploads\/2026\/03\/650817174_1485279833598095_3890324249469436820_n-1024x682.jpg\" alt=\"\" class=\"wp-image-123653\" srcset=\"https:\/\/elmetropolitano.com.gt\/es\/wp-content\/uploads\/2026\/03\/650817174_1485279833598095_3890324249469436820_n-1024x682.jpg 1024w, https:\/\/elmetropolitano.com.gt\/es\/wp-content\/uploads\/2026\/03\/650817174_1485279833598095_3890324249469436820_n-300x200.jpg 300w, https:\/\/elmetropolitano.com.gt\/es\/wp-content\/uploads\/2026\/03\/650817174_1485279833598095_3890324249469436820_n-768x512.jpg 768w, https:\/\/elmetropolitano.com.gt\/es\/wp-content\/uploads\/2026\/03\/650817174_1485279833598095_3890324249469436820_n-1536x1023.jpg 1536w, https:\/\/elmetropolitano.com.gt\/es\/wp-content\/uploads\/2026\/03\/650817174_1485279833598095_3890324249469436820_n.jpg 1600w\" sizes=\"auto, (max-width: 1024px) 100vw, 1024px\" \/><\/figure>\n\n\n\n<figure class=\"wp-block-image size-large\"><img loading=\"lazy\" decoding=\"async\" width=\"1024\" height=\"682\" data-id=\"123655\" src=\"https:\/\/elmetropolitano.com.gt\/es\/wp-content\/uploads\/2026\/03\/651079913_1485279796931432_7711179382052250536_n-1-1024x682.jpg\" alt=\"\" class=\"wp-image-123655\" srcset=\"https:\/\/elmetropolitano.com.gt\/es\/wp-content\/uploads\/2026\/03\/651079913_1485279796931432_7711179382052250536_n-1-1024x682.jpg 1024w, https:\/\/elmetropolitano.com.gt\/es\/wp-content\/uploads\/2026\/03\/651079913_1485279796931432_7711179382052250536_n-1-300x200.jpg 300w, https:\/\/elmetropolitano.com.gt\/es\/wp-content\/uploads\/2026\/03\/651079913_1485279796931432_7711179382052250536_n-1-768x512.jpg 768w, https:\/\/elmetropolitano.com.gt\/es\/wp-content\/uploads\/2026\/03\/651079913_1485279796931432_7711179382052250536_n-1-1536x1023.jpg 1536w, https:\/\/elmetropolitano.com.gt\/es\/wp-content\/uploads\/2026\/03\/651079913_1485279796931432_7711179382052250536_n-1.jpg 1600w\" sizes=\"auto, (max-width: 1024px) 100vw, 1024px\" \/><\/figure>\n<\/figure>\n","protected":false},"excerpt":{"rendered":"<p>El Primer Vicepresidente del Congreso de la Rep\u00fablica, Nery Ramos, junto a los diputados Gustavo Adolfo Cr\u00faz y Darwin Lucas, se reunieron con autoridades del Ministerio de Comunicaciones, Infraestructura y Vivienda-CIV, Direcci\u00f3n General de Caminos y el Fondo Social de Solidaridad, con el prop\u00f3sito de intermediar para agilizaci\u00f3n de proyectos viales en Solol\u00e1 y Jutiapa. <a class=\"read-more\" href=\"https:\/\/elmetropolitano.com.gt\/es\/diputado-nery-ramos-intermedia-para-agilizar-proyectos-viales-en-solola-y-jutiapa\/\">Leer m\u00e1s<\/a><\/p>\n","protected":false},"author":1,"featured_media":123650,"comment_status":"open","ping_status":"closed","sticky":false,"template":"","format":"standard","meta":{"footnotes":""},"categories":[4],"tags":[13],"class_list":["post-123649","post","type-post","status-publish","format-standard","has-post-thumbnail","hentry","category-departamentales","tag-departamentales"],"_links":{"self":[{"href":"https:\/\/elmetropolitano.com.gt\/es\/wp-json\/wp\/v2\/posts\/123649","targetHints":{"allow":["GET"]}}],"collection":[{"href":"https:\/\/elmetropolitano.com.gt\/es\/wp-json\/wp\/v2\/posts"}],"about":[{"href":"https:\/\/elmetropolitano.com.gt\/es\/wp-json\/wp\/v2\/types\/post"}],"author":[{"embeddable":true,"href":"https:\/\/elmetropolitano.com.gt\/es\/wp-json\/wp\/v2\/users\/1"}],"replies":[{"embeddable":true,"href":"https:\/\/elmetropolitano.com.gt\/es\/wp-json\/wp\/v2\/comments?post=123649"}],"version-history":[{"count":1,"href":"https:\/\/elmetropolitano.com.gt\/es\/wp-json\/wp\/v2\/posts\/123649\/revisions"}],"predecessor-version":[{"id":123656,"href":"https:\/\/elmetropolitano.com.gt\/es\/wp-json\/wp\/v2\/posts\/123649\/revisions\/123656"}],"wp:featuredmedia":[{"embeddable":true,"href":"https:\/\/elmetropolitano.com.gt\/es\/wp-json\/wp\/v2\/media\/123650"}],"wp:attachment":[{"href":"https:\/\/elmetropolitano.com.gt\/es\/wp-json\/wp\/v2\/media?parent=123649"}],"wp:term":[{"taxonomy":"category","embeddable":true,"href":"https:\/\/elmetropolitano.com.gt\/es\/wp-json\/wp\/v2\/categories?post=123649"},{"taxonomy":"post_tag","embeddable":true,"href":"https:\/\/elmetropolitano.com.gt\/es\/wp-json\/wp\/v2\/tags?post=123649"}],"curies":[{"name":"wp","href":"https:\/\/api.w.org\/{rel}","templated":true}]}}