{"id":123657,"date":"2026-03-12T08:27:33","date_gmt":"2026-03-12T14:27:33","guid":{"rendered":"https:\/\/elmetropolitano.com.gt\/es\/?p=123657"},"modified":"2026-03-12T08:27:35","modified_gmt":"2026-03-12T14:27:35","slug":"preparan-un-verano-seguro-en-las-playas-de-la-blanca-san-marcos","status":"publish","type":"post","link":"https:\/\/elmetropolitano.com.gt\/es\/preparan-un-verano-seguro-en-las-playas-de-la-blanca-san-marcos\/","title":{"rendered":"Preparan un verano seguro en las playas de la Blanca, San Marcos"},"content":{"rendered":"\n<p>La diputada Vivian Preciado del Partido Victoria desarroll\u00f3 este mi\u00e9rcoles una reuni\u00f3n interinstitucional para verificar la coordinaci\u00f3n del Sistema Nacional de Prevenci\u00f3n en Semana Santa -SINAPRESE-, en las playas de La Blanca, San Marcos para que estas sean seguras para los veraneantes.<\/p>\n\n\n\n<p>El encuentro reuni\u00f3 a distintas entidades, incluyendo Conred, INGUAT, -PROVIAL-, Ej\u00e9rcito, Cuerpos de Socorro y la alcaldesa local, entre otros funcionarios. El objetivo central fue establecer una log\u00edstica operativa que garantice la seguridad de los visitantes mediante la instalaci\u00f3n de campamentos, torres de vigilancia, control de lanchas, monitoreo clim\u00e1tico y la gesti\u00f3n de riesgos en \u00e1reas identificadas con corrientes de retorno, denominados alfaques.<\/p><div class=\"elmet-contenido\" id=\"elmet-1668662133\"><div class=\"elmet-adlabel\">Anuncios<\/div><div style=\"margin-top: 20px;margin-right: 20px;margin-bottom: 20px;margin-left: 20px;\" id=\"elmet-2160432511\"><a href=\"https:\/\/www.facebook.com\/arrincuanantigua\/\" aria-label=\"cintillo-arrin-cual\"><img loading=\"lazy\" decoding=\"async\" src=\"https:\/\/elmetropolitano.com.gt\/es\/wp-content\/uploads\/2021\/11\/cintillo-arrin-cual-1.jpg\" alt=\"\"  srcset=\"https:\/\/elmetropolitano.com.gt\/es\/wp-content\/uploads\/2021\/11\/cintillo-arrin-cual-1.jpg 750w, https:\/\/elmetropolitano.com.gt\/es\/wp-content\/uploads\/2021\/11\/cintillo-arrin-cual-1-300x36.jpg 300w, https:\/\/elmetropolitano.com.gt\/es\/wp-content\/uploads\/2021\/11\/cintillo-arrin-cual-1-600x72.jpg 600w\" sizes=\"(max-width: 750px) 100vw, 750px\" width=\"750\" height=\"90\"   \/><\/a><\/div><\/div>\n\n\n\n<p>Durante la sesi\u00f3n se definieron los roles espec\u00edficos de cada instituci\u00f3n, mientras que la Polic\u00eda Nacional Civil confirm\u00f3 la asignaci\u00f3n de 200 agentes y se discuti\u00f3 la necesidad de apoyo adicional de unidades antimotines para las playas.<\/p>\n\n\n\n<p>Por su parte, la municipalidad de La Blanca asumir\u00e1 responsabilidades log\u00edsticas como alimentaci\u00f3n y alojamiento para el personal de apoyo, y se enfatiz\u00f3 la necesidad de una comunicaci\u00f3n constante entre instituciones para activar protocolos de contingencia inmediatos.<\/p>\n\n\n\n<p>Se acord\u00f3 continuar la planificaci\u00f3n en una pr\u00f3xima reuni\u00f3n t\u00e9cnica en -CONRED- el 20 de marzo, previa a la inauguraci\u00f3n oficial de los servicios el d\u00eda 27.<\/p>\n\n\n\n<p><a href=\"https:\/\/www.facebook.com\/hashtag\/lablancasanmarcos?__eep__=6&amp;__cft__[0]=AZZuzPfVgOOWQBBMV5V8fjnLzBBpd3Bd69-EDYhChezeDiH5Ai1wIBd_cVhCMbmJVCjrVYxLkbp0H30PvIe6CDNapCBPTlsvSmLy9DobdS5i0LNZOv0XqNsMOGGGdAzFq0Dht88eZXW84DZDr_fAe3xdC5O5-ko1NvIlf8A0W6agczqIM5M-P24tBTVe6cI2LVKST95rlZdzsvr4gIO2Da2fYcrFO3NmlM0dtZkSmh84fw&amp;__tn__=*NK-y-R\">#LaBlancaSanMarcos<\/a><a href=\"https:\/\/www.facebook.com\/hashtag\/verano2026?__eep__=6&amp;__cft__[0]=AZZuzPfVgOOWQBBMV5V8fjnLzBBpd3Bd69-EDYhChezeDiH5Ai1wIBd_cVhCMbmJVCjrVYxLkbp0H30PvIe6CDNapCBPTlsvSmLy9DobdS5i0LNZOv0XqNsMOGGGdAzFq0Dht88eZXW84DZDr_fAe3xdC5O5-ko1NvIlf8A0W6agczqIM5M-P24tBTVe6cI2LVKST95rlZdzsvr4gIO2Da2fYcrFO3NmlM0dtZkSmh84fw&amp;__tn__=*NK-y-R\">#verano2026<\/a><\/p>\n\n\n\n<figure class=\"wp-block-gallery has-nested-images columns-default is-cropped wp-block-gallery-1 is-layout-flex wp-block-gallery-is-layout-flex\">\n<figure class=\"wp-block-image size-large\"><img loading=\"lazy\" decoding=\"async\" width=\"1024\" height=\"682\" data-id=\"123659\" src=\"https:\/\/elmetropolitano.com.gt\/es\/wp-content\/uploads\/2026\/03\/648609638_122219865800498726_3657907266489198062_n-1024x682.jpg\" alt=\"\" class=\"wp-image-123659\" srcset=\"https:\/\/elmetropolitano.com.gt\/es\/wp-content\/uploads\/2026\/03\/648609638_122219865800498726_3657907266489198062_n-1024x682.jpg 1024w, https:\/\/elmetropolitano.com.gt\/es\/wp-content\/uploads\/2026\/03\/648609638_122219865800498726_3657907266489198062_n-300x200.jpg 300w, https:\/\/elmetropolitano.com.gt\/es\/wp-content\/uploads\/2026\/03\/648609638_122219865800498726_3657907266489198062_n-768x512.jpg 768w, https:\/\/elmetropolitano.com.gt\/es\/wp-content\/uploads\/2026\/03\/648609638_122219865800498726_3657907266489198062_n.jpg 1280w\" sizes=\"auto, (max-width: 1024px) 100vw, 1024px\" \/><\/figure>\n\n\n\n<figure class=\"wp-block-image size-large\"><img loading=\"lazy\" decoding=\"async\" width=\"1024\" height=\"682\" data-id=\"123660\" src=\"https:\/\/elmetropolitano.com.gt\/es\/wp-content\/uploads\/2026\/03\/649173798_122219865758498726_2604659827273510452_n-1-1024x682.jpg\" alt=\"\" class=\"wp-image-123660\" srcset=\"https:\/\/elmetropolitano.com.gt\/es\/wp-content\/uploads\/2026\/03\/649173798_122219865758498726_2604659827273510452_n-1-1024x682.jpg 1024w, https:\/\/elmetropolitano.com.gt\/es\/wp-content\/uploads\/2026\/03\/649173798_122219865758498726_2604659827273510452_n-1-300x200.jpg 300w, https:\/\/elmetropolitano.com.gt\/es\/wp-content\/uploads\/2026\/03\/649173798_122219865758498726_2604659827273510452_n-1-768x512.jpg 768w, https:\/\/elmetropolitano.com.gt\/es\/wp-content\/uploads\/2026\/03\/649173798_122219865758498726_2604659827273510452_n-1.jpg 1280w\" sizes=\"auto, (max-width: 1024px) 100vw, 1024px\" \/><\/figure>\n\n\n\n<figure class=\"wp-block-image size-large\"><img loading=\"lazy\" decoding=\"async\" width=\"1024\" height=\"682\" data-id=\"123662\" src=\"https:\/\/elmetropolitano.com.gt\/es\/wp-content\/uploads\/2026\/03\/650638184_122219865764498726_3704848404988780764_n-1024x682.jpg\" alt=\"\" class=\"wp-image-123662\" srcset=\"https:\/\/elmetropolitano.com.gt\/es\/wp-content\/uploads\/2026\/03\/650638184_122219865764498726_3704848404988780764_n-1024x682.jpg 1024w, https:\/\/elmetropolitano.com.gt\/es\/wp-content\/uploads\/2026\/03\/650638184_122219865764498726_3704848404988780764_n-300x200.jpg 300w, https:\/\/elmetropolitano.com.gt\/es\/wp-content\/uploads\/2026\/03\/650638184_122219865764498726_3704848404988780764_n-768x512.jpg 768w, https:\/\/elmetropolitano.com.gt\/es\/wp-content\/uploads\/2026\/03\/650638184_122219865764498726_3704848404988780764_n.jpg 1280w\" sizes=\"auto, (max-width: 1024px) 100vw, 1024px\" \/><\/figure>\n\n\n\n<figure class=\"wp-block-image size-large\"><img loading=\"lazy\" decoding=\"async\" width=\"1024\" height=\"682\" data-id=\"123661\" src=\"https:\/\/elmetropolitano.com.gt\/es\/wp-content\/uploads\/2026\/03\/651174022_122219865788498726_7435304750584465908_n-1024x682.jpg\" alt=\"\" class=\"wp-image-123661\" srcset=\"https:\/\/elmetropolitano.com.gt\/es\/wp-content\/uploads\/2026\/03\/651174022_122219865788498726_7435304750584465908_n-1024x682.jpg 1024w, https:\/\/elmetropolitano.com.gt\/es\/wp-content\/uploads\/2026\/03\/651174022_122219865788498726_7435304750584465908_n-300x200.jpg 300w, https:\/\/elmetropolitano.com.gt\/es\/wp-content\/uploads\/2026\/03\/651174022_122219865788498726_7435304750584465908_n-768x512.jpg 768w, https:\/\/elmetropolitano.com.gt\/es\/wp-content\/uploads\/2026\/03\/651174022_122219865788498726_7435304750584465908_n.jpg 1280w\" sizes=\"auto, (max-width: 1024px) 100vw, 1024px\" \/><\/figure>\n<\/figure>\n","protected":false},"excerpt":{"rendered":"<p>La diputada Vivian Preciado del Partido Victoria desarroll\u00f3 este mi\u00e9rcoles una reuni\u00f3n interinstitucional para verificar la coordinaci\u00f3n del Sistema Nacional de Prevenci\u00f3n en Semana Santa -SINAPRESE-, en las playas de La Blanca, San Marcos para que estas sean seguras para los veraneantes. El encuentro reuni\u00f3 a distintas entidades, incluyendo Conred, INGUAT, -PROVIAL-, Ej\u00e9rcito, Cuerpos de <a class=\"read-more\" href=\"https:\/\/elmetropolitano.com.gt\/es\/preparan-un-verano-seguro-en-las-playas-de-la-blanca-san-marcos\/\">Leer m\u00e1s<\/a><\/p>\n","protected":false},"author":1,"featured_media":123658,"comment_status":"open","ping_status":"closed","sticky":false,"template":"","format":"standard","meta":{"footnotes":""},"categories":[4],"tags":[13],"class_list":["post-123657","post","type-post","status-publish","format-standard","has-post-thumbnail","hentry","category-departamentales","tag-departamentales"],"_links":{"self":[{"href":"https:\/\/elmetropolitano.com.gt\/es\/wp-json\/wp\/v2\/posts\/123657","targetHints":{"allow":["GET"]}}],"collection":[{"href":"https:\/\/elmetropolitano.com.gt\/es\/wp-json\/wp\/v2\/posts"}],"about":[{"href":"https:\/\/elmetropolitano.com.gt\/es\/wp-json\/wp\/v2\/types\/post"}],"author":[{"embeddable":true,"href":"https:\/\/elmetropolitano.com.gt\/es\/wp-json\/wp\/v2\/users\/1"}],"replies":[{"embeddable":true,"href":"https:\/\/elmetropolitano.com.gt\/es\/wp-json\/wp\/v2\/comments?post=123657"}],"version-history":[{"count":1,"href":"https:\/\/elmetropolitano.com.gt\/es\/wp-json\/wp\/v2\/posts\/123657\/revisions"}],"predecessor-version":[{"id":123663,"href":"https:\/\/elmetropolitano.com.gt\/es\/wp-json\/wp\/v2\/posts\/123657\/revisions\/123663"}],"wp:featuredmedia":[{"embeddable":true,"href":"https:\/\/elmetropolitano.com.gt\/es\/wp-json\/wp\/v2\/media\/123658"}],"wp:attachment":[{"href":"https:\/\/elmetropolitano.com.gt\/es\/wp-json\/wp\/v2\/media?parent=123657"}],"wp:term":[{"taxonomy":"category","embeddable":true,"href":"https:\/\/elmetropolitano.com.gt\/es\/wp-json\/wp\/v2\/categories?post=123657"},{"taxonomy":"post_tag","embeddable":true,"href":"https:\/\/elmetropolitano.com.gt\/es\/wp-json\/wp\/v2\/tags?post=123657"}],"curies":[{"name":"wp","href":"https:\/\/api.w.org\/{rel}","templated":true}]}}