{"id":123670,"date":"2026-03-12T17:38:24","date_gmt":"2026-03-12T23:38:24","guid":{"rendered":"https:\/\/elmetropolitano.com.gt\/es\/?p=123670"},"modified":"2026-03-12T17:38:26","modified_gmt":"2026-03-12T23:38:26","slug":"escandalo-en-la-anam-sebastian-siero-y-el-partido-unionista-secuestran-la-autonomia-municipal","status":"publish","type":"post","link":"https:\/\/elmetropolitano.com.gt\/es\/escandalo-en-la-anam-sebastian-siero-y-el-partido-unionista-secuestran-la-autonomia-municipal\/","title":{"rendered":"\u00a1Esc\u00e1ndalo en la Anam! Sebasti\u00e1n Siero y el partido Unionista secuestran la autonom\u00eda municipal"},"content":{"rendered":"\n<p>La Asociaci\u00f3n Nacional de Municipalidades (ANAM) enfrenta su crisis de credibilidad m\u00e1s profunda bajo la gesti\u00f3n de Sebasti\u00e1n Siero, quien es se\u00f1alado de pisotear el Art\u00edculo 1 de los estatutos al mantener la presidencia mientras funge como Secretario General del Partido Unionista. Esta ambici\u00f3n pol\u00edtica ha transformado una entidad que deber\u00eda ser \u00abapartidaria\u00bb en una maquinaria electoral al servicio de una sola bandera, traicionando la confianza de los 340 alcaldes del pa\u00eds que exigen neutralidad y respeto a la institucionalidad.<\/p>\n\n\n\n<p>La desfachatez llega a niveles alarmantes con la figura de Patrick Gramajo, Director Ejecutivo de la ANAM y hombre de confianza de Siero. Gramajo, ex candidato a alcalde por el unionismo, ocupa el cargo en violaci\u00f3n flagrante al Art\u00edculo 45, que proh\u00edbe terminantemente que directivos partidarios manejen la direcci\u00f3n ejecutiva. Denuncian que la instituci\u00f3n se ha convertido en una agencia de empleos y una central de operaciones pol\u00edticas, donde las reglas se ignoran para favorecer a los aliados del c\u00edrculo cercano del presidente Siero. <\/p><div class=\"elmet-contenido\" id=\"elmet-1955744963\"><div class=\"elmet-adlabel\">Anuncios<\/div><div style=\"margin-top: 20px;margin-right: 20px;margin-bottom: 20px;margin-left: 20px;\" id=\"elmet-2010520801\"><a href=\"https:\/\/www.facebook.com\/arrincuanantigua\/\" aria-label=\"cintillo-arrin-cual\"><img loading=\"lazy\" decoding=\"async\" src=\"https:\/\/elmetropolitano.com.gt\/es\/wp-content\/uploads\/2021\/11\/cintillo-arrin-cual-1.jpg\" alt=\"\"  srcset=\"https:\/\/elmetropolitano.com.gt\/es\/wp-content\/uploads\/2021\/11\/cintillo-arrin-cual-1.jpg 750w, https:\/\/elmetropolitano.com.gt\/es\/wp-content\/uploads\/2021\/11\/cintillo-arrin-cual-1-300x36.jpg 300w, https:\/\/elmetropolitano.com.gt\/es\/wp-content\/uploads\/2021\/11\/cintillo-arrin-cual-1-600x72.jpg 600w\" sizes=\"(max-width: 750px) 100vw, 750px\" width=\"750\" height=\"90\"   \/><\/a><\/div><\/div>\n\n\n\n<p>El esc\u00e1ndalo trasciende lo administrativo y entra en el terreno judicial con una presunta red de favores en la Corte de Constitucionalidad. Se revela que la magistrada Claudia Elizabeth Paniagua ha sido beneficiada con jugosos contratos que superan los Q177 mil quetzales para este 2026 en el Plan de Prestaciones del Empleado Municipal (PPEM), entidad controlada por Siero. Lo indignante es que estos beneficios habr\u00edan llegado apenas cinco d\u00edas despu\u00e9s de que la magistrada votara a favor de amparos que protegieron directamente la gesti\u00f3n del alcalde de Santa Catarina Pinula. <\/p>\n\n\n\n<p>Bajo la sombra del unionismo, los recursos de los trabajadores municipales parecen utilizarse como una \u00abcaja chica\u00bb para comprar lealtades y aceitar la maquinaria judicial que sostiene a Siero en el poder. Con salarios mensuales que superan los Q15 mil quetzales para asesores estrat\u00e9gicos en las cortes, la transparencia brilla por su ausencia. Mientras los municipios enfrentan carencias, la c\u00fapula de la ANAM prefiere blindar su estructura pol\u00edtica con dinero p\u00fablico, poniendo en jaque la autonom\u00eda y la \u00e9tica del municipalismo guatemalteco. <\/p>\n\n\n\n<p>\u00a1Guatemala exige cuentas claras! Es momento de que la ANAM vuelva a trabajar para los pueblos y no para las candidaturas de un grupo que antepone sus colores partidarios al bienestar de la naci\u00f3n. La autonom\u00eda municipal no puede ser moneda de cambio para la impunidad ni para el financiamiento de agendas pol\u00edticas particulares. \u00bfHasta cu\u00e1ndo se permitir\u00e1 este abuso de poder a plena luz del d\u00eda? <\/p>\n\n\n\n<p><a href=\"https:\/\/www.facebook.com\/hashtag\/justiciagt?__eep__=6&amp;__cft__[0]=AZbJw5-R2J56FisuRkcgT2H3cFusRAq4PjAs4nDJCg8VQ71kHeDWWaPRZHHjyzSi-i-iT6eMho-nEBL_SwQyLHKk48l4UyhLiBV5NHxNEGBn_rMRjBat17bFoWL4O8te6wP8i8X6OntUcUWPA6fyK3A5XB3SDvwsLPQZpJTmxlBDUTYOqeNSr33nCn8ezaHGGBnrkQ5cyQvaKOr1AFW3v52EOEeXFM8qUwf6OaT3cNhtFw&amp;__tn__=*NK-y-R\">#JusticiaGT<\/a><a href=\"https:\/\/www.facebook.com\/hashtag\/transparencia?__eep__=6&amp;__cft__[0]=AZbJw5-R2J56FisuRkcgT2H3cFusRAq4PjAs4nDJCg8VQ71kHeDWWaPRZHHjyzSi-i-iT6eMho-nEBL_SwQyLHKk48l4UyhLiBV5NHxNEGBn_rMRjBat17bFoWL4O8te6wP8i8X6OntUcUWPA6fyK3A5XB3SDvwsLPQZpJTmxlBDUTYOqeNSr33nCn8ezaHGGBnrkQ5cyQvaKOr1AFW3v52EOEeXFM8qUwf6OaT3cNhtFw&amp;__tn__=*NK-y-R\">#Transparencia<\/a><a href=\"https:\/\/www.facebook.com\/hashtag\/anam?__eep__=6&amp;__cft__[0]=AZbJw5-R2J56FisuRkcgT2H3cFusRAq4PjAs4nDJCg8VQ71kHeDWWaPRZHHjyzSi-i-iT6eMho-nEBL_SwQyLHKk48l4UyhLiBV5NHxNEGBn_rMRjBat17bFoWL4O8te6wP8i8X6OntUcUWPA6fyK3A5XB3SDvwsLPQZpJTmxlBDUTYOqeNSr33nCn8ezaHGGBnrkQ5cyQvaKOr1AFW3v52EOEeXFM8qUwf6OaT3cNhtFw&amp;__tn__=*NK-y-R\">#ANAM<\/a><a href=\"https:\/\/www.facebook.com\/hashtag\/guatemala?__eep__=6&amp;__cft__[0]=AZbJw5-R2J56FisuRkcgT2H3cFusRAq4PjAs4nDJCg8VQ71kHeDWWaPRZHHjyzSi-i-iT6eMho-nEBL_SwQyLHKk48l4UyhLiBV5NHxNEGBn_rMRjBat17bFoWL4O8te6wP8i8X6OntUcUWPA6fyK3A5XB3SDvwsLPQZpJTmxlBDUTYOqeNSr33nCn8ezaHGGBnrkQ5cyQvaKOr1AFW3v52EOEeXFM8qUwf6OaT3cNhtFw&amp;__tn__=*NK-y-R\">#Guatemala<\/a><a href=\"https:\/\/www.facebook.com\/hashtag\/noalelectoralismo?__eep__=6&amp;__cft__[0]=AZbJw5-R2J56FisuRkcgT2H3cFusRAq4PjAs4nDJCg8VQ71kHeDWWaPRZHHjyzSi-i-iT6eMho-nEBL_SwQyLHKk48l4UyhLiBV5NHxNEGBn_rMRjBat17bFoWL4O8te6wP8i8X6OntUcUWPA6fyK3A5XB3SDvwsLPQZpJTmxlBDUTYOqeNSr33nCn8ezaHGGBnrkQ5cyQvaKOr1AFW3v52EOEeXFM8qUwf6OaT3cNhtFw&amp;__tn__=*NK-y-R\">#NoAlElectoralismo<\/a><\/p>\n\n\n\n<figure class=\"wp-block-gallery has-nested-images columns-default is-cropped wp-block-gallery-1 is-layout-flex wp-block-gallery-is-layout-flex\">\n<figure class=\"wp-block-image size-large\"><img loading=\"lazy\" decoding=\"async\" width=\"819\" height=\"1024\" data-id=\"123672\" src=\"https:\/\/elmetropolitano.com.gt\/es\/wp-content\/uploads\/2026\/03\/649495974_122248376480134468_4855116054688808699_n.jpg\" alt=\"\" class=\"wp-image-123672\" srcset=\"https:\/\/elmetropolitano.com.gt\/es\/wp-content\/uploads\/2026\/03\/649495974_122248376480134468_4855116054688808699_n.jpg 819w, https:\/\/elmetropolitano.com.gt\/es\/wp-content\/uploads\/2026\/03\/649495974_122248376480134468_4855116054688808699_n-240x300.jpg 240w, https:\/\/elmetropolitano.com.gt\/es\/wp-content\/uploads\/2026\/03\/649495974_122248376480134468_4855116054688808699_n-768x960.jpg 768w\" sizes=\"auto, (max-width: 819px) 100vw, 819px\" \/><\/figure>\n\n\n\n<figure class=\"wp-block-image size-large\"><img loading=\"lazy\" decoding=\"async\" width=\"1024\" height=\"1024\" data-id=\"123675\" src=\"https:\/\/elmetropolitano.com.gt\/es\/wp-content\/uploads\/2026\/03\/649602103_122248376306134468_2468195735795291068_n-1.jpg\" alt=\"\" class=\"wp-image-123675\" srcset=\"https:\/\/elmetropolitano.com.gt\/es\/wp-content\/uploads\/2026\/03\/649602103_122248376306134468_2468195735795291068_n-1.jpg 1024w, https:\/\/elmetropolitano.com.gt\/es\/wp-content\/uploads\/2026\/03\/649602103_122248376306134468_2468195735795291068_n-1-300x300.jpg 300w, https:\/\/elmetropolitano.com.gt\/es\/wp-content\/uploads\/2026\/03\/649602103_122248376306134468_2468195735795291068_n-1-150x150.jpg 150w, https:\/\/elmetropolitano.com.gt\/es\/wp-content\/uploads\/2026\/03\/649602103_122248376306134468_2468195735795291068_n-1-768x768.jpg 768w\" sizes=\"auto, (max-width: 1024px) 100vw, 1024px\" \/><\/figure>\n\n\n\n<figure class=\"wp-block-image size-large\"><img loading=\"lazy\" decoding=\"async\" width=\"800\" height=\"800\" data-id=\"123674\" src=\"https:\/\/elmetropolitano.com.gt\/es\/wp-content\/uploads\/2026\/03\/650335349_122248376366134468_4645906503984090178_n.jpg\" alt=\"\" class=\"wp-image-123674\" srcset=\"https:\/\/elmetropolitano.com.gt\/es\/wp-content\/uploads\/2026\/03\/650335349_122248376366134468_4645906503984090178_n.jpg 800w, https:\/\/elmetropolitano.com.gt\/es\/wp-content\/uploads\/2026\/03\/650335349_122248376366134468_4645906503984090178_n-300x300.jpg 300w, https:\/\/elmetropolitano.com.gt\/es\/wp-content\/uploads\/2026\/03\/650335349_122248376366134468_4645906503984090178_n-150x150.jpg 150w, https:\/\/elmetropolitano.com.gt\/es\/wp-content\/uploads\/2026\/03\/650335349_122248376366134468_4645906503984090178_n-768x768.jpg 768w\" sizes=\"auto, (max-width: 800px) 100vw, 800px\" \/><\/figure>\n\n\n\n<figure class=\"wp-block-image size-large\"><img loading=\"lazy\" decoding=\"async\" width=\"1000\" height=\"740\" data-id=\"123673\" src=\"https:\/\/elmetropolitano.com.gt\/es\/wp-content\/uploads\/2026\/03\/651176578_122248376432134468_1305505933544934490_n.jpg\" alt=\"\" class=\"wp-image-123673\" srcset=\"https:\/\/elmetropolitano.com.gt\/es\/wp-content\/uploads\/2026\/03\/651176578_122248376432134468_1305505933544934490_n.jpg 1000w, https:\/\/elmetropolitano.com.gt\/es\/wp-content\/uploads\/2026\/03\/651176578_122248376432134468_1305505933544934490_n-300x222.jpg 300w, https:\/\/elmetropolitano.com.gt\/es\/wp-content\/uploads\/2026\/03\/651176578_122248376432134468_1305505933544934490_n-768x568.jpg 768w\" sizes=\"auto, (max-width: 1000px) 100vw, 1000px\" \/><\/figure>\n<\/figure>\n","protected":false},"excerpt":{"rendered":"<p>La Asociaci\u00f3n Nacional de Municipalidades (ANAM) enfrenta su crisis de credibilidad m\u00e1s profunda bajo la gesti\u00f3n de Sebasti\u00e1n Siero, quien es se\u00f1alado de pisotear el Art\u00edculo 1 de los estatutos al mantener la presidencia mientras funge como Secretario General del Partido Unionista. Esta ambici\u00f3n pol\u00edtica ha transformado una entidad que deber\u00eda ser \u00abapartidaria\u00bb en una <a class=\"read-more\" href=\"https:\/\/elmetropolitano.com.gt\/es\/escandalo-en-la-anam-sebastian-siero-y-el-partido-unionista-secuestran-la-autonomia-municipal\/\">Leer m\u00e1s<\/a><\/p>\n","protected":false},"author":1,"featured_media":123671,"comment_status":"open","ping_status":"closed","sticky":false,"template":"","format":"standard","meta":{"footnotes":""},"categories":[2],"tags":[12],"class_list":["post-123670","post","type-post","status-publish","format-standard","has-post-thumbnail","hentry","category-nacionales","tag-nacionales"],"_links":{"self":[{"href":"https:\/\/elmetropolitano.com.gt\/es\/wp-json\/wp\/v2\/posts\/123670","targetHints":{"allow":["GET"]}}],"collection":[{"href":"https:\/\/elmetropolitano.com.gt\/es\/wp-json\/wp\/v2\/posts"}],"about":[{"href":"https:\/\/elmetropolitano.com.gt\/es\/wp-json\/wp\/v2\/types\/post"}],"author":[{"embeddable":true,"href":"https:\/\/elmetropolitano.com.gt\/es\/wp-json\/wp\/v2\/users\/1"}],"replies":[{"embeddable":true,"href":"https:\/\/elmetropolitano.com.gt\/es\/wp-json\/wp\/v2\/comments?post=123670"}],"version-history":[{"count":1,"href":"https:\/\/elmetropolitano.com.gt\/es\/wp-json\/wp\/v2\/posts\/123670\/revisions"}],"predecessor-version":[{"id":123676,"href":"https:\/\/elmetropolitano.com.gt\/es\/wp-json\/wp\/v2\/posts\/123670\/revisions\/123676"}],"wp:featuredmedia":[{"embeddable":true,"href":"https:\/\/elmetropolitano.com.gt\/es\/wp-json\/wp\/v2\/media\/123671"}],"wp:attachment":[{"href":"https:\/\/elmetropolitano.com.gt\/es\/wp-json\/wp\/v2\/media?parent=123670"}],"wp:term":[{"taxonomy":"category","embeddable":true,"href":"https:\/\/elmetropolitano.com.gt\/es\/wp-json\/wp\/v2\/categories?post=123670"},{"taxonomy":"post_tag","embeddable":true,"href":"https:\/\/elmetropolitano.com.gt\/es\/wp-json\/wp\/v2\/tags?post=123670"}],"curies":[{"name":"wp","href":"https:\/\/api.w.org\/{rel}","templated":true}]}}