{"id":123681,"date":"2026-03-12T18:39:21","date_gmt":"2026-03-13T00:39:21","guid":{"rendered":"https:\/\/elmetropolitano.com.gt\/es\/?p=123681"},"modified":"2026-03-12T18:39:22","modified_gmt":"2026-03-13T00:39:22","slug":"cerca-de-un-millon-de-guatemaltecos-se-beneficiaran-con-el-mantenimiento-de-175-821-kilometros-en-la-zona-reina","status":"publish","type":"post","link":"https:\/\/elmetropolitano.com.gt\/es\/cerca-de-un-millon-de-guatemaltecos-se-beneficiaran-con-el-mantenimiento-de-175-821-kilometros-en-la-zona-reina\/","title":{"rendered":"Cerca de un mill\u00f3n de guatemaltecos se beneficiar\u00e1n con el mantenimiento de 175.821 kil\u00f3metros en la zona Reina"},"content":{"rendered":"\n<p>Este jueves, el presidente de la Rep\u00fablica, Bernardo Ar\u00e9valo, dio el banderazo para el inicio de los trabajos de mantenimiento en la Zona Reina.<\/p>\n\n\n\n<p>Al mandatario estuvo acompa\u00f1ado por la ministra de Comunicaciones, Infraestructura y Vivienda (CIV), Norma Lissette Zea Osorio, se\u00f1al\u00f3:<\/p><div class=\"elmet-contenido\" id=\"elmet-1530978516\"><div class=\"elmet-adlabel\">Anuncios<\/div><div style=\"margin-top: 20px;margin-right: 20px;margin-bottom: 20px;margin-left: 20px;\" id=\"elmet-2015525708\"><a href=\"https:\/\/www.facebook.com\/arrincuanantigua\/\" aria-label=\"cintillo-arrin-cual\"><img loading=\"lazy\" decoding=\"async\" src=\"https:\/\/elmetropolitano.com.gt\/es\/wp-content\/uploads\/2021\/11\/cintillo-arrin-cual-1.jpg\" alt=\"\"  srcset=\"https:\/\/elmetropolitano.com.gt\/es\/wp-content\/uploads\/2021\/11\/cintillo-arrin-cual-1.jpg 750w, https:\/\/elmetropolitano.com.gt\/es\/wp-content\/uploads\/2021\/11\/cintillo-arrin-cual-1-300x36.jpg 300w, https:\/\/elmetropolitano.com.gt\/es\/wp-content\/uploads\/2021\/11\/cintillo-arrin-cual-1-600x72.jpg 600w\" sizes=\"(max-width: 750px) 100vw, 750px\" width=\"750\" height=\"90\"   \/><\/a><\/div><\/div>\n\n\n\n<p>Esta iniciativa del CIV favorecer\u00e1 a cerca de un mill\u00f3n de personas, de manera directa e indirecta, abriendo grandes oportunidades en lo econ\u00f3mico y social para las comunidades que durante a\u00f1os han vivido en condiciones de abandono.<\/p>\n\n\n\n<p>Este esfuerzo ayudar\u00e1 principalmente a los productores locales a reducir sus costos de transporte, mejorando las condiciones para la comercializaci\u00f3n de productos como el cardamomo, achiote, ma\u00edz y otros cultivos.<\/p>\n\n\n\n<p>Sobre el proyecto<\/p>\n\n\n\n<p>Este proyecto abarca cinco tramos de carretera que, en conjunto, los que suman un total de 175.821 kil\u00f3metros, de los cuales 87.051 kil\u00f3metros corresponden a pavimento asf\u00e1ltico y 87.77 kil\u00f3metros de terracer\u00eda.<\/p>\n\n\n\n<p>Los trabajos, que se realizar\u00e1n entre los meses de marzo a junio, generar\u00e1n desarrollo para toda la regi\u00f3n.<\/p>\n\n\n\n<p>Adem\u00e1s, la reducci\u00f3n de los tiempos de traslado contribuir\u00e1 a una mejor calidad en el acceso a servicios b\u00e1sicos como salud y educaci\u00f3n, disminuyendo riesgos y abriendo nuevas oportunidades para la juventud.<\/p>\n\n\n\n<p>Cinco tramos carreteros<\/p>\n\n\n\n<p>Para que estos beneficios lleguen a las comunidades, m\u00e1s de 100 colaboradores del Fondo Social de Solidaridad (FSS) y de cinco Zonas Viales de la Direcci\u00f3n General de Caminos (DGC), trabajar\u00e1n de forma conjunta en cinco tramos carreteros desde Chicam\u00e1n hasta Ixc\u00e1n. El proyecto comprende cinco tramos clave:<\/p>\n\n\n\n<p>Tramo I: Chicam\u00e1n \u2013 El Soch \u2013 Seca (RD-QUI-21)<\/p>\n\n\n\n<p>En este tramo, se ejecutar\u00e1n trabajos complementarios en terracer\u00eda, como la construcci\u00f3n de un muro de gaviones en la estaci\u00f3n 22+097, para evitar hundimientos y posibles accidentes. Adem\u00e1s, se proceder\u00e1 con el retiro de derrumbes.<\/p>\n\n\n\n<p>Tramo II: Seca \u2013 Lancetillo \u2013 Saquixpec \u2013 El Para\u00edso (RD-QUI-21)<\/p>\n\n\n\n<p>Los trabajos ser\u00e1n efectuados por el personal de la Zona Vial 13 de Quich\u00e9, con apoyo de maquinaria de FODES. Se contar\u00e1 con un equipo de 31 personas, incluyendo peones, pilotos, ingenieros y operadores.<\/p>\n\n\n\n<p>Tramo III: La Libertad \u2013 R\u00edo Cop\u00f3n \u2013 Ascensi\u00f3n Cop\u00f3n \u2013 San Juanchactel\u00e1 (RD-QUI-21)<\/p>\n\n\n\n<p>Este punto incluye la intervenci\u00f3n en los bancos de materiales de la comunidad y el retiro de material del r\u00edo Mop\u00e1n. Tambi\u00e9n se har\u00e1n intervenciones de sellado de grietas y colocaci\u00f3n de alcantarillas debido a deslizamientos.<\/p>\n\n\n\n<p>Tramo IV: San Juan Chactel\u00e1 \u2013 Ixc\u00e1n (RD-QUI-21)<\/p>\n\n\n\n<p>Se finalizar\u00e1 la construcci\u00f3n de un puente, que actualmente est\u00e1 pendiente de la construcci\u00f3n de entradas y salidas.<\/p>\n\n\n\n<p>Tramo V: Lanqu\u00edn \u2013 Cahab\u00f3n (RD-AV-06)<\/p>\n\n\n\n<p>En el \u00e1rea de terracer\u00eda se reparar\u00e1 la losa de rodadura del puente por baches, de acuerdo con las solicitudes de la comunidad.<\/p>\n\n\n\n<p>Las carreteras son las venas del desarrollo, y la Pol\u00edtica General de Gobierno en el eje No. 5, Infraestructura Econ\u00f3mica para el Buen Vivir: Conectividad y Desarrollo Productivo, busca mejorar la calidad de vida y conectar comunidades mediante la inversi\u00f3n en carreteras.<\/p>\n\n\n\n<p>Este plan prioriza el desarrollo rural, la sostenibilidad y la participaci\u00f3n comunitaria, aline\u00e1ndose con el compromiso del Gobierno de impulsar un desarrollo integral y equitativo para todos los guatemaltecos.<\/p>\n\n\n\n<p>Texto Branda Larios<\/p>\n\n\n\n<p>#CIV #metroredes <a href=\"http:\/\/www.elmetropolitano.com.gt\">www.elmetropolitano.com.gt<\/a> <a href=\"http:\/\/www.metroredes.com\">www.metroredes.com<\/a> <a href=\"http:\/\/www.elescuintleco.com\">www.elescuintleco.com<\/a><\/p>\n\n\n\n<figure class=\"wp-block-gallery has-nested-images columns-default is-cropped wp-block-gallery-1 is-layout-flex wp-block-gallery-is-layout-flex\"><\/figure>\n","protected":false},"excerpt":{"rendered":"<p>Este jueves, el presidente de la Rep\u00fablica, Bernardo Ar\u00e9valo, dio el banderazo para el inicio de los trabajos de mantenimiento en la Zona Reina. Al mandatario estuvo acompa\u00f1ado por la ministra de Comunicaciones, Infraestructura y Vivienda (CIV), Norma Lissette Zea Osorio, se\u00f1al\u00f3: Esta iniciativa del CIV favorecer\u00e1 a cerca de un mill\u00f3n de personas, de <a class=\"read-more\" href=\"https:\/\/elmetropolitano.com.gt\/es\/cerca-de-un-millon-de-guatemaltecos-se-beneficiaran-con-el-mantenimiento-de-175-821-kilometros-en-la-zona-reina\/\">Leer m\u00e1s<\/a><\/p>\n","protected":false},"author":1,"featured_media":123682,"comment_status":"open","ping_status":"closed","sticky":false,"template":"","format":"standard","meta":{"footnotes":""},"categories":[4],"tags":[13],"class_list":["post-123681","post","type-post","status-publish","format-standard","has-post-thumbnail","hentry","category-departamentales","tag-departamentales"],"_links":{"self":[{"href":"https:\/\/elmetropolitano.com.gt\/es\/wp-json\/wp\/v2\/posts\/123681","targetHints":{"allow":["GET"]}}],"collection":[{"href":"https:\/\/elmetropolitano.com.gt\/es\/wp-json\/wp\/v2\/posts"}],"about":[{"href":"https:\/\/elmetropolitano.com.gt\/es\/wp-json\/wp\/v2\/types\/post"}],"author":[{"embeddable":true,"href":"https:\/\/elmetropolitano.com.gt\/es\/wp-json\/wp\/v2\/users\/1"}],"replies":[{"embeddable":true,"href":"https:\/\/elmetropolitano.com.gt\/es\/wp-json\/wp\/v2\/comments?post=123681"}],"version-history":[{"count":1,"href":"https:\/\/elmetropolitano.com.gt\/es\/wp-json\/wp\/v2\/posts\/123681\/revisions"}],"predecessor-version":[{"id":123684,"href":"https:\/\/elmetropolitano.com.gt\/es\/wp-json\/wp\/v2\/posts\/123681\/revisions\/123684"}],"wp:featuredmedia":[{"embeddable":true,"href":"https:\/\/elmetropolitano.com.gt\/es\/wp-json\/wp\/v2\/media\/123682"}],"wp:attachment":[{"href":"https:\/\/elmetropolitano.com.gt\/es\/wp-json\/wp\/v2\/media?parent=123681"}],"wp:term":[{"taxonomy":"category","embeddable":true,"href":"https:\/\/elmetropolitano.com.gt\/es\/wp-json\/wp\/v2\/categories?post=123681"},{"taxonomy":"post_tag","embeddable":true,"href":"https:\/\/elmetropolitano.com.gt\/es\/wp-json\/wp\/v2\/tags?post=123681"}],"curies":[{"name":"wp","href":"https:\/\/api.w.org\/{rel}","templated":true}]}}