{"id":123714,"date":"2026-03-13T09:01:51","date_gmt":"2026-03-13T15:01:51","guid":{"rendered":"https:\/\/elmetropolitano.com.gt\/es\/?p=123714"},"modified":"2026-03-13T09:01:52","modified_gmt":"2026-03-13T15:01:52","slug":"autoridades-del-sistema-penitenciario-visitan-carceles-de-queretaro-mexico","status":"publish","type":"post","link":"https:\/\/elmetropolitano.com.gt\/es\/autoridades-del-sistema-penitenciario-visitan-carceles-de-queretaro-mexico\/","title":{"rendered":"Autoridades del Sistema Penitenciario Visitan c\u00e1rceles de Quer\u00e9taro, M\u00e9xico"},"content":{"rendered":"\n<p>Como parte del compromiso por fortalecer el Modelo de Gesti\u00f3n Penitenciaria, autoridades de la Direcci\u00f3n General del Sistema Penitenciario realizaron una visita t\u00e9cnica al sistema penitenciario del estado de Quer\u00e9taro, M\u00e9xico, reconocido por sus buenas pr\u00e1cticas en administraci\u00f3n penitenciaria y programas de reinserci\u00f3n social.<\/p>\n\n\n\n<p>La delegaci\u00f3n estuvo integrada por el Director General del Sistema Penitenciario, Jorge L\u00f3pez, el Viceministro de Seguridad, Roberto Sol\u00f3rzano y el director del Nuevo Modelo de Gesti\u00f3n Penitenciaria, Juan Carlos Corzo.<\/p><div class=\"elmet-contenido\" id=\"elmet-1442674840\"><div class=\"elmet-adlabel\">Anuncios<\/div><div style=\"margin-top: 20px;margin-right: 20px;margin-bottom: 20px;margin-left: 20px;\" id=\"elmet-2633106648\"><a href=\"https:\/\/www.facebook.com\/arrincuanantigua\/\" aria-label=\"cintillo-arrin-cual\"><img loading=\"lazy\" decoding=\"async\" src=\"https:\/\/elmetropolitano.com.gt\/es\/wp-content\/uploads\/2021\/11\/cintillo-arrin-cual-1.jpg\" alt=\"\"  srcset=\"https:\/\/elmetropolitano.com.gt\/es\/wp-content\/uploads\/2021\/11\/cintillo-arrin-cual-1.jpg 750w, https:\/\/elmetropolitano.com.gt\/es\/wp-content\/uploads\/2021\/11\/cintillo-arrin-cual-1-300x36.jpg 300w, https:\/\/elmetropolitano.com.gt\/es\/wp-content\/uploads\/2021\/11\/cintillo-arrin-cual-1-600x72.jpg 600w\" sizes=\"(max-width: 750px) 100vw, 750px\" width=\"750\" height=\"90\"   \/><\/a><\/div><\/div>\n\n\n\n<p>Durante la visita fueron recibidos por el gobernador del estado de Quer\u00e9taro, Mauricio Kuri, y autoridades penitenciarias, con quienes sostuvieron reuniones t\u00e9cnicas para conocer estrategias en materia de seguridad, gesti\u00f3n penitenciaria y programas de reinserci\u00f3n.<\/p>\n\n\n\n<p>Este intercambio de experiencias fortalece los procesos de modernizaci\u00f3n del Sistema Penitenciario de Guatemala y contribuye a seguir construyendo un modelo basado en seguridad, orden y oportunidades de reinserci\u00f3n.<\/p>\n\n\n\n<p><a href=\"https:\/\/www.facebook.com\/hashtag\/sistemapenitenciariogt?__eep__=6&amp;__cft__[0]=AZZVp7ZJKOI4TQRIiOH1BSeFoZ2pqRrX5dnxhkSUCgRqKQh5f66wA5FDROjz8iqPmiEpm-i38lNp0g9-xy3beYugShNVucAt01STfeyyn5-D4VYpzm90wEkmkez7d3tlxz_Bm6tMT7GoX-A_ef_NjzKPcxljcpgM5pEGQ760O36SnmyNpWZc2KjKjzRqAsDs9aM&amp;__tn__=*NK-R\">#SistemaPenitenciarioGT<\/a><a href=\"https:\/\/www.facebook.com\/hashtag\/metroredes?__eep__=6&amp;__cft__[0]=AZZVp7ZJKOI4TQRIiOH1BSeFoZ2pqRrX5dnxhkSUCgRqKQh5f66wA5FDROjz8iqPmiEpm-i38lNp0g9-xy3beYugShNVucAt01STfeyyn5-D4VYpzm90wEkmkez7d3tlxz_Bm6tMT7GoX-A_ef_NjzKPcxljcpgM5pEGQ760O36SnmyNpWZc2KjKjzRqAsDs9aM&amp;__tn__=*NK-R\">#metroredes<\/a>  <a href=\"https:\/\/www.facebook.com\/hashtag\/seguridadcontransparencia?__eep__=6&amp;__cft__[0]=AZZVp7ZJKOI4TQRIiOH1BSeFoZ2pqRrX5dnxhkSUCgRqKQh5f66wA5FDROjz8iqPmiEpm-i38lNp0g9-xy3beYugShNVucAt01STfeyyn5-D4VYpzm90wEkmkez7d3tlxz_Bm6tMT7GoX-A_ef_NjzKPcxljcpgM5pEGQ760O36SnmyNpWZc2KjKjzRqAsDs9aM&amp;__tn__=*NK-R\">#SeguridadConTransparencia<\/a><a href=\"https:\/\/www.facebook.com\/hashtag\/carcel?__eep__=6&amp;__cft__[0]=AZZVp7ZJKOI4TQRIiOH1BSeFoZ2pqRrX5dnxhkSUCgRqKQh5f66wA5FDROjz8iqPmiEpm-i38lNp0g9-xy3beYugShNVucAt01STfeyyn5-D4VYpzm90wEkmkez7d3tlxz_Bm6tMT7GoX-A_ef_NjzKPcxljcpgM5pEGQ760O36SnmyNpWZc2KjKjzRqAsDs9aM&amp;__tn__=*NK-R\">#Carcel<\/a><\/p>\n\n\n\n<figure class=\"wp-block-gallery has-nested-images columns-default is-cropped wp-block-gallery-1 is-layout-flex wp-block-gallery-is-layout-flex\">\n<figure class=\"wp-block-image size-large\"><img loading=\"lazy\" decoding=\"async\" width=\"1024\" height=\"768\" data-id=\"123717\" src=\"https:\/\/elmetropolitano.com.gt\/es\/wp-content\/uploads\/2026\/03\/649368030_1486190126840399_8498714989275369548_n-1024x768.jpg\" alt=\"\" class=\"wp-image-123717\" srcset=\"https:\/\/elmetropolitano.com.gt\/es\/wp-content\/uploads\/2026\/03\/649368030_1486190126840399_8498714989275369548_n-1024x768.jpg 1024w, https:\/\/elmetropolitano.com.gt\/es\/wp-content\/uploads\/2026\/03\/649368030_1486190126840399_8498714989275369548_n-300x225.jpg 300w, https:\/\/elmetropolitano.com.gt\/es\/wp-content\/uploads\/2026\/03\/649368030_1486190126840399_8498714989275369548_n-768x576.jpg 768w, https:\/\/elmetropolitano.com.gt\/es\/wp-content\/uploads\/2026\/03\/649368030_1486190126840399_8498714989275369548_n.jpg 1080w\" sizes=\"auto, (max-width: 1024px) 100vw, 1024px\" \/><\/figure>\n\n\n\n<figure class=\"wp-block-image size-large\"><img loading=\"lazy\" decoding=\"async\" width=\"1024\" height=\"768\" data-id=\"123719\" src=\"https:\/\/elmetropolitano.com.gt\/es\/wp-content\/uploads\/2026\/03\/650310313_1486190103507068_5249149972003214451_n-1024x768.jpg\" alt=\"\" class=\"wp-image-123719\" srcset=\"https:\/\/elmetropolitano.com.gt\/es\/wp-content\/uploads\/2026\/03\/650310313_1486190103507068_5249149972003214451_n-1024x768.jpg 1024w, https:\/\/elmetropolitano.com.gt\/es\/wp-content\/uploads\/2026\/03\/650310313_1486190103507068_5249149972003214451_n-300x225.jpg 300w, https:\/\/elmetropolitano.com.gt\/es\/wp-content\/uploads\/2026\/03\/650310313_1486190103507068_5249149972003214451_n-768x576.jpg 768w, https:\/\/elmetropolitano.com.gt\/es\/wp-content\/uploads\/2026\/03\/650310313_1486190103507068_5249149972003214451_n.jpg 1080w\" sizes=\"auto, (max-width: 1024px) 100vw, 1024px\" \/><\/figure>\n\n\n\n<figure class=\"wp-block-image size-large\"><img loading=\"lazy\" decoding=\"async\" width=\"959\" height=\"843\" data-id=\"123716\" src=\"https:\/\/elmetropolitano.com.gt\/es\/wp-content\/uploads\/2026\/03\/650928493_1486189110173834_5061881259371794594_n-1.jpg\" alt=\"\" class=\"wp-image-123716\" srcset=\"https:\/\/elmetropolitano.com.gt\/es\/wp-content\/uploads\/2026\/03\/650928493_1486189110173834_5061881259371794594_n-1.jpg 959w, https:\/\/elmetropolitano.com.gt\/es\/wp-content\/uploads\/2026\/03\/650928493_1486189110173834_5061881259371794594_n-1-300x264.jpg 300w, https:\/\/elmetropolitano.com.gt\/es\/wp-content\/uploads\/2026\/03\/650928493_1486189110173834_5061881259371794594_n-1-768x675.jpg 768w\" sizes=\"auto, (max-width: 959px) 100vw, 959px\" \/><\/figure>\n\n\n\n<figure class=\"wp-block-image size-large\"><img loading=\"lazy\" decoding=\"async\" width=\"1024\" height=\"932\" data-id=\"123718\" src=\"https:\/\/elmetropolitano.com.gt\/es\/wp-content\/uploads\/2026\/03\/651206548_1486190096840402_2209666947715948081_n-1024x932.jpg\" alt=\"\" class=\"wp-image-123718\" srcset=\"https:\/\/elmetropolitano.com.gt\/es\/wp-content\/uploads\/2026\/03\/651206548_1486190096840402_2209666947715948081_n-1024x932.jpg 1024w, https:\/\/elmetropolitano.com.gt\/es\/wp-content\/uploads\/2026\/03\/651206548_1486190096840402_2209666947715948081_n-300x273.jpg 300w, https:\/\/elmetropolitano.com.gt\/es\/wp-content\/uploads\/2026\/03\/651206548_1486190096840402_2209666947715948081_n-768x699.jpg 768w, https:\/\/elmetropolitano.com.gt\/es\/wp-content\/uploads\/2026\/03\/651206548_1486190096840402_2209666947715948081_n.jpg 1055w\" sizes=\"auto, (max-width: 1024px) 100vw, 1024px\" \/><\/figure>\n<\/figure>\n","protected":false},"excerpt":{"rendered":"<p>Como parte del compromiso por fortalecer el Modelo de Gesti\u00f3n Penitenciaria, autoridades de la Direcci\u00f3n General del Sistema Penitenciario realizaron una visita t\u00e9cnica al sistema penitenciario del estado de Quer\u00e9taro, M\u00e9xico, reconocido por sus buenas pr\u00e1cticas en administraci\u00f3n penitenciaria y programas de reinserci\u00f3n social. La delegaci\u00f3n estuvo integrada por el Director General del Sistema Penitenciario, <a class=\"read-more\" href=\"https:\/\/elmetropolitano.com.gt\/es\/autoridades-del-sistema-penitenciario-visitan-carceles-de-queretaro-mexico\/\">Leer m\u00e1s<\/a><\/p>\n","protected":false},"author":1,"featured_media":123715,"comment_status":"open","ping_status":"closed","sticky":false,"template":"","format":"standard","meta":{"footnotes":""},"categories":[2],"tags":[12],"class_list":["post-123714","post","type-post","status-publish","format-standard","has-post-thumbnail","hentry","category-nacionales","tag-nacionales"],"_links":{"self":[{"href":"https:\/\/elmetropolitano.com.gt\/es\/wp-json\/wp\/v2\/posts\/123714","targetHints":{"allow":["GET"]}}],"collection":[{"href":"https:\/\/elmetropolitano.com.gt\/es\/wp-json\/wp\/v2\/posts"}],"about":[{"href":"https:\/\/elmetropolitano.com.gt\/es\/wp-json\/wp\/v2\/types\/post"}],"author":[{"embeddable":true,"href":"https:\/\/elmetropolitano.com.gt\/es\/wp-json\/wp\/v2\/users\/1"}],"replies":[{"embeddable":true,"href":"https:\/\/elmetropolitano.com.gt\/es\/wp-json\/wp\/v2\/comments?post=123714"}],"version-history":[{"count":1,"href":"https:\/\/elmetropolitano.com.gt\/es\/wp-json\/wp\/v2\/posts\/123714\/revisions"}],"predecessor-version":[{"id":123720,"href":"https:\/\/elmetropolitano.com.gt\/es\/wp-json\/wp\/v2\/posts\/123714\/revisions\/123720"}],"wp:featuredmedia":[{"embeddable":true,"href":"https:\/\/elmetropolitano.com.gt\/es\/wp-json\/wp\/v2\/media\/123715"}],"wp:attachment":[{"href":"https:\/\/elmetropolitano.com.gt\/es\/wp-json\/wp\/v2\/media?parent=123714"}],"wp:term":[{"taxonomy":"category","embeddable":true,"href":"https:\/\/elmetropolitano.com.gt\/es\/wp-json\/wp\/v2\/categories?post=123714"},{"taxonomy":"post_tag","embeddable":true,"href":"https:\/\/elmetropolitano.com.gt\/es\/wp-json\/wp\/v2\/tags?post=123714"}],"curies":[{"name":"wp","href":"https:\/\/api.w.org\/{rel}","templated":true}]}}