{"id":123741,"date":"2026-03-13T09:13:21","date_gmt":"2026-03-13T15:13:21","guid":{"rendered":"https:\/\/elmetropolitano.com.gt\/es\/?p=123741"},"modified":"2026-03-13T09:13:22","modified_gmt":"2026-03-13T15:13:22","slug":"recapturan-a-el-inquieto-agentes-policiales-de-difep-se-enfrentaron-a-disparos-con-el-terrorista","status":"publish","type":"post","link":"https:\/\/elmetropolitano.com.gt\/es\/recapturan-a-el-inquieto-agentes-policiales-de-difep-se-enfrentaron-a-disparos-con-el-terrorista\/","title":{"rendered":"Recapturan a \u201cEl Inquieto\u201d, agentes policiales de DIFEP se enfrentaron a disparos con el terrorista"},"content":{"rendered":"\n<p>El operativo de alto impacto inici\u00f3 a las 6:06 de la ma\u00f1ana en una vivienda en la 3ra calle, zona 1 de Juan Ostuncalco Quetzaltenango al mando un aproximado de 50 elementos DIFEP de la Polic\u00eda Nacional Civil fiscales del Ministerio Publico MP y unidades de investigaci\u00f3n DEIC.<\/p>\n\n\n\n<p>Al momento que las autoridades incursionaron al inmueble fueron recibidos a balazos generando un intercambio, al final se logr\u00f3 neutralizar al pr\u00f3fugo de la justicia, Jos\u00e9 Carmelo Sinay Ortiz, \u201cEl Inquieto\u201d, es 1 de los 20 pandilleros que se fugaron de la c\u00e1rcel Fraijanes 2 el 9 de octubre del a\u00f1o pasado.<\/p><div class=\"elmet-contenido\" id=\"elmet-3821795554\"><div class=\"elmet-adlabel\">Anuncios<\/div><div style=\"margin-top: 20px;margin-right: 20px;margin-bottom: 20px;margin-left: 20px;\" id=\"elmet-3159887363\"><a href=\"https:\/\/www.facebook.com\/arrincuanantigua\/\" aria-label=\"cintillo-arrin-cual\"><img loading=\"lazy\" decoding=\"async\" src=\"https:\/\/elmetropolitano.com.gt\/es\/wp-content\/uploads\/2021\/11\/cintillo-arrin-cual-1.jpg\" alt=\"\"  srcset=\"https:\/\/elmetropolitano.com.gt\/es\/wp-content\/uploads\/2021\/11\/cintillo-arrin-cual-1.jpg 750w, https:\/\/elmetropolitano.com.gt\/es\/wp-content\/uploads\/2021\/11\/cintillo-arrin-cual-1-300x36.jpg 300w, https:\/\/elmetropolitano.com.gt\/es\/wp-content\/uploads\/2021\/11\/cintillo-arrin-cual-1-600x72.jpg 600w\" sizes=\"(max-width: 750px) 100vw, 750px\" width=\"750\" height=\"90\"   \/><\/a><\/div><\/div>\n\n\n\n<p>Se sabe que 3 elementos DIFEP resultaron heridos, y el pandillero fue trasladado con un impacto de bala, con custodia policial al hospital regional de Xela; en la vivienda han localizado armas de fuego y otros pandilleros que custodiaban al pr\u00f3fugo.<\/p>\n\n\n\n<p>Con esta recaptura suman 8 los ubicados, 1 fallecido y 11 a\u00fan contin\u00faan pr\u00f3fugos.<\/p>\n\n\n\n<p><a href=\"https:\/\/www.facebook.com\/hashtag\/fugadosfraijanes?__eep__=6&amp;__cft__[0]=AZZeysieWDvMwBw-ibiP9dRhLl2dseduyy2jSt5s9Ql-FLdhR_AbEoh1hXBD_NmQ9NdUHA8_PzcPVv9XOBDaTURoSFhI81rxEA4Txr2v-eT7WYlKe2qB0-zhRDAgTi3UMY-RFyjY4YDe7K5i8BDB1CGHqNUQkI-S0gqRebxCXd9mQrn-ogATITrGSQ4XOX_-UhI&amp;__tn__=*NK-R\">#FugadosFraijanes<\/a><a href=\"https:\/\/www.facebook.com\/hashtag\/pncdeguatemala?__eep__=6&amp;__cft__[0]=AZZeysieWDvMwBw-ibiP9dRhLl2dseduyy2jSt5s9Ql-FLdhR_AbEoh1hXBD_NmQ9NdUHA8_PzcPVv9XOBDaTURoSFhI81rxEA4Txr2v-eT7WYlKe2qB0-zhRDAgTi3UMY-RFyjY4YDe7K5i8BDB1CGHqNUQkI-S0gqRebxCXd9mQrn-ogATITrGSQ4XOX_-UhI&amp;__tn__=*NK-R\">#PNCdeGuatemala<\/a><a href=\"https:\/\/www.facebook.com\/hashtag\/metroredes?__eep__=6&amp;__cft__[0]=AZZeysieWDvMwBw-ibiP9dRhLl2dseduyy2jSt5s9Ql-FLdhR_AbEoh1hXBD_NmQ9NdUHA8_PzcPVv9XOBDaTURoSFhI81rxEA4Txr2v-eT7WYlKe2qB0-zhRDAgTi3UMY-RFyjY4YDe7K5i8BDB1CGHqNUQkI-S0gqRebxCXd9mQrn-ogATITrGSQ4XOX_-UhI&amp;__tn__=*NK-R\">#metroredes<\/a><a href=\"https:\/\/www.facebook.com\/hashtag\/sanjuanostuncalco?__eep__=6&amp;__cft__[0]=AZZeysieWDvMwBw-ibiP9dRhLl2dseduyy2jSt5s9Ql-FLdhR_AbEoh1hXBD_NmQ9NdUHA8_PzcPVv9XOBDaTURoSFhI81rxEA4Txr2v-eT7WYlKe2qB0-zhRDAgTi3UMY-RFyjY4YDe7K5i8BDB1CGHqNUQkI-S0gqRebxCXd9mQrn-ogATITrGSQ4XOX_-UhI&amp;__tn__=*NK-R\">#SanJuanOstuncalco<\/a><\/p>\n\n\n\n<figure class=\"wp-block-gallery has-nested-images columns-default is-cropped wp-block-gallery-1 is-layout-flex wp-block-gallery-is-layout-flex\">\n<figure class=\"wp-block-image size-large\"><img loading=\"lazy\" decoding=\"async\" width=\"767\" height=\"1024\" data-id=\"123743\" src=\"https:\/\/elmetropolitano.com.gt\/es\/wp-content\/uploads\/2026\/03\/649708781_1486474656811946_7782401552318988591_n-767x1024.jpg\" alt=\"\" class=\"wp-image-123743\" srcset=\"https:\/\/elmetropolitano.com.gt\/es\/wp-content\/uploads\/2026\/03\/649708781_1486474656811946_7782401552318988591_n-767x1024.jpg 767w, https:\/\/elmetropolitano.com.gt\/es\/wp-content\/uploads\/2026\/03\/649708781_1486474656811946_7782401552318988591_n-225x300.jpg 225w, https:\/\/elmetropolitano.com.gt\/es\/wp-content\/uploads\/2026\/03\/649708781_1486474656811946_7782401552318988591_n-768x1025.jpg 768w, https:\/\/elmetropolitano.com.gt\/es\/wp-content\/uploads\/2026\/03\/649708781_1486474656811946_7782401552318988591_n.jpg 809w\" sizes=\"auto, (max-width: 767px) 100vw, 767px\" \/><\/figure>\n\n\n\n<figure class=\"wp-block-image size-large\"><img loading=\"lazy\" decoding=\"async\" width=\"790\" height=\"1024\" data-id=\"123744\" src=\"https:\/\/elmetropolitano.com.gt\/es\/wp-content\/uploads\/2026\/03\/650349902_1486474653478613_4569607750646079520_n-1-790x1024.jpg\" alt=\"\" class=\"wp-image-123744\" srcset=\"https:\/\/elmetropolitano.com.gt\/es\/wp-content\/uploads\/2026\/03\/650349902_1486474653478613_4569607750646079520_n-1-790x1024.jpg 790w, https:\/\/elmetropolitano.com.gt\/es\/wp-content\/uploads\/2026\/03\/650349902_1486474653478613_4569607750646079520_n-1-231x300.jpg 231w, https:\/\/elmetropolitano.com.gt\/es\/wp-content\/uploads\/2026\/03\/650349902_1486474653478613_4569607750646079520_n-1-768x996.jpg 768w, https:\/\/elmetropolitano.com.gt\/es\/wp-content\/uploads\/2026\/03\/650349902_1486474653478613_4569607750646079520_n-1.jpg 833w\" sizes=\"auto, (max-width: 790px) 100vw, 790px\" \/><\/figure>\n<\/figure>\n","protected":false},"excerpt":{"rendered":"<p>El operativo de alto impacto inici\u00f3 a las 6:06 de la ma\u00f1ana en una vivienda en la 3ra calle, zona 1 de Juan Ostuncalco Quetzaltenango al mando un aproximado de 50 elementos DIFEP de la Polic\u00eda Nacional Civil fiscales del Ministerio Publico MP y unidades de investigaci\u00f3n DEIC. Al momento que las autoridades incursionaron al <a class=\"read-more\" href=\"https:\/\/elmetropolitano.com.gt\/es\/recapturan-a-el-inquieto-agentes-policiales-de-difep-se-enfrentaron-a-disparos-con-el-terrorista\/\">Leer m\u00e1s<\/a><\/p>\n","protected":false},"author":1,"featured_media":123742,"comment_status":"open","ping_status":"closed","sticky":false,"template":"","format":"standard","meta":{"footnotes":""},"categories":[2],"tags":[12],"class_list":["post-123741","post","type-post","status-publish","format-standard","has-post-thumbnail","hentry","category-nacionales","tag-nacionales"],"_links":{"self":[{"href":"https:\/\/elmetropolitano.com.gt\/es\/wp-json\/wp\/v2\/posts\/123741","targetHints":{"allow":["GET"]}}],"collection":[{"href":"https:\/\/elmetropolitano.com.gt\/es\/wp-json\/wp\/v2\/posts"}],"about":[{"href":"https:\/\/elmetropolitano.com.gt\/es\/wp-json\/wp\/v2\/types\/post"}],"author":[{"embeddable":true,"href":"https:\/\/elmetropolitano.com.gt\/es\/wp-json\/wp\/v2\/users\/1"}],"replies":[{"embeddable":true,"href":"https:\/\/elmetropolitano.com.gt\/es\/wp-json\/wp\/v2\/comments?post=123741"}],"version-history":[{"count":1,"href":"https:\/\/elmetropolitano.com.gt\/es\/wp-json\/wp\/v2\/posts\/123741\/revisions"}],"predecessor-version":[{"id":123745,"href":"https:\/\/elmetropolitano.com.gt\/es\/wp-json\/wp\/v2\/posts\/123741\/revisions\/123745"}],"wp:featuredmedia":[{"embeddable":true,"href":"https:\/\/elmetropolitano.com.gt\/es\/wp-json\/wp\/v2\/media\/123742"}],"wp:attachment":[{"href":"https:\/\/elmetropolitano.com.gt\/es\/wp-json\/wp\/v2\/media?parent=123741"}],"wp:term":[{"taxonomy":"category","embeddable":true,"href":"https:\/\/elmetropolitano.com.gt\/es\/wp-json\/wp\/v2\/categories?post=123741"},{"taxonomy":"post_tag","embeddable":true,"href":"https:\/\/elmetropolitano.com.gt\/es\/wp-json\/wp\/v2\/tags?post=123741"}],"curies":[{"name":"wp","href":"https:\/\/api.w.org\/{rel}","templated":true}]}}