{"id":123752,"date":"2026-03-13T10:21:35","date_gmt":"2026-03-13T16:21:35","guid":{"rendered":"https:\/\/elmetropolitano.com.gt\/es\/?p=123752"},"modified":"2026-03-13T10:21:36","modified_gmt":"2026-03-13T16:21:36","slug":"salubristas-bloquean-cumbre-de-santa-elena","status":"publish","type":"post","link":"https:\/\/elmetropolitano.com.gt\/es\/salubristas-bloquean-cumbre-de-santa-elena\/","title":{"rendered":"Salubristas bloquean Cumbre de Santa Elena"},"content":{"rendered":"\n<p>Un sindicato de trabajadores de salud mantiene cerrado el paso en la Cumbre de Santa Elena, en Alta Verapaz, lo que afecta la circulaci\u00f3n hacia las Verapaces, la Franja Transversal del Norte, Pet\u00e9n y el norte de Quich\u00e9.<\/p>\n\n\n\n<p>Los manifestantes exigen la destituci\u00f3n del gobernador departamental, la directora del \u00e1rea de Salud y del viceministro de Atenci\u00f3n Primaria del Ministerio de Salud. El tr\u00e1nsito permanece interrumpido en ese punto.<\/p><div class=\"elmet-contenido\" id=\"elmet-3664105531\"><div class=\"elmet-adlabel\">Anuncios<\/div><div style=\"margin-top: 20px;margin-right: 20px;margin-bottom: 20px;margin-left: 20px;\" id=\"elmet-150621375\"><a href=\"https:\/\/www.facebook.com\/arrincuanantigua\/\" aria-label=\"cintillo-arrin-cual\"><img loading=\"lazy\" decoding=\"async\" src=\"https:\/\/elmetropolitano.com.gt\/es\/wp-content\/uploads\/2021\/11\/cintillo-arrin-cual-1.jpg\" alt=\"\"  srcset=\"https:\/\/elmetropolitano.com.gt\/es\/wp-content\/uploads\/2021\/11\/cintillo-arrin-cual-1.jpg 750w, https:\/\/elmetropolitano.com.gt\/es\/wp-content\/uploads\/2021\/11\/cintillo-arrin-cual-1-300x36.jpg 300w, https:\/\/elmetropolitano.com.gt\/es\/wp-content\/uploads\/2021\/11\/cintillo-arrin-cual-1-600x72.jpg 600w\" sizes=\"(max-width: 750px) 100vw, 750px\" width=\"750\" height=\"90\"   \/><\/a><\/div><\/div>\n\n\n\n<p>#SindicatoSalud #metroredes #Bloqueos<\/p>\n\n\n\n<figure class=\"wp-block-gallery has-nested-images columns-default is-cropped wp-block-gallery-1 is-layout-flex wp-block-gallery-is-layout-flex\">\n<figure class=\"wp-block-image size-large\"><img loading=\"lazy\" decoding=\"async\" width=\"1024\" height=\"566\" data-id=\"123755\" src=\"https:\/\/elmetropolitano.com.gt\/es\/wp-content\/uploads\/2026\/03\/2-5-1024x566.jpg\" alt=\"\" class=\"wp-image-123755\" srcset=\"https:\/\/elmetropolitano.com.gt\/es\/wp-content\/uploads\/2026\/03\/2-5-1024x566.jpg 1024w, https:\/\/elmetropolitano.com.gt\/es\/wp-content\/uploads\/2026\/03\/2-5-300x166.jpg 300w, https:\/\/elmetropolitano.com.gt\/es\/wp-content\/uploads\/2026\/03\/2-5-768x425.jpg 768w, https:\/\/elmetropolitano.com.gt\/es\/wp-content\/uploads\/2026\/03\/2-5.jpg 1486w\" sizes=\"auto, (max-width: 1024px) 100vw, 1024px\" \/><\/figure>\n\n\n\n<figure class=\"wp-block-image size-large\"><img loading=\"lazy\" decoding=\"async\" width=\"1024\" height=\"457\" data-id=\"123754\" src=\"https:\/\/elmetropolitano.com.gt\/es\/wp-content\/uploads\/2026\/03\/3-6-1024x457.jpg\" alt=\"\" class=\"wp-image-123754\" srcset=\"https:\/\/elmetropolitano.com.gt\/es\/wp-content\/uploads\/2026\/03\/3-6-1024x457.jpg 1024w, https:\/\/elmetropolitano.com.gt\/es\/wp-content\/uploads\/2026\/03\/3-6-300x134.jpg 300w, https:\/\/elmetropolitano.com.gt\/es\/wp-content\/uploads\/2026\/03\/3-6-768x343.jpg 768w, https:\/\/elmetropolitano.com.gt\/es\/wp-content\/uploads\/2026\/03\/3-6-1536x685.jpg 1536w, https:\/\/elmetropolitano.com.gt\/es\/wp-content\/uploads\/2026\/03\/3-6.jpg 1600w\" sizes=\"auto, (max-width: 1024px) 100vw, 1024px\" \/><\/figure>\n<\/figure>\n","protected":false},"excerpt":{"rendered":"<p>Un sindicato de trabajadores de salud mantiene cerrado el paso en la Cumbre de Santa Elena, en Alta Verapaz, lo que afecta la circulaci\u00f3n hacia las Verapaces, la Franja Transversal del Norte, Pet\u00e9n y el norte de Quich\u00e9. Los manifestantes exigen la destituci\u00f3n del gobernador departamental, la directora del \u00e1rea de Salud y del viceministro <a class=\"read-more\" href=\"https:\/\/elmetropolitano.com.gt\/es\/salubristas-bloquean-cumbre-de-santa-elena\/\">Leer m\u00e1s<\/a><\/p>\n","protected":false},"author":1,"featured_media":123753,"comment_status":"open","ping_status":"closed","sticky":false,"template":"","format":"standard","meta":{"footnotes":""},"categories":[4],"tags":[13],"class_list":["post-123752","post","type-post","status-publish","format-standard","has-post-thumbnail","hentry","category-departamentales","tag-departamentales"],"_links":{"self":[{"href":"https:\/\/elmetropolitano.com.gt\/es\/wp-json\/wp\/v2\/posts\/123752","targetHints":{"allow":["GET"]}}],"collection":[{"href":"https:\/\/elmetropolitano.com.gt\/es\/wp-json\/wp\/v2\/posts"}],"about":[{"href":"https:\/\/elmetropolitano.com.gt\/es\/wp-json\/wp\/v2\/types\/post"}],"author":[{"embeddable":true,"href":"https:\/\/elmetropolitano.com.gt\/es\/wp-json\/wp\/v2\/users\/1"}],"replies":[{"embeddable":true,"href":"https:\/\/elmetropolitano.com.gt\/es\/wp-json\/wp\/v2\/comments?post=123752"}],"version-history":[{"count":1,"href":"https:\/\/elmetropolitano.com.gt\/es\/wp-json\/wp\/v2\/posts\/123752\/revisions"}],"predecessor-version":[{"id":123756,"href":"https:\/\/elmetropolitano.com.gt\/es\/wp-json\/wp\/v2\/posts\/123752\/revisions\/123756"}],"wp:featuredmedia":[{"embeddable":true,"href":"https:\/\/elmetropolitano.com.gt\/es\/wp-json\/wp\/v2\/media\/123753"}],"wp:attachment":[{"href":"https:\/\/elmetropolitano.com.gt\/es\/wp-json\/wp\/v2\/media?parent=123752"}],"wp:term":[{"taxonomy":"category","embeddable":true,"href":"https:\/\/elmetropolitano.com.gt\/es\/wp-json\/wp\/v2\/categories?post=123752"},{"taxonomy":"post_tag","embeddable":true,"href":"https:\/\/elmetropolitano.com.gt\/es\/wp-json\/wp\/v2\/tags?post=123752"}],"curies":[{"name":"wp","href":"https:\/\/api.w.org\/{rel}","templated":true}]}}