{"id":123757,"date":"2026-03-13T11:52:25","date_gmt":"2026-03-13T17:52:25","guid":{"rendered":"https:\/\/elmetropolitano.com.gt\/es\/?p=123757"},"modified":"2026-03-13T11:52:26","modified_gmt":"2026-03-13T17:52:26","slug":"la-cc-confirma-certificacion-de-lo-conducente-al-mp-en-contra-del-steg","status":"publish","type":"post","link":"https:\/\/elmetropolitano.com.gt\/es\/la-cc-confirma-certificacion-de-lo-conducente-al-mp-en-contra-del-steg\/","title":{"rendered":"La CC confirma certificaci\u00f3n de lo conducente al MP en contra del STEG"},"content":{"rendered":"\n<p>La Procuradur\u00eda General de la Naci\u00f3n (PGN) inform\u00f3 que la Corte de Constitucionalidad (CC) confirm\u00f3 la certificaci\u00f3n de lo conducente al Ministerio P\u00fablico (MP) en contra del Comit\u00e9 Ejecutivo Nacional, dirigentes seccionales y subseccionales del Sindicato de Trabajadores y Trabajadoras de la Educaci\u00f3n de Guatemala (STEG) por el incumplimiento de la orden judicial que prohib\u00eda la suspensi\u00f3n indebida de clases en centros educativos p\u00fablicos del pa\u00eds.<\/p>\n\n\n\n<p>Esta decisi\u00f3n se produce como resultado de las acciones legales promovidas por la PGN, orientadas a garantizar el cumplimiento de las resoluciones judiciales y la continuidad del servicio p\u00fablico de educaci\u00f3n.<\/p><div class=\"elmet-contenido\" id=\"elmet-2946277009\"><div class=\"elmet-adlabel\">Anuncios<\/div><div style=\"margin-top: 20px;margin-right: 20px;margin-bottom: 20px;margin-left: 20px;\" id=\"elmet-1005017995\"><a href=\"https:\/\/www.facebook.com\/arrincuanantigua\/\" aria-label=\"cintillo-arrin-cual\"><img loading=\"lazy\" decoding=\"async\" src=\"https:\/\/elmetropolitano.com.gt\/es\/wp-content\/uploads\/2021\/11\/cintillo-arrin-cual-1.jpg\" alt=\"\"  srcset=\"https:\/\/elmetropolitano.com.gt\/es\/wp-content\/uploads\/2021\/11\/cintillo-arrin-cual-1.jpg 750w, https:\/\/elmetropolitano.com.gt\/es\/wp-content\/uploads\/2021\/11\/cintillo-arrin-cual-1-300x36.jpg 300w, https:\/\/elmetropolitano.com.gt\/es\/wp-content\/uploads\/2021\/11\/cintillo-arrin-cual-1-600x72.jpg 600w\" sizes=\"(max-width: 750px) 100vw, 750px\" width=\"750\" height=\"90\"   \/><\/a><\/div><\/div>\n\n\n\n<p>La PGN reitera que el respeto a los derechos de la ni\u00f1ez y adolescencia deben prevalecer, as\u00ed como el estricto cumplimiento de las resoluciones judiciales.<\/p>\n\n\n\n<p>Antecedentes<\/p>\n\n\n\n<p>El pasado 11 de junio de 2025, el Juzgado Quinto Pluripersonal de Trabajo y Previsi\u00f3n Social orden\u00f3 certificar lo conducente al MP, ya que el STEG no rindi\u00f3 el informe requerido por el \u00f3rgano jurisdiccional.<\/p>\n\n\n\n<p>El informe que deb\u00eda entregar el STEG se refer\u00eda al cumplimiento del amparo provisional emitido el 4 de junio, que orden\u00f3 cesar con las medidas de hecho que afectaban las actividades escolares en su momento. Sin embargo, el grupo de maestros mantuvo presencia del sindicato acampando en alrededores del Palacio Nacional de la Cultura.<\/p>\n\n\n\n<p>#PGN #CC #STEG #Maestros #metroredes <a href=\"http:\/\/www.elmetropolitano.com.gt\">www.elmetropolitano.com.gt<\/a> <a href=\"http:\/\/www.metroredes.com\">www.metroredes.com<\/a> <a href=\"http:\/\/www.elescuintleco.com\">www.elescuintleco.com<\/a><\/p>\n\n\n\n<figure class=\"wp-block-gallery has-nested-images columns-default is-cropped wp-block-gallery-1 is-layout-flex wp-block-gallery-is-layout-flex\">\n<figure class=\"wp-block-image size-large\"><img loading=\"lazy\" decoding=\"async\" width=\"1024\" height=\"512\" data-id=\"123759\" src=\"https:\/\/elmetropolitano.com.gt\/es\/wp-content\/uploads\/2026\/03\/WhatsApp-Image-2025-07-21-at-3.33.26-PM-1140x570-2-1024x512.jpeg\" alt=\"\" class=\"wp-image-123759\" srcset=\"https:\/\/elmetropolitano.com.gt\/es\/wp-content\/uploads\/2026\/03\/WhatsApp-Image-2025-07-21-at-3.33.26-PM-1140x570-2-1024x512.jpeg 1024w, https:\/\/elmetropolitano.com.gt\/es\/wp-content\/uploads\/2026\/03\/WhatsApp-Image-2025-07-21-at-3.33.26-PM-1140x570-2-300x150.jpeg 300w, https:\/\/elmetropolitano.com.gt\/es\/wp-content\/uploads\/2026\/03\/WhatsApp-Image-2025-07-21-at-3.33.26-PM-1140x570-2-768x384.jpeg 768w, https:\/\/elmetropolitano.com.gt\/es\/wp-content\/uploads\/2026\/03\/WhatsApp-Image-2025-07-21-at-3.33.26-PM-1140x570-2.jpeg 1140w\" sizes=\"auto, (max-width: 1024px) 100vw, 1024px\" \/><\/figure>\n<\/figure>\n","protected":false},"excerpt":{"rendered":"<p>La Procuradur\u00eda General de la Naci\u00f3n (PGN) inform\u00f3 que la Corte de Constitucionalidad (CC) confirm\u00f3 la certificaci\u00f3n de lo conducente al Ministerio P\u00fablico (MP) en contra del Comit\u00e9 Ejecutivo Nacional, dirigentes seccionales y subseccionales del Sindicato de Trabajadores y Trabajadoras de la Educaci\u00f3n de Guatemala (STEG) por el incumplimiento de la orden judicial que prohib\u00eda <a class=\"read-more\" href=\"https:\/\/elmetropolitano.com.gt\/es\/la-cc-confirma-certificacion-de-lo-conducente-al-mp-en-contra-del-steg\/\">Leer m\u00e1s<\/a><\/p>\n","protected":false},"author":1,"featured_media":123758,"comment_status":"open","ping_status":"closed","sticky":false,"template":"","format":"standard","meta":{"footnotes":""},"categories":[2],"tags":[12],"class_list":["post-123757","post","type-post","status-publish","format-standard","has-post-thumbnail","hentry","category-nacionales","tag-nacionales"],"_links":{"self":[{"href":"https:\/\/elmetropolitano.com.gt\/es\/wp-json\/wp\/v2\/posts\/123757","targetHints":{"allow":["GET"]}}],"collection":[{"href":"https:\/\/elmetropolitano.com.gt\/es\/wp-json\/wp\/v2\/posts"}],"about":[{"href":"https:\/\/elmetropolitano.com.gt\/es\/wp-json\/wp\/v2\/types\/post"}],"author":[{"embeddable":true,"href":"https:\/\/elmetropolitano.com.gt\/es\/wp-json\/wp\/v2\/users\/1"}],"replies":[{"embeddable":true,"href":"https:\/\/elmetropolitano.com.gt\/es\/wp-json\/wp\/v2\/comments?post=123757"}],"version-history":[{"count":1,"href":"https:\/\/elmetropolitano.com.gt\/es\/wp-json\/wp\/v2\/posts\/123757\/revisions"}],"predecessor-version":[{"id":123760,"href":"https:\/\/elmetropolitano.com.gt\/es\/wp-json\/wp\/v2\/posts\/123757\/revisions\/123760"}],"wp:featuredmedia":[{"embeddable":true,"href":"https:\/\/elmetropolitano.com.gt\/es\/wp-json\/wp\/v2\/media\/123758"}],"wp:attachment":[{"href":"https:\/\/elmetropolitano.com.gt\/es\/wp-json\/wp\/v2\/media?parent=123757"}],"wp:term":[{"taxonomy":"category","embeddable":true,"href":"https:\/\/elmetropolitano.com.gt\/es\/wp-json\/wp\/v2\/categories?post=123757"},{"taxonomy":"post_tag","embeddable":true,"href":"https:\/\/elmetropolitano.com.gt\/es\/wp-json\/wp\/v2\/tags?post=123757"}],"curies":[{"name":"wp","href":"https:\/\/api.w.org\/{rel}","templated":true}]}}