{"id":123772,"date":"2026-03-14T09:23:32","date_gmt":"2026-03-14T15:23:32","guid":{"rendered":"https:\/\/elmetropolitano.com.gt\/es\/?p=123772"},"modified":"2026-03-14T09:23:33","modified_gmt":"2026-03-14T15:23:33","slug":"avioneta-se-accidenta-en-solola","status":"publish","type":"post","link":"https:\/\/elmetropolitano.com.gt\/es\/avioneta-se-accidenta-en-solola\/","title":{"rendered":"Avioneta se accidenta en Solol\u00e1"},"content":{"rendered":"\n<p>Una aeronave privada sufri\u00f3 un accidente este viernes en la pista privada de La Bah\u00eda de Santiago, en Solol\u00e1 seg\u00fan lo inform\u00f3 Aeron\u00e1utica civil<\/p>\n\n\n\n<p>De acuerdo con la informaci\u00f3n preliminar, el accidente involucr\u00f3 a la aeronave PA-34 Piper, que realizaba un vuelo privado.<\/p><div class=\"elmet-contenido\" id=\"elmet-3557855580\"><div class=\"elmet-adlabel\">Anuncios<\/div><div style=\"margin-top: 20px;margin-right: 20px;margin-bottom: 20px;margin-left: 20px;\" id=\"elmet-1095692441\"><a href=\"https:\/\/www.facebook.com\/arrincuanantigua\/\" aria-label=\"cintillo-arrin-cual\"><img loading=\"lazy\" decoding=\"async\" src=\"https:\/\/elmetropolitano.com.gt\/es\/wp-content\/uploads\/2021\/11\/cintillo-arrin-cual-1.jpg\" alt=\"\"  srcset=\"https:\/\/elmetropolitano.com.gt\/es\/wp-content\/uploads\/2021\/11\/cintillo-arrin-cual-1.jpg 750w, https:\/\/elmetropolitano.com.gt\/es\/wp-content\/uploads\/2021\/11\/cintillo-arrin-cual-1-300x36.jpg 300w, https:\/\/elmetropolitano.com.gt\/es\/wp-content\/uploads\/2021\/11\/cintillo-arrin-cual-1-600x72.jpg 600w\" sizes=\"(max-width: 750px) 100vw, 750px\" width=\"750\" height=\"90\"   \/><\/a><\/div><\/div>\n\n\n\n<p>En la aeronave se transportaban seis personas, todas resultaron ilesas tras el accidente.<\/p>\n\n\n\n<p>Luego de recibir el reporte, personal de la Unidad de Investigaci\u00f3n de Accidentes (UIA) fue activado y se encuentra en ruta hacia el lugar para iniciar las diligencias correspondientes.<\/p>\n\n\n\n<p>Las autoridades indicaron que actualmente el equipo t\u00e9cnico se encuentra en fase de recolecci\u00f3n de informaci\u00f3n en el \u00e1rea del impacto, con el objetivo de establecer las circunstancias en las que ocurri\u00f3 el percance.<\/p>\n\n\n\n<p>La informaci\u00f3n sobre este caso se mantiene en desarrollo, por lo que las autoridades aeron\u00e1uticas ampliar\u00e1n detalles conforme avance la investigaci\u00f3n oficial.<\/p>\n\n\n\n<p><a href=\"https:\/\/www.facebook.com\/hashtag\/percansevial?__eep__=6&amp;__cft__[0]=AZZ69eYAALGRKkv9V4VMU_SgAOBSGb4OgD8NyZQ8BeePEkhQlXBV2rQhZpL9Nm4lH_yymIL-5nxfHy09ibRMMHbVof6KEa44WNoBOU4R7G3Q_aYOXlNpglX7sHcdcGkTgrKcpxI0MPA-NQKAM-xDl3r-oaSYwmED9REcMXyBMASG0PY2EESKHVYSvnW2BF0RQoQ&amp;__tn__=*NK-R\">#PercanseVial<\/a><a href=\"https:\/\/www.facebook.com\/hashtag\/metroredes?__eep__=6&amp;__cft__[0]=AZZ69eYAALGRKkv9V4VMU_SgAOBSGb4OgD8NyZQ8BeePEkhQlXBV2rQhZpL9Nm4lH_yymIL-5nxfHy09ibRMMHbVof6KEa44WNoBOU4R7G3Q_aYOXlNpglX7sHcdcGkTgrKcpxI0MPA-NQKAM-xDl3r-oaSYwmED9REcMXyBMASG0PY2EESKHVYSvnW2BF0RQoQ&amp;__tn__=*NK-R\">#metroredes<\/a><\/p>\n\n\n\n<figure class=\"wp-block-gallery has-nested-images columns-default is-cropped wp-block-gallery-1 is-layout-flex wp-block-gallery-is-layout-flex\">\n<figure class=\"wp-block-image size-large\"><img loading=\"lazy\" decoding=\"async\" width=\"250\" height=\"178\" data-id=\"123774\" src=\"https:\/\/elmetropolitano.com.gt\/es\/wp-content\/uploads\/2026\/03\/650995013_1486715183454560_126310618070820752_n-1.jpg\" alt=\"\" class=\"wp-image-123774\"\/><figcaption class=\"wp-element-caption\">OLYMPUS DIGITAL CAMERA<\/figcaption><\/figure>\n\n\n\n<figure class=\"wp-block-image size-large\"><img loading=\"lazy\" decoding=\"async\" width=\"819\" height=\"1024\" data-id=\"123775\" src=\"https:\/\/elmetropolitano.com.gt\/es\/wp-content\/uploads\/2026\/03\/651011794_1486713393454739_583122370100533249_n-819x1024.jpg\" alt=\"\" class=\"wp-image-123775\" srcset=\"https:\/\/elmetropolitano.com.gt\/es\/wp-content\/uploads\/2026\/03\/651011794_1486713393454739_583122370100533249_n-819x1024.jpg 819w, https:\/\/elmetropolitano.com.gt\/es\/wp-content\/uploads\/2026\/03\/651011794_1486713393454739_583122370100533249_n-240x300.jpg 240w, https:\/\/elmetropolitano.com.gt\/es\/wp-content\/uploads\/2026\/03\/651011794_1486713393454739_583122370100533249_n-768x960.jpg 768w, https:\/\/elmetropolitano.com.gt\/es\/wp-content\/uploads\/2026\/03\/651011794_1486713393454739_583122370100533249_n-1229x1536.jpg 1229w, https:\/\/elmetropolitano.com.gt\/es\/wp-content\/uploads\/2026\/03\/651011794_1486713393454739_583122370100533249_n.jpg 1638w\" sizes=\"auto, (max-width: 819px) 100vw, 819px\" \/><\/figure>\n<\/figure>\n","protected":false},"excerpt":{"rendered":"<p>Una aeronave privada sufri\u00f3 un accidente este viernes en la pista privada de La Bah\u00eda de Santiago, en Solol\u00e1 seg\u00fan lo inform\u00f3 Aeron\u00e1utica civil De acuerdo con la informaci\u00f3n preliminar, el accidente involucr\u00f3 a la aeronave PA-34 Piper, que realizaba un vuelo privado. En la aeronave se transportaban seis personas, todas resultaron ilesas tras el <a class=\"read-more\" href=\"https:\/\/elmetropolitano.com.gt\/es\/avioneta-se-accidenta-en-solola\/\">Leer m\u00e1s<\/a><\/p>\n","protected":false},"author":1,"featured_media":123773,"comment_status":"open","ping_status":"closed","sticky":false,"template":"","format":"standard","meta":{"footnotes":""},"categories":[2],"tags":[12],"class_list":["post-123772","post","type-post","status-publish","format-standard","has-post-thumbnail","hentry","category-nacionales","tag-nacionales"],"_links":{"self":[{"href":"https:\/\/elmetropolitano.com.gt\/es\/wp-json\/wp\/v2\/posts\/123772","targetHints":{"allow":["GET"]}}],"collection":[{"href":"https:\/\/elmetropolitano.com.gt\/es\/wp-json\/wp\/v2\/posts"}],"about":[{"href":"https:\/\/elmetropolitano.com.gt\/es\/wp-json\/wp\/v2\/types\/post"}],"author":[{"embeddable":true,"href":"https:\/\/elmetropolitano.com.gt\/es\/wp-json\/wp\/v2\/users\/1"}],"replies":[{"embeddable":true,"href":"https:\/\/elmetropolitano.com.gt\/es\/wp-json\/wp\/v2\/comments?post=123772"}],"version-history":[{"count":1,"href":"https:\/\/elmetropolitano.com.gt\/es\/wp-json\/wp\/v2\/posts\/123772\/revisions"}],"predecessor-version":[{"id":123776,"href":"https:\/\/elmetropolitano.com.gt\/es\/wp-json\/wp\/v2\/posts\/123772\/revisions\/123776"}],"wp:featuredmedia":[{"embeddable":true,"href":"https:\/\/elmetropolitano.com.gt\/es\/wp-json\/wp\/v2\/media\/123773"}],"wp:attachment":[{"href":"https:\/\/elmetropolitano.com.gt\/es\/wp-json\/wp\/v2\/media?parent=123772"}],"wp:term":[{"taxonomy":"category","embeddable":true,"href":"https:\/\/elmetropolitano.com.gt\/es\/wp-json\/wp\/v2\/categories?post=123772"},{"taxonomy":"post_tag","embeddable":true,"href":"https:\/\/elmetropolitano.com.gt\/es\/wp-json\/wp\/v2\/tags?post=123772"}],"curies":[{"name":"wp","href":"https:\/\/api.w.org\/{rel}","templated":true}]}}