{"id":123785,"date":"2026-03-14T10:00:28","date_gmt":"2026-03-14T16:00:28","guid":{"rendered":"https:\/\/elmetropolitano.com.gt\/es\/?p=123785"},"modified":"2026-03-14T10:00:29","modified_gmt":"2026-03-14T16:00:29","slug":"diputado-cesar-davila-se-suma-al-proyecto-del-partido-azul","status":"publish","type":"post","link":"https:\/\/elmetropolitano.com.gt\/es\/diputado-cesar-davila-se-suma-al-proyecto-del-partido-azul\/","title":{"rendered":"Diputado C\u00e9sar D\u00e1vila se suma al proyecto del partido Azul"},"content":{"rendered":"\n<p>En el marco de una jornada de capacitaci\u00f3n y formaci\u00f3n pol\u00edtica, el Partido Azul present\u00f3 el liderazgo de Jorge Gramajo y anunci\u00f3 la incorporaci\u00f3n del diputado C\u00e9sar D\u00e1vila al proyecto pol\u00edtico.<\/p>\n\n\n\n<p>La actividad reuni\u00f3 a liderazgos y simpatizantes que buscan fortalecer una propuesta pol\u00edtica basada en la preparaci\u00f3n, el compromiso y una visi\u00f3n clara de desarrollo para Guatemala.<\/p><div class=\"elmet-contenido\" id=\"elmet-370254149\"><div class=\"elmet-adlabel\">Anuncios<\/div><div style=\"margin-top: 20px;margin-right: 20px;margin-bottom: 20px;margin-left: 20px;\" id=\"elmet-1165092197\"><a href=\"https:\/\/www.facebook.com\/arrincuanantigua\/\" aria-label=\"cintillo-arrin-cual\"><img loading=\"lazy\" decoding=\"async\" src=\"https:\/\/elmetropolitano.com.gt\/es\/wp-content\/uploads\/2021\/11\/cintillo-arrin-cual-1.jpg\" alt=\"\"  srcset=\"https:\/\/elmetropolitano.com.gt\/es\/wp-content\/uploads\/2021\/11\/cintillo-arrin-cual-1.jpg 750w, https:\/\/elmetropolitano.com.gt\/es\/wp-content\/uploads\/2021\/11\/cintillo-arrin-cual-1-300x36.jpg 300w, https:\/\/elmetropolitano.com.gt\/es\/wp-content\/uploads\/2021\/11\/cintillo-arrin-cual-1-600x72.jpg 600w\" sizes=\"(max-width: 750px) 100vw, 750px\" width=\"750\" height=\"90\"   \/><\/a><\/div><\/div>\n\n\n\n<p>Durante el encuentro tambi\u00e9n se confirm\u00f3 que el diputado C\u00e9sar D\u00e1vila impulsar\u00e1 la organizaci\u00f3n y el crecimiento del Partido Azul en el departamento de Guatemala, promoviendo nuevos liderazgos y fortaleciendo la estructura territorial del partido.<\/p>\n\n\n\n<p><a href=\"https:\/\/www.facebook.com\/hashtag\/partidoazul?__eep__=6&amp;__cft__[0]=AZY3le0x3RT-bNO9JtKjrP3L0kkB40jUVeiEXd8hyfGmcYEW7N0HpJAzOTmgFNSUOWoQS6GDjSl0D0pYNVnZprvCg2DmSLmB9xkGfa-rzEPW6u_xzTmK8QJ-cZjZ3s2QDcSB2JgzvbnvQw_FGlICuOaflEV9eK031bh9FUVdK6typHaUq5HaOc8_IEw3pi3a6jk&amp;__tn__=*NK-R\">#PartidoAzul<\/a><a href=\"https:\/\/www.facebook.com\/hashtag\/a%C3%B1opreelectoral?__eep__=6&amp;__cft__[0]=AZY3le0x3RT-bNO9JtKjrP3L0kkB40jUVeiEXd8hyfGmcYEW7N0HpJAzOTmgFNSUOWoQS6GDjSl0D0pYNVnZprvCg2DmSLmB9xkGfa-rzEPW6u_xzTmK8QJ-cZjZ3s2QDcSB2JgzvbnvQw_FGlICuOaflEV9eK031bh9FUVdK6typHaUq5HaOc8_IEw3pi3a6jk&amp;__tn__=*NK-R\">#A\u00f1oPreelectoral<\/a><a href=\"https:\/\/www.facebook.com\/hashtag\/tseguatemala?__eep__=6&amp;__cft__[0]=AZY3le0x3RT-bNO9JtKjrP3L0kkB40jUVeiEXd8hyfGmcYEW7N0HpJAzOTmgFNSUOWoQS6GDjSl0D0pYNVnZprvCg2DmSLmB9xkGfa-rzEPW6u_xzTmK8QJ-cZjZ3s2QDcSB2JgzvbnvQw_FGlICuOaflEV9eK031bh9FUVdK6typHaUq5HaOc8_IEw3pi3a6jk&amp;__tn__=*NK-R\">#TSEGuatemala<\/a><a href=\"https:\/\/www.facebook.com\/hashtag\/diputadocesardavila?__eep__=6&amp;__cft__[0]=AZY3le0x3RT-bNO9JtKjrP3L0kkB40jUVeiEXd8hyfGmcYEW7N0HpJAzOTmgFNSUOWoQS6GDjSl0D0pYNVnZprvCg2DmSLmB9xkGfa-rzEPW6u_xzTmK8QJ-cZjZ3s2QDcSB2JgzvbnvQw_FGlICuOaflEV9eK031bh9FUVdK6typHaUq5HaOc8_IEw3pi3a6jk&amp;__tn__=*NK-R\">#DiputadoCesarDavila<\/a><\/p>\n\n\n\n<figure class=\"wp-block-gallery has-nested-images columns-default is-cropped wp-block-gallery-1 is-layout-flex wp-block-gallery-is-layout-flex\">\n<figure class=\"wp-block-image size-large\"><img loading=\"lazy\" decoding=\"async\" width=\"684\" height=\"1024\" data-id=\"123787\" src=\"https:\/\/elmetropolitano.com.gt\/es\/wp-content\/uploads\/2026\/03\/649060318_1486763940116351_6201518123152234039_n-684x1024.jpg\" alt=\"\" class=\"wp-image-123787\" srcset=\"https:\/\/elmetropolitano.com.gt\/es\/wp-content\/uploads\/2026\/03\/649060318_1486763940116351_6201518123152234039_n-684x1024.jpg 684w, https:\/\/elmetropolitano.com.gt\/es\/wp-content\/uploads\/2026\/03\/649060318_1486763940116351_6201518123152234039_n-200x300.jpg 200w, https:\/\/elmetropolitano.com.gt\/es\/wp-content\/uploads\/2026\/03\/649060318_1486763940116351_6201518123152234039_n-768x1151.jpg 768w, https:\/\/elmetropolitano.com.gt\/es\/wp-content\/uploads\/2026\/03\/649060318_1486763940116351_6201518123152234039_n-1025x1536.jpg 1025w, https:\/\/elmetropolitano.com.gt\/es\/wp-content\/uploads\/2026\/03\/649060318_1486763940116351_6201518123152234039_n.jpg 1068w\" sizes=\"auto, (max-width: 684px) 100vw, 684px\" \/><\/figure>\n\n\n\n<figure class=\"wp-block-image size-large\"><img loading=\"lazy\" decoding=\"async\" width=\"1024\" height=\"684\" data-id=\"123788\" src=\"https:\/\/elmetropolitano.com.gt\/es\/wp-content\/uploads\/2026\/03\/649289597_1486764003449678_4258558350741997518_n-1024x684.jpg\" alt=\"\" class=\"wp-image-123788\" srcset=\"https:\/\/elmetropolitano.com.gt\/es\/wp-content\/uploads\/2026\/03\/649289597_1486764003449678_4258558350741997518_n-1024x684.jpg 1024w, https:\/\/elmetropolitano.com.gt\/es\/wp-content\/uploads\/2026\/03\/649289597_1486764003449678_4258558350741997518_n-300x200.jpg 300w, https:\/\/elmetropolitano.com.gt\/es\/wp-content\/uploads\/2026\/03\/649289597_1486764003449678_4258558350741997518_n-768x513.jpg 768w, https:\/\/elmetropolitano.com.gt\/es\/wp-content\/uploads\/2026\/03\/649289597_1486764003449678_4258558350741997518_n-1536x1025.jpg 1536w, https:\/\/elmetropolitano.com.gt\/es\/wp-content\/uploads\/2026\/03\/649289597_1486764003449678_4258558350741997518_n.jpg 1600w\" sizes=\"auto, (max-width: 1024px) 100vw, 1024px\" \/><\/figure>\n\n\n\n<figure class=\"wp-block-image size-large\"><img loading=\"lazy\" decoding=\"async\" width=\"1024\" height=\"683\" data-id=\"123792\" src=\"https:\/\/elmetropolitano.com.gt\/es\/wp-content\/uploads\/2026\/03\/649599295_1486763743449704_6419530369591488079_n-1024x683.jpg\" alt=\"\" class=\"wp-image-123792\" srcset=\"https:\/\/elmetropolitano.com.gt\/es\/wp-content\/uploads\/2026\/03\/649599295_1486763743449704_6419530369591488079_n-1024x683.jpg 1024w, https:\/\/elmetropolitano.com.gt\/es\/wp-content\/uploads\/2026\/03\/649599295_1486763743449704_6419530369591488079_n-300x200.jpg 300w, https:\/\/elmetropolitano.com.gt\/es\/wp-content\/uploads\/2026\/03\/649599295_1486763743449704_6419530369591488079_n-768x512.jpg 768w, https:\/\/elmetropolitano.com.gt\/es\/wp-content\/uploads\/2026\/03\/649599295_1486763743449704_6419530369591488079_n-1536x1025.jpg 1536w, https:\/\/elmetropolitano.com.gt\/es\/wp-content\/uploads\/2026\/03\/649599295_1486763743449704_6419530369591488079_n.jpg 2048w\" sizes=\"auto, (max-width: 1024px) 100vw, 1024px\" \/><\/figure>\n\n\n\n<figure class=\"wp-block-image size-large\"><img loading=\"lazy\" decoding=\"async\" width=\"1024\" height=\"684\" data-id=\"123790\" src=\"https:\/\/elmetropolitano.com.gt\/es\/wp-content\/uploads\/2026\/03\/649902125_1486763646783047_933901111296283675_n-1024x684.jpg\" alt=\"\" class=\"wp-image-123790\" srcset=\"https:\/\/elmetropolitano.com.gt\/es\/wp-content\/uploads\/2026\/03\/649902125_1486763646783047_933901111296283675_n-1024x684.jpg 1024w, https:\/\/elmetropolitano.com.gt\/es\/wp-content\/uploads\/2026\/03\/649902125_1486763646783047_933901111296283675_n-300x200.jpg 300w, https:\/\/elmetropolitano.com.gt\/es\/wp-content\/uploads\/2026\/03\/649902125_1486763646783047_933901111296283675_n-768x513.jpg 768w, https:\/\/elmetropolitano.com.gt\/es\/wp-content\/uploads\/2026\/03\/649902125_1486763646783047_933901111296283675_n-1536x1025.jpg 1536w, https:\/\/elmetropolitano.com.gt\/es\/wp-content\/uploads\/2026\/03\/649902125_1486763646783047_933901111296283675_n.jpg 1600w\" sizes=\"auto, (max-width: 1024px) 100vw, 1024px\" \/><\/figure>\n\n\n\n<figure class=\"wp-block-image size-large\"><img loading=\"lazy\" decoding=\"async\" width=\"1024\" height=\"684\" data-id=\"123789\" src=\"https:\/\/elmetropolitano.com.gt\/es\/wp-content\/uploads\/2026\/03\/651017620_1486763906783021_3343968392227325791_n-1024x684.jpg\" alt=\"\" class=\"wp-image-123789\" srcset=\"https:\/\/elmetropolitano.com.gt\/es\/wp-content\/uploads\/2026\/03\/651017620_1486763906783021_3343968392227325791_n-1024x684.jpg 1024w, https:\/\/elmetropolitano.com.gt\/es\/wp-content\/uploads\/2026\/03\/651017620_1486763906783021_3343968392227325791_n-300x200.jpg 300w, https:\/\/elmetropolitano.com.gt\/es\/wp-content\/uploads\/2026\/03\/651017620_1486763906783021_3343968392227325791_n-768x513.jpg 768w, https:\/\/elmetropolitano.com.gt\/es\/wp-content\/uploads\/2026\/03\/651017620_1486763906783021_3343968392227325791_n-1536x1025.jpg 1536w, https:\/\/elmetropolitano.com.gt\/es\/wp-content\/uploads\/2026\/03\/651017620_1486763906783021_3343968392227325791_n.jpg 1600w\" sizes=\"auto, (max-width: 1024px) 100vw, 1024px\" \/><\/figure>\n\n\n\n<figure class=\"wp-block-image size-large\"><img loading=\"lazy\" decoding=\"async\" width=\"1024\" height=\"684\" data-id=\"123791\" src=\"https:\/\/elmetropolitano.com.gt\/es\/wp-content\/uploads\/2026\/03\/651244749_1486763860116359_6884975810566890781_n-1-1024x684.jpg\" alt=\"\" class=\"wp-image-123791\" srcset=\"https:\/\/elmetropolitano.com.gt\/es\/wp-content\/uploads\/2026\/03\/651244749_1486763860116359_6884975810566890781_n-1-1024x684.jpg 1024w, https:\/\/elmetropolitano.com.gt\/es\/wp-content\/uploads\/2026\/03\/651244749_1486763860116359_6884975810566890781_n-1-300x200.jpg 300w, https:\/\/elmetropolitano.com.gt\/es\/wp-content\/uploads\/2026\/03\/651244749_1486763860116359_6884975810566890781_n-1-768x513.jpg 768w, https:\/\/elmetropolitano.com.gt\/es\/wp-content\/uploads\/2026\/03\/651244749_1486763860116359_6884975810566890781_n-1-1536x1025.jpg 1536w, https:\/\/elmetropolitano.com.gt\/es\/wp-content\/uploads\/2026\/03\/651244749_1486763860116359_6884975810566890781_n-1.jpg 1600w\" sizes=\"auto, (max-width: 1024px) 100vw, 1024px\" \/><\/figure>\n<\/figure>\n","protected":false},"excerpt":{"rendered":"<p>En el marco de una jornada de capacitaci\u00f3n y formaci\u00f3n pol\u00edtica, el Partido Azul present\u00f3 el liderazgo de Jorge Gramajo y anunci\u00f3 la incorporaci\u00f3n del diputado C\u00e9sar D\u00e1vila al proyecto pol\u00edtico. La actividad reuni\u00f3 a liderazgos y simpatizantes que buscan fortalecer una propuesta pol\u00edtica basada en la preparaci\u00f3n, el compromiso y una visi\u00f3n clara de <a class=\"read-more\" href=\"https:\/\/elmetropolitano.com.gt\/es\/diputado-cesar-davila-se-suma-al-proyecto-del-partido-azul\/\">Leer m\u00e1s<\/a><\/p>\n","protected":false},"author":1,"featured_media":123786,"comment_status":"open","ping_status":"closed","sticky":false,"template":"","format":"standard","meta":{"footnotes":""},"categories":[2],"tags":[12],"class_list":["post-123785","post","type-post","status-publish","format-standard","has-post-thumbnail","hentry","category-nacionales","tag-nacionales"],"_links":{"self":[{"href":"https:\/\/elmetropolitano.com.gt\/es\/wp-json\/wp\/v2\/posts\/123785","targetHints":{"allow":["GET"]}}],"collection":[{"href":"https:\/\/elmetropolitano.com.gt\/es\/wp-json\/wp\/v2\/posts"}],"about":[{"href":"https:\/\/elmetropolitano.com.gt\/es\/wp-json\/wp\/v2\/types\/post"}],"author":[{"embeddable":true,"href":"https:\/\/elmetropolitano.com.gt\/es\/wp-json\/wp\/v2\/users\/1"}],"replies":[{"embeddable":true,"href":"https:\/\/elmetropolitano.com.gt\/es\/wp-json\/wp\/v2\/comments?post=123785"}],"version-history":[{"count":1,"href":"https:\/\/elmetropolitano.com.gt\/es\/wp-json\/wp\/v2\/posts\/123785\/revisions"}],"predecessor-version":[{"id":123793,"href":"https:\/\/elmetropolitano.com.gt\/es\/wp-json\/wp\/v2\/posts\/123785\/revisions\/123793"}],"wp:featuredmedia":[{"embeddable":true,"href":"https:\/\/elmetropolitano.com.gt\/es\/wp-json\/wp\/v2\/media\/123786"}],"wp:attachment":[{"href":"https:\/\/elmetropolitano.com.gt\/es\/wp-json\/wp\/v2\/media?parent=123785"}],"wp:term":[{"taxonomy":"category","embeddable":true,"href":"https:\/\/elmetropolitano.com.gt\/es\/wp-json\/wp\/v2\/categories?post=123785"},{"taxonomy":"post_tag","embeddable":true,"href":"https:\/\/elmetropolitano.com.gt\/es\/wp-json\/wp\/v2\/tags?post=123785"}],"curies":[{"name":"wp","href":"https:\/\/api.w.org\/{rel}","templated":true}]}}