{"id":123812,"date":"2026-03-14T10:10:48","date_gmt":"2026-03-14T16:10:48","guid":{"rendered":"https:\/\/elmetropolitano.com.gt\/es\/?p=123812"},"modified":"2026-03-14T10:10:49","modified_gmt":"2026-03-14T16:10:49","slug":"estados-unidos-ataca-isla-petrolera-de-iran","status":"publish","type":"post","link":"https:\/\/elmetropolitano.com.gt\/es\/estados-unidos-ataca-isla-petrolera-de-iran\/","title":{"rendered":"Estados Unidos ataca isla petrolera de Ir\u00e1n"},"content":{"rendered":"\n<p>Donald Trump acaba de revelar que Estados Unidos bombarde\u00f3 objetivos militares en la isla de Kharg, centro vital que gestiona aproximadamente el 90 % de las exportaciones de petr\u00f3leo de Ir\u00e1n.<\/p>\n\n\n\n<p>Seg\u00fan Trump, el Comando Central de EE.UU. (CENTCOM) ejecut\u00f3 uno de los bombardeos m\u00e1s potentes en la historia de la regi\u00f3n para \u00abaniquilar por completo\u00bb cada objetivo militar en la isla.<\/p><div class=\"elmet-contenido\" id=\"elmet-4117239793\"><div class=\"elmet-adlabel\">Anuncios<\/div><div style=\"margin-top: 20px;margin-right: 20px;margin-bottom: 20px;margin-left: 20px;\" id=\"elmet-3171914231\"><a href=\"https:\/\/www.facebook.com\/arrincuanantigua\/\" aria-label=\"cintillo-arrin-cual\"><img loading=\"lazy\" decoding=\"async\" src=\"https:\/\/elmetropolitano.com.gt\/es\/wp-content\/uploads\/2021\/11\/cintillo-arrin-cual-1.jpg\" alt=\"\"  srcset=\"https:\/\/elmetropolitano.com.gt\/es\/wp-content\/uploads\/2021\/11\/cintillo-arrin-cual-1.jpg 750w, https:\/\/elmetropolitano.com.gt\/es\/wp-content\/uploads\/2021\/11\/cintillo-arrin-cual-1-300x36.jpg 300w, https:\/\/elmetropolitano.com.gt\/es\/wp-content\/uploads\/2021\/11\/cintillo-arrin-cual-1-600x72.jpg 600w\" sizes=\"(max-width: 750px) 100vw, 750px\" width=\"750\" height=\"90\"   \/><\/a><\/div><\/div>\n\n\n\n<p>\u201cPor razones de decencia, he optado por no destruir la infraestructura petrolera de la isla\u201d expres\u00f3 el mandatario<\/p>\n\n\n\n<p>\u201cSin embargo, si Ir\u00e1n, o cualquier otro pa\u00eds, hiciera algo que interfiriera con el paso libre y seguro de los barcos a trav\u00e9s del estrecho de Ormuz, reconsiderar\u00e9 inmediatamente esta decisi\u00f3n\u201d enfatiz\u00f3 en su mensaje<\/p>\n\n\n\n<p>\u201cLas fuerzas armadas iran\u00edes, y todos los dem\u00e1s implicados con este r\u00e9gimen terrorista, har\u00edan bien en deponer las armas y salvar lo que queda de su pa\u00eds, que no es mucho\u201d indic\u00f3 finalmente<\/p>\n\n\n\n<figure class=\"wp-block-gallery has-nested-images columns-default is-cropped wp-block-gallery-1 is-layout-flex wp-block-gallery-is-layout-flex\">\n<figure class=\"wp-block-image size-large\"><img loading=\"lazy\" decoding=\"async\" width=\"820\" height=\"1024\" data-id=\"123815\" src=\"https:\/\/elmetropolitano.com.gt\/es\/wp-content\/uploads\/2026\/03\/651167749_1486845443441534_2044184630070839825_n.jpg\" alt=\"\" class=\"wp-image-123815\" srcset=\"https:\/\/elmetropolitano.com.gt\/es\/wp-content\/uploads\/2026\/03\/651167749_1486845443441534_2044184630070839825_n.jpg 820w, https:\/\/elmetropolitano.com.gt\/es\/wp-content\/uploads\/2026\/03\/651167749_1486845443441534_2044184630070839825_n-240x300.jpg 240w, https:\/\/elmetropolitano.com.gt\/es\/wp-content\/uploads\/2026\/03\/651167749_1486845443441534_2044184630070839825_n-768x959.jpg 768w\" sizes=\"auto, (max-width: 820px) 100vw, 820px\" \/><\/figure>\n\n\n\n<figure class=\"wp-block-image size-large\"><img loading=\"lazy\" decoding=\"async\" width=\"554\" height=\"554\" data-id=\"123814\" src=\"https:\/\/elmetropolitano.com.gt\/es\/wp-content\/uploads\/2026\/03\/651897329_1486845290108216_2624910040295404122_n-1.jpg\" alt=\"\" class=\"wp-image-123814\" srcset=\"https:\/\/elmetropolitano.com.gt\/es\/wp-content\/uploads\/2026\/03\/651897329_1486845290108216_2624910040295404122_n-1.jpg 554w, https:\/\/elmetropolitano.com.gt\/es\/wp-content\/uploads\/2026\/03\/651897329_1486845290108216_2624910040295404122_n-1-300x300.jpg 300w, https:\/\/elmetropolitano.com.gt\/es\/wp-content\/uploads\/2026\/03\/651897329_1486845290108216_2624910040295404122_n-1-150x150.jpg 150w\" sizes=\"auto, (max-width: 554px) 100vw, 554px\" \/><\/figure>\n<\/figure>\n","protected":false},"excerpt":{"rendered":"<p>Donald Trump acaba de revelar que Estados Unidos bombarde\u00f3 objetivos militares en la isla de Kharg, centro vital que gestiona aproximadamente el 90 % de las exportaciones de petr\u00f3leo de Ir\u00e1n. Seg\u00fan Trump, el Comando Central de EE.UU. (CENTCOM) ejecut\u00f3 uno de los bombardeos m\u00e1s potentes en la historia de la regi\u00f3n para \u00abaniquilar por <a class=\"read-more\" href=\"https:\/\/elmetropolitano.com.gt\/es\/estados-unidos-ataca-isla-petrolera-de-iran\/\">Leer m\u00e1s<\/a><\/p>\n","protected":false},"author":1,"featured_media":123813,"comment_status":"open","ping_status":"closed","sticky":false,"template":"","format":"standard","meta":{"footnotes":""},"categories":[14],"tags":[],"class_list":["post-123812","post","type-post","status-publish","format-standard","has-post-thumbnail","hentry","category-internacionales"],"_links":{"self":[{"href":"https:\/\/elmetropolitano.com.gt\/es\/wp-json\/wp\/v2\/posts\/123812","targetHints":{"allow":["GET"]}}],"collection":[{"href":"https:\/\/elmetropolitano.com.gt\/es\/wp-json\/wp\/v2\/posts"}],"about":[{"href":"https:\/\/elmetropolitano.com.gt\/es\/wp-json\/wp\/v2\/types\/post"}],"author":[{"embeddable":true,"href":"https:\/\/elmetropolitano.com.gt\/es\/wp-json\/wp\/v2\/users\/1"}],"replies":[{"embeddable":true,"href":"https:\/\/elmetropolitano.com.gt\/es\/wp-json\/wp\/v2\/comments?post=123812"}],"version-history":[{"count":1,"href":"https:\/\/elmetropolitano.com.gt\/es\/wp-json\/wp\/v2\/posts\/123812\/revisions"}],"predecessor-version":[{"id":123816,"href":"https:\/\/elmetropolitano.com.gt\/es\/wp-json\/wp\/v2\/posts\/123812\/revisions\/123816"}],"wp:featuredmedia":[{"embeddable":true,"href":"https:\/\/elmetropolitano.com.gt\/es\/wp-json\/wp\/v2\/media\/123813"}],"wp:attachment":[{"href":"https:\/\/elmetropolitano.com.gt\/es\/wp-json\/wp\/v2\/media?parent=123812"}],"wp:term":[{"taxonomy":"category","embeddable":true,"href":"https:\/\/elmetropolitano.com.gt\/es\/wp-json\/wp\/v2\/categories?post=123812"},{"taxonomy":"post_tag","embeddable":true,"href":"https:\/\/elmetropolitano.com.gt\/es\/wp-json\/wp\/v2\/tags?post=123812"}],"curies":[{"name":"wp","href":"https:\/\/api.w.org\/{rel}","templated":true}]}}