{"id":123846,"date":"2026-03-14T18:40:52","date_gmt":"2026-03-15T00:40:52","guid":{"rendered":"https:\/\/elmetropolitano.com.gt\/es\/?p=123846"},"modified":"2026-03-14T18:40:53","modified_gmt":"2026-03-15T00:40:53","slug":"alianza-politica-se-esta-conformado-en-villa-canales","status":"publish","type":"post","link":"https:\/\/elmetropolitano.com.gt\/es\/alianza-politica-se-esta-conformado-en-villa-canales\/","title":{"rendered":"Alianza pol\u00edtica se est\u00e1 conformado en Villa Canales"},"content":{"rendered":"\n<p>En el municipio de Villa Canales se est\u00e1 conformando una alianza pol\u00edtica con diferentes l\u00edderes que participaron en las pasadas contiendas electorales y ahora buscan una uni\u00f3n de cara al pr\u00f3ximo proceso electoral del 2027.<\/p>\n\n\n\n<p>Este d\u00eda se observ\u00f3 una primera reuni\u00f3n donde se encontraba el diputado de la Unidad Nacional de la Esperanza UNE Julio Marroqu\u00edn, Max Arriaga del Partido Vamos, Irma Reyes esposa del ex alcalde Miguel Garc\u00eda de Villa Canales, (ella fue concejal de la municipalidad de Villa Canales ) y William Melgar ex candidato a alcalde del partido popular de Neto Bran<\/p><div class=\"elmet-contenido\" id=\"elmet-1790902237\"><div class=\"elmet-adlabel\">Anuncios<\/div><div style=\"margin-top: 20px;margin-right: 20px;margin-bottom: 20px;margin-left: 20px;\" id=\"elmet-3308062443\"><a href=\"https:\/\/www.facebook.com\/arrincuanantigua\/\" aria-label=\"cintillo-arrin-cual\"><img loading=\"lazy\" decoding=\"async\" src=\"https:\/\/elmetropolitano.com.gt\/es\/wp-content\/uploads\/2021\/11\/cintillo-arrin-cual-1.jpg\" alt=\"\"  srcset=\"https:\/\/elmetropolitano.com.gt\/es\/wp-content\/uploads\/2021\/11\/cintillo-arrin-cual-1.jpg 750w, https:\/\/elmetropolitano.com.gt\/es\/wp-content\/uploads\/2021\/11\/cintillo-arrin-cual-1-300x36.jpg 300w, https:\/\/elmetropolitano.com.gt\/es\/wp-content\/uploads\/2021\/11\/cintillo-arrin-cual-1-600x72.jpg 600w\" sizes=\"(max-width: 750px) 100vw, 750px\" width=\"750\" height=\"90\"   \/><\/a><\/div><\/div>\n\n\n\n<p>En esta reuni\u00f3n seg\u00fan se pudo establecer que no hay ning\u00fan candidato a alcalde y que el \u00fanico objetivo es aglutinar a la<\/p>\n\n\n\n<p>mayor cantidad de vecinos para hacer en las elecciones del pr\u00f3ximo a\u00f1o un solo frente pensando en el bienestar de los vecinos de Villa Canales.<\/p>\n\n\n\n<p>Se pregunt\u00f3 a algunos vecinos sobre c\u00f3mo ver\u00edan una alianza pol\u00edtica y Carlos Aguilar de Boca del Monte dijo \u201csi se ponen de acuerdo los pol\u00edticos y eligen solo a uno, les aseguro que tienen mi voto para sacar al alcalde actual que no ha hecho nada\u201d<\/p>\n\n\n\n<p>Petronila Reyes indic\u00f3 qu\u00e9 \u201cno lo creo son coyotes de la misma loma, pero a ver qu\u00e9 pasa, si se ponen de acuerdo lo dudo que el alcalde Rivera se reelija\u201d<\/p>\n\n\n\n<p>Seg\u00fan los analistas pol\u00edticos una alianza de ex candidatos y l\u00edderes pol\u00edticos de Villa Canales perjudicar\u00eda la reelecci\u00f3n de Ramiro Rivera del Partido Valor<\/p>\n\n\n\n<p><a href=\"https:\/\/www.facebook.com\/hashtag\/villacanales?__eep__=6&amp;__cft__[0]=AZaQCsnuYJEspWhbZZ0SCrA5nl56sguRzpDv9IKjh4TfXvFP8fnwv8jiQ86cUcviX3xMUGzkIIReiVMt2XB-X73_6FNLF9FidZc4zrd4v_0aMzzZW6YtvENVxfIsX5QyFtqVSMqY5TsxZkX4Q6Xl7O-9VJp1eSR-D_OvWNrV1zXiFheTFxqlAv9Ogy4qbSvPK8ZJ8HDvfqYoE867vtvRQ1pSdli965ij9JEVj7XP2kXkvQ&amp;__tn__=*NK-y-R\">#VillaCanales<\/a><a href=\"https:\/\/www.facebook.com\/hashtag\/a%C3%B1opreelectoral?__eep__=6&amp;__cft__[0]=AZaQCsnuYJEspWhbZZ0SCrA5nl56sguRzpDv9IKjh4TfXvFP8fnwv8jiQ86cUcviX3xMUGzkIIReiVMt2XB-X73_6FNLF9FidZc4zrd4v_0aMzzZW6YtvENVxfIsX5QyFtqVSMqY5TsxZkX4Q6Xl7O-9VJp1eSR-D_OvWNrV1zXiFheTFxqlAv9Ogy4qbSvPK8ZJ8HDvfqYoE867vtvRQ1pSdli965ij9JEVj7XP2kXkvQ&amp;__tn__=*NK-y-R\">#A\u00f1oPreelectoral<\/a><a href=\"https:\/\/www.facebook.com\/hashtag\/valor?__eep__=6&amp;__cft__[0]=AZaQCsnuYJEspWhbZZ0SCrA5nl56sguRzpDv9IKjh4TfXvFP8fnwv8jiQ86cUcviX3xMUGzkIIReiVMt2XB-X73_6FNLF9FidZc4zrd4v_0aMzzZW6YtvENVxfIsX5QyFtqVSMqY5TsxZkX4Q6Xl7O-9VJp1eSR-D_OvWNrV1zXiFheTFxqlAv9Ogy4qbSvPK8ZJ8HDvfqYoE867vtvRQ1pSdli965ij9JEVj7XP2kXkvQ&amp;__tn__=*NK-y-R\">#Valor<\/a><a href=\"https:\/\/www.facebook.com\/hashtag\/metroredes?__eep__=6&amp;__cft__[0]=AZaQCsnuYJEspWhbZZ0SCrA5nl56sguRzpDv9IKjh4TfXvFP8fnwv8jiQ86cUcviX3xMUGzkIIReiVMt2XB-X73_6FNLF9FidZc4zrd4v_0aMzzZW6YtvENVxfIsX5QyFtqVSMqY5TsxZkX4Q6Xl7O-9VJp1eSR-D_OvWNrV1zXiFheTFxqlAv9Ogy4qbSvPK8ZJ8HDvfqYoE867vtvRQ1pSdli965ij9JEVj7XP2kXkvQ&amp;__tn__=*NK-y-R\">#metroredes<\/a><a href=\"https:\/\/www.facebook.com\/hashtag\/tseguatemala?__eep__=6&amp;__cft__[0]=AZaQCsnuYJEspWhbZZ0SCrA5nl56sguRzpDv9IKjh4TfXvFP8fnwv8jiQ86cUcviX3xMUGzkIIReiVMt2XB-X73_6FNLF9FidZc4zrd4v_0aMzzZW6YtvENVxfIsX5QyFtqVSMqY5TsxZkX4Q6Xl7O-9VJp1eSR-D_OvWNrV1zXiFheTFxqlAv9Ogy4qbSvPK8ZJ8HDvfqYoE867vtvRQ1pSdli965ij9JEVj7XP2kXkvQ&amp;__tn__=*NK-y-R\">#TSEGuatemala<\/a><a href=\"https:\/\/www.facebook.com\/hashtag\/une?__eep__=6&amp;__cft__[0]=AZaQCsnuYJEspWhbZZ0SCrA5nl56sguRzpDv9IKjh4TfXvFP8fnwv8jiQ86cUcviX3xMUGzkIIReiVMt2XB-X73_6FNLF9FidZc4zrd4v_0aMzzZW6YtvENVxfIsX5QyFtqVSMqY5TsxZkX4Q6Xl7O-9VJp1eSR-D_OvWNrV1zXiFheTFxqlAv9Ogy4qbSvPK8ZJ8HDvfqYoE867vtvRQ1pSdli965ij9JEVj7XP2kXkvQ&amp;__tn__=*NK-y-R\">#Une<\/a><a href=\"https:\/\/www.facebook.com\/hashtag\/vamos?__eep__=6&amp;__cft__[0]=AZaQCsnuYJEspWhbZZ0SCrA5nl56sguRzpDv9IKjh4TfXvFP8fnwv8jiQ86cUcviX3xMUGzkIIReiVMt2XB-X73_6FNLF9FidZc4zrd4v_0aMzzZW6YtvENVxfIsX5QyFtqVSMqY5TsxZkX4Q6Xl7O-9VJp1eSR-D_OvWNrV1zXiFheTFxqlAv9Ogy4qbSvPK8ZJ8HDvfqYoE867vtvRQ1pSdli965ij9JEVj7XP2kXkvQ&amp;__tn__=*NK-y-R\">#Vamos<\/a><a href=\"https:\/\/www.facebook.com\/hashtag\/politica?__eep__=6&amp;__cft__[0]=AZaQCsnuYJEspWhbZZ0SCrA5nl56sguRzpDv9IKjh4TfXvFP8fnwv8jiQ86cUcviX3xMUGzkIIReiVMt2XB-X73_6FNLF9FidZc4zrd4v_0aMzzZW6YtvENVxfIsX5QyFtqVSMqY5TsxZkX4Q6Xl7O-9VJp1eSR-D_OvWNrV1zXiFheTFxqlAv9Ogy4qbSvPK8ZJ8HDvfqYoE867vtvRQ1pSdli965ij9JEVj7XP2kXkvQ&amp;__tn__=*NK-y-R\">#Politica<\/a><\/p>\n\n\n\n<p><a href=\"https:\/\/l.facebook.com\/l.php?u=http%3A%2F%2FWww.elmetropolitano.com.gt%2F%3Ffbclid%3DIwZXh0bgNhZW0CMTAAYnJpZBExVHNiUDhlb0t2MUlUV0ZtN3NydGMGYXBwX2lkEDIyMjAzOTE3ODgyMDA4OTIAAR7jL_Hk2I9RQ8UpVkUpmVE61mULlA6m1aQJztUd7UTiJ5jHBc4NaQ7oSYcdag_aem_T6GRNZE2Cf-h1WLCVxiLMg&amp;h=AT7-zHOf5mQj_RTIGzJPawT47PXEoL7ZXeYickCK-xacnvMyDhIdhdv1eVpAiwGnMMYepMHJ4an2XRmHAux2qg-tCVnkH5onMX-eENIwp2pG_pZdB6f8D2Q0kYVF5l0TdkCg-HI7eGEsSlBO&amp;__tn__=-UK-y-R&amp;c[0]=AT7aV-LyCnt3zsKOJlzJ7Oq6aLJxTjMeTO7ThBfeCNTFYjB--YnRdfQNN8n_TcykeqEE81pRBCJqyH7VIDFN4-edsrnZ-i3gNwWsAY1Ev1COgToVE4oh0hmc_BQVSBp09vMr2onNqNVYeaJZlZNZFW2pS2TMjenhiLMyw0M1yRGW-7fgbxEQrJV-rigp4GnYXDDZEqOSa537xLVXZ_eRjtKoffIp4OjSmhCQZ07Ewwt-UGK15A\" target=\"_blank\" rel=\"noreferrer noopener\">Www.elmetropolitano.com.gt<\/a> <a href=\"https:\/\/l.facebook.com\/l.php?u=http%3A%2F%2FWww.metroredes.com%2F%3Ffbclid%3DIwZXh0bgNhZW0CMTAAYnJpZBExVHNiUDhlb0t2MUlUV0ZtN3NydGMGYXBwX2lkEDIyMjAzOTE3ODgyMDA4OTIAAR6g_SKgSE8EAuSwe-ecg5i_PuM23wOTvRugiNbfpqlWxHK-jCmJ-m9TCcbWrA_aem_czANUGgJN2yKLchNcAxjsQ&amp;h=AT68ctd95AlK_Y7D_25CSk0Lom0LTpBFwrO4deUgVQveiUhPGwLI9lcIr1Ob9YGHAtqtfMX7hIHwfH1IpUYeXmY8qFXTZ8ETOoMLAzEohfbRViUtLbvxbiA4JJVI8UOSamIWLeGgxP9JMHsH&amp;__tn__=-UK-y-R&amp;c[0]=AT7aV-LyCnt3zsKOJlzJ7Oq6aLJxTjMeTO7ThBfeCNTFYjB--YnRdfQNN8n_TcykeqEE81pRBCJqyH7VIDFN4-edsrnZ-i3gNwWsAY1Ev1COgToVE4oh0hmc_BQVSBp09vMr2onNqNVYeaJZlZNZFW2pS2TMjenhiLMyw0M1yRGW-7fgbxEQrJV-rigp4GnYXDDZEqOSa537xLVXZ_eRjtKoffIp4OjSmhCQZ07Ewwt-UGK15A\" target=\"_blank\" rel=\"noreferrer noopener\">Www.metroredes.com<\/a><\/p>\n","protected":false},"excerpt":{"rendered":"<p>En el municipio de Villa Canales se est\u00e1 conformando una alianza pol\u00edtica con diferentes l\u00edderes que participaron en las pasadas contiendas electorales y ahora buscan una uni\u00f3n de cara al pr\u00f3ximo proceso electoral del 2027. Este d\u00eda se observ\u00f3 una primera reuni\u00f3n donde se encontraba el diputado de la Unidad Nacional de la Esperanza UNE <a class=\"read-more\" href=\"https:\/\/elmetropolitano.com.gt\/es\/alianza-politica-se-esta-conformado-en-villa-canales\/\">Leer m\u00e1s<\/a><\/p>\n","protected":false},"author":1,"featured_media":123847,"comment_status":"open","ping_status":"closed","sticky":false,"template":"","format":"standard","meta":{"footnotes":""},"categories":[3],"tags":[10],"class_list":["post-123846","post","type-post","status-publish","format-standard","has-post-thumbnail","hentry","category-locales","tag-locales"],"_links":{"self":[{"href":"https:\/\/elmetropolitano.com.gt\/es\/wp-json\/wp\/v2\/posts\/123846","targetHints":{"allow":["GET"]}}],"collection":[{"href":"https:\/\/elmetropolitano.com.gt\/es\/wp-json\/wp\/v2\/posts"}],"about":[{"href":"https:\/\/elmetropolitano.com.gt\/es\/wp-json\/wp\/v2\/types\/post"}],"author":[{"embeddable":true,"href":"https:\/\/elmetropolitano.com.gt\/es\/wp-json\/wp\/v2\/users\/1"}],"replies":[{"embeddable":true,"href":"https:\/\/elmetropolitano.com.gt\/es\/wp-json\/wp\/v2\/comments?post=123846"}],"version-history":[{"count":1,"href":"https:\/\/elmetropolitano.com.gt\/es\/wp-json\/wp\/v2\/posts\/123846\/revisions"}],"predecessor-version":[{"id":123848,"href":"https:\/\/elmetropolitano.com.gt\/es\/wp-json\/wp\/v2\/posts\/123846\/revisions\/123848"}],"wp:featuredmedia":[{"embeddable":true,"href":"https:\/\/elmetropolitano.com.gt\/es\/wp-json\/wp\/v2\/media\/123847"}],"wp:attachment":[{"href":"https:\/\/elmetropolitano.com.gt\/es\/wp-json\/wp\/v2\/media?parent=123846"}],"wp:term":[{"taxonomy":"category","embeddable":true,"href":"https:\/\/elmetropolitano.com.gt\/es\/wp-json\/wp\/v2\/categories?post=123846"},{"taxonomy":"post_tag","embeddable":true,"href":"https:\/\/elmetropolitano.com.gt\/es\/wp-json\/wp\/v2\/tags?post=123846"}],"curies":[{"name":"wp","href":"https:\/\/api.w.org\/{rel}","templated":true}]}}