{"id":123858,"date":"2026-03-15T21:34:05","date_gmt":"2026-03-16T03:34:05","guid":{"rendered":"https:\/\/elmetropolitano.com.gt\/es\/?p=123858"},"modified":"2026-03-15T21:34:06","modified_gmt":"2026-03-16T03:34:06","slug":"partido-victoria-se-fortalece-en-la-capital","status":"publish","type":"post","link":"https:\/\/elmetropolitano.com.gt\/es\/partido-victoria-se-fortalece-en-la-capital\/","title":{"rendered":"Partido Victoria se fortalece en la capital"},"content":{"rendered":"\n<p>El Partido Victoria desarroll\u00f3 este fin de semana una reuni\u00f3n de organizaci\u00f3n en la ciudad Capital, con la presencia de 24 zonas donde se habl\u00f3 de fortalecer el Partido por medio de afiliaci\u00f3n que dirigir\u00e1 su secretario general metropolitano Krisi M\u00e9ndez<\/p>\n\n\n\n<p>A la actividad asisti\u00f3 el secretario general Abraham Rivera y el General Erick Cano qui\u00e9n es el precandidato presidencial de Victoria<\/p><div class=\"elmet-contenido\" id=\"elmet-3868745613\"><div class=\"elmet-adlabel\">Anuncios<\/div><div style=\"margin-top: 20px;margin-right: 20px;margin-bottom: 20px;margin-left: 20px;\" id=\"elmet-68357252\"><a href=\"https:\/\/www.facebook.com\/arrincuanantigua\/\" aria-label=\"cintillo-arrin-cual\"><img loading=\"lazy\" decoding=\"async\" src=\"https:\/\/elmetropolitano.com.gt\/es\/wp-content\/uploads\/2021\/11\/cintillo-arrin-cual-1.jpg\" alt=\"\"  srcset=\"https:\/\/elmetropolitano.com.gt\/es\/wp-content\/uploads\/2021\/11\/cintillo-arrin-cual-1.jpg 750w, https:\/\/elmetropolitano.com.gt\/es\/wp-content\/uploads\/2021\/11\/cintillo-arrin-cual-1-300x36.jpg 300w, https:\/\/elmetropolitano.com.gt\/es\/wp-content\/uploads\/2021\/11\/cintillo-arrin-cual-1-600x72.jpg 600w\" sizes=\"(max-width: 750px) 100vw, 750px\" width=\"750\" height=\"90\"   \/><\/a><\/div><\/div>\n\n\n\n<p>Abraham Rivera al ser consultado al t\u00e9rmino de la reuni\u00f3n indic\u00f3 que \u201cen todas las zonas de la capital Victoria se est\u00e1 fortaleciendo, cada d\u00eda estamos creciendo\u201d<\/p>\n\n\n\n<p>Indic\u00f3 que en estos meses habr\u00e1n jornadas de afiliaci\u00f3n en las diferentes zonas de la ciudad capital para que cada d\u00eda Victoria siga creciendo en el \u00e1rea metropolitana.<\/p>\n\n\n\n<p>As\u00ed qued\u00f3 el comit\u00e9 metropolitano<\/p>\n\n\n\n<p>1. Secretaria General<\/p>\n\n\n\n<p>Titular: Krisi M\u00e9ndez<\/p>\n\n\n\n<p>Suplente I: Karla Urrea<\/p>\n\n\n\n<p>2. Secretaria De Actas<\/p>\n\n\n\n<p>Titular: Paolo Verbena<\/p>\n\n\n\n<p>Suplente I: Jaime Ixquiac<\/p>\n\n\n\n<p>3. Secretaria De Finanzas:<\/p>\n\n\n\n<p>Titular: Dafne Rodriguez<\/p>\n\n\n\n<p>Suplente I: Nestor Borrallo<\/p>\n\n\n\n<p>4. Secretaria de Organizaci\u00f3n<\/p>\n\n\n\n<p>Titular: Mirai Miranda<\/p>\n\n\n\n<p>Suplente I: Mario Escobar<\/p>\n\n\n\n<p>Vocalias<\/p>\n\n\n\n<p>5. \u2060Secretaria De Acci\u00f3n Social<\/p>\n\n\n\n<p>Titular: Kevin de la Cruz<\/p>\n\n\n\n<p>Suplente I: Edwin Morales Hern\u00e1ndez<\/p>\n\n\n\n<p>6. \u2060Secretaria De La Mujer:<\/p>\n\n\n\n<p>Titular: Hidis Rivera<\/p>\n\n\n\n<p>Suplente I: Lorena Bonilla<\/p>\n\n\n\n<p>Suplente II: Ingrid Herrera<\/p>\n\n\n\n<p>Suplente III: Sandra Esquivel<\/p>\n\n\n\n<p>7. \u2060Secretaria De La Juventud<\/p>\n\n\n\n<p>Titular: Orlando Gonz\u00e1lez<\/p>\n\n\n\n<p>Suplente I:Carlos Loarca<\/p>\n\n\n\n<p>Suplente II: Edgar Zepeda Rivera<\/p>\n\n\n\n<p>Suplente III: Nahomi Aguilar<\/p>\n\n\n\n<p><a href=\"https:\/\/www.facebook.com\/hashtag\/partidovictoria?__eep__=6&amp;__cft__[0]=AZbvm6xhlfI81f-h0DNEmKIUzcD5xBGdngrVe1asite15Zl2rS-tbGIjd4r0aKn4Ct-sB0NKRTNjr91RudciJg1SS7VwiTa9HEu5P6VdqQKEcXvqBgDh-3gxzMnaWITic2Kg8wvTOaSNM80VfeMsAH237KeT451YVR5a9I6HoVeWUiu2rWxCkjPlAbL_v21YKjE&amp;__tn__=*NK-R\">#PartidoVictoria<\/a><a href=\"https:\/\/www.facebook.com\/hashtag\/a%C3%B1opreelectoral?__eep__=6&amp;__cft__[0]=AZbvm6xhlfI81f-h0DNEmKIUzcD5xBGdngrVe1asite15Zl2rS-tbGIjd4r0aKn4Ct-sB0NKRTNjr91RudciJg1SS7VwiTa9HEu5P6VdqQKEcXvqBgDh-3gxzMnaWITic2Kg8wvTOaSNM80VfeMsAH237KeT451YVR5a9I6HoVeWUiu2rWxCkjPlAbL_v21YKjE&amp;__tn__=*NK-R\">#A\u00f1oPreelectoral<\/a><a href=\"https:\/\/www.facebook.com\/hashtag\/metroredes?__eep__=6&amp;__cft__[0]=AZbvm6xhlfI81f-h0DNEmKIUzcD5xBGdngrVe1asite15Zl2rS-tbGIjd4r0aKn4Ct-sB0NKRTNjr91RudciJg1SS7VwiTa9HEu5P6VdqQKEcXvqBgDh-3gxzMnaWITic2Kg8wvTOaSNM80VfeMsAH237KeT451YVR5a9I6HoVeWUiu2rWxCkjPlAbL_v21YKjE&amp;__tn__=*NK-R\">#metroredes<\/a><a href=\"https:\/\/www.facebook.com\/hashtag\/tseguatemala?__eep__=6&amp;__cft__[0]=AZbvm6xhlfI81f-h0DNEmKIUzcD5xBGdngrVe1asite15Zl2rS-tbGIjd4r0aKn4Ct-sB0NKRTNjr91RudciJg1SS7VwiTa9HEu5P6VdqQKEcXvqBgDh-3gxzMnaWITic2Kg8wvTOaSNM80VfeMsAH237KeT451YVR5a9I6HoVeWUiu2rWxCkjPlAbL_v21YKjE&amp;__tn__=*NK-R\">#TSEGuatemala<\/a><\/p>\n\n\n\n<figure class=\"wp-block-gallery has-nested-images columns-default is-cropped wp-block-gallery-1 is-layout-flex wp-block-gallery-is-layout-flex\">\n<figure class=\"wp-block-image size-large\"><img loading=\"lazy\" decoding=\"async\" width=\"1024\" height=\"768\" data-id=\"123861\" src=\"https:\/\/elmetropolitano.com.gt\/es\/wp-content\/uploads\/2026\/03\/651035789_1487702196689192_3357920043695990474_n-1-1024x768.jpg\" alt=\"\" class=\"wp-image-123861\" srcset=\"https:\/\/elmetropolitano.com.gt\/es\/wp-content\/uploads\/2026\/03\/651035789_1487702196689192_3357920043695990474_n-1-1024x768.jpg 1024w, https:\/\/elmetropolitano.com.gt\/es\/wp-content\/uploads\/2026\/03\/651035789_1487702196689192_3357920043695990474_n-1-300x225.jpg 300w, https:\/\/elmetropolitano.com.gt\/es\/wp-content\/uploads\/2026\/03\/651035789_1487702196689192_3357920043695990474_n-1-768x576.jpg 768w, https:\/\/elmetropolitano.com.gt\/es\/wp-content\/uploads\/2026\/03\/651035789_1487702196689192_3357920043695990474_n-1-1536x1152.jpg 1536w, https:\/\/elmetropolitano.com.gt\/es\/wp-content\/uploads\/2026\/03\/651035789_1487702196689192_3357920043695990474_n-1.jpg 1600w\" sizes=\"auto, (max-width: 1024px) 100vw, 1024px\" \/><\/figure>\n\n\n\n<figure class=\"wp-block-image size-large\"><img loading=\"lazy\" decoding=\"async\" width=\"1024\" height=\"768\" data-id=\"123860\" src=\"https:\/\/elmetropolitano.com.gt\/es\/wp-content\/uploads\/2026\/03\/651275132_1487702186689193_7980946455539019274_n-1024x768.jpg\" alt=\"\" class=\"wp-image-123860\" srcset=\"https:\/\/elmetropolitano.com.gt\/es\/wp-content\/uploads\/2026\/03\/651275132_1487702186689193_7980946455539019274_n-1024x768.jpg 1024w, https:\/\/elmetropolitano.com.gt\/es\/wp-content\/uploads\/2026\/03\/651275132_1487702186689193_7980946455539019274_n-300x225.jpg 300w, https:\/\/elmetropolitano.com.gt\/es\/wp-content\/uploads\/2026\/03\/651275132_1487702186689193_7980946455539019274_n-768x576.jpg 768w, https:\/\/elmetropolitano.com.gt\/es\/wp-content\/uploads\/2026\/03\/651275132_1487702186689193_7980946455539019274_n-1536x1152.jpg 1536w, https:\/\/elmetropolitano.com.gt\/es\/wp-content\/uploads\/2026\/03\/651275132_1487702186689193_7980946455539019274_n.jpg 1600w\" sizes=\"auto, (max-width: 1024px) 100vw, 1024px\" \/><\/figure>\n\n\n\n<figure class=\"wp-block-image size-large\"><img loading=\"lazy\" decoding=\"async\" width=\"1024\" height=\"768\" data-id=\"123862\" src=\"https:\/\/elmetropolitano.com.gt\/es\/wp-content\/uploads\/2026\/03\/652433440_1487702223355856_6630656493130333242_n-1024x768.jpg\" alt=\"\" class=\"wp-image-123862\" srcset=\"https:\/\/elmetropolitano.com.gt\/es\/wp-content\/uploads\/2026\/03\/652433440_1487702223355856_6630656493130333242_n-1024x768.jpg 1024w, https:\/\/elmetropolitano.com.gt\/es\/wp-content\/uploads\/2026\/03\/652433440_1487702223355856_6630656493130333242_n-300x225.jpg 300w, https:\/\/elmetropolitano.com.gt\/es\/wp-content\/uploads\/2026\/03\/652433440_1487702223355856_6630656493130333242_n-768x576.jpg 768w, https:\/\/elmetropolitano.com.gt\/es\/wp-content\/uploads\/2026\/03\/652433440_1487702223355856_6630656493130333242_n-1536x1152.jpg 1536w, https:\/\/elmetropolitano.com.gt\/es\/wp-content\/uploads\/2026\/03\/652433440_1487702223355856_6630656493130333242_n.jpg 1600w\" sizes=\"auto, (max-width: 1024px) 100vw, 1024px\" \/><\/figure>\n<\/figure>\n","protected":false},"excerpt":{"rendered":"<p>El Partido Victoria desarroll\u00f3 este fin de semana una reuni\u00f3n de organizaci\u00f3n en la ciudad Capital, con la presencia de 24 zonas donde se habl\u00f3 de fortalecer el Partido por medio de afiliaci\u00f3n que dirigir\u00e1 su secretario general metropolitano Krisi M\u00e9ndez A la actividad asisti\u00f3 el secretario general Abraham Rivera y el General Erick Cano <a class=\"read-more\" href=\"https:\/\/elmetropolitano.com.gt\/es\/partido-victoria-se-fortalece-en-la-capital\/\">Leer m\u00e1s<\/a><\/p>\n","protected":false},"author":1,"featured_media":123859,"comment_status":"open","ping_status":"closed","sticky":false,"template":"","format":"standard","meta":{"footnotes":""},"categories":[2],"tags":[12],"class_list":["post-123858","post","type-post","status-publish","format-standard","has-post-thumbnail","hentry","category-nacionales","tag-nacionales"],"_links":{"self":[{"href":"https:\/\/elmetropolitano.com.gt\/es\/wp-json\/wp\/v2\/posts\/123858","targetHints":{"allow":["GET"]}}],"collection":[{"href":"https:\/\/elmetropolitano.com.gt\/es\/wp-json\/wp\/v2\/posts"}],"about":[{"href":"https:\/\/elmetropolitano.com.gt\/es\/wp-json\/wp\/v2\/types\/post"}],"author":[{"embeddable":true,"href":"https:\/\/elmetropolitano.com.gt\/es\/wp-json\/wp\/v2\/users\/1"}],"replies":[{"embeddable":true,"href":"https:\/\/elmetropolitano.com.gt\/es\/wp-json\/wp\/v2\/comments?post=123858"}],"version-history":[{"count":1,"href":"https:\/\/elmetropolitano.com.gt\/es\/wp-json\/wp\/v2\/posts\/123858\/revisions"}],"predecessor-version":[{"id":123863,"href":"https:\/\/elmetropolitano.com.gt\/es\/wp-json\/wp\/v2\/posts\/123858\/revisions\/123863"}],"wp:featuredmedia":[{"embeddable":true,"href":"https:\/\/elmetropolitano.com.gt\/es\/wp-json\/wp\/v2\/media\/123859"}],"wp:attachment":[{"href":"https:\/\/elmetropolitano.com.gt\/es\/wp-json\/wp\/v2\/media?parent=123858"}],"wp:term":[{"taxonomy":"category","embeddable":true,"href":"https:\/\/elmetropolitano.com.gt\/es\/wp-json\/wp\/v2\/categories?post=123858"},{"taxonomy":"post_tag","embeddable":true,"href":"https:\/\/elmetropolitano.com.gt\/es\/wp-json\/wp\/v2\/tags?post=123858"}],"curies":[{"name":"wp","href":"https:\/\/api.w.org\/{rel}","templated":true}]}}