{"id":123864,"date":"2026-03-15T21:36:15","date_gmt":"2026-03-16T03:36:15","guid":{"rendered":"https:\/\/elmetropolitano.com.gt\/es\/?p=123864"},"modified":"2026-03-15T21:36:16","modified_gmt":"2026-03-16T03:36:16","slug":"partido-vamos-dice-no-a-prorrogar-la-vigencia-de-ley-que-ordena-colocar-reguladores-de-velocidad","status":"publish","type":"post","link":"https:\/\/elmetropolitano.com.gt\/es\/partido-vamos-dice-no-a-prorrogar-la-vigencia-de-ley-que-ordena-colocar-reguladores-de-velocidad\/","title":{"rendered":"Partido VAMOS dice no a prorrogar la vigencia de Ley que ordena colocar reguladores de velocidad"},"content":{"rendered":"\n<p>El Partido Vamos se pronunci\u00f3 este s\u00e1bado a no aprobar las reformas a la Ley Para el Fortalecimiento de La Seguridad Vial que contempla una pr\u00f3rroga a la implementaci\u00f3n del a sistema Imitador de Velocidad SLV en el transporte pesado y de pasajeros para evitar accidentes como ocurrido este s\u00e1bado en la Autopista Pal\u00edn-Escuintla.<\/p>\n\n\n\n<p>Esta reforma es implementada por el Presidente del Congreso de la Rep\u00fablica Luis Contreras del Partido CREO y el diputado Luis Aguirre del Partido CABAL a quien no les importan la muerte de guatemaltecos en accidentes de tr\u00e1nsito<\/p><div class=\"elmet-contenido\" id=\"elmet-1315120050\"><div class=\"elmet-adlabel\">Anuncios<\/div><div style=\"margin-top: 20px;margin-right: 20px;margin-bottom: 20px;margin-left: 20px;\" id=\"elmet-122315983\"><a href=\"https:\/\/www.facebook.com\/arrincuanantigua\/\" aria-label=\"cintillo-arrin-cual\"><img loading=\"lazy\" decoding=\"async\" src=\"https:\/\/elmetropolitano.com.gt\/es\/wp-content\/uploads\/2021\/11\/cintillo-arrin-cual-1.jpg\" alt=\"\"  srcset=\"https:\/\/elmetropolitano.com.gt\/es\/wp-content\/uploads\/2021\/11\/cintillo-arrin-cual-1.jpg 750w, https:\/\/elmetropolitano.com.gt\/es\/wp-content\/uploads\/2021\/11\/cintillo-arrin-cual-1-300x36.jpg 300w, https:\/\/elmetropolitano.com.gt\/es\/wp-content\/uploads\/2021\/11\/cintillo-arrin-cual-1-600x72.jpg 600w\" sizes=\"(max-width: 750px) 100vw, 750px\" width=\"750\" height=\"90\"   \/><\/a><\/div><\/div>\n\n\n\n<p>\u201cAnte el tr\u00e1gico accidente vial ocurrido este fin de semana en la ruta Pal\u00edn-Escuintla, as\u00ed como los m\u00faltiples hechos lamentables registrados en diferentes carreteras del pa\u00eds expresamos nuestro m\u00e1s profundo pesar y solidaridad con las familias de las v\u00edctimas\u201d expresa el Partido Vamos por medio de un comunicado de prensa.<\/p>\n\n\n\n<p>\u201cNos unimos al dolor de quienes hoy enfrentan la p\u00e9rdida de sus seres queridos a causa de tragedias que, en muchos casos, pudieron haberse evitado\u201d indican<\/p>\n\n\n\n<p>Enfatizan que \u201cLa seguridad vial en Guatemala no puede seguir siendo postergada. Se han otorgado suficientes pr\u00f3rrogas para la implementaci\u00f3n plena de la normativa que regula al transporte colectivo y de carga, lo que ha impedido avanzar hacia un sistema m\u00e1s seguro, responsable y ordenado\u201d<\/p>\n\n\n\n<p>No a pr\u00f3rroga de Ley<\/p>\n\n\n\n<p>Este martes el Congreso conocer\u00e1 una nueva propuesta de pr\u00f3rroga. Queremos ser claros y responsables con el pa\u00eds, los diputados del bloque VAMOS, NO acompa\u00f1aremos m\u00e1s pr\u00f3rrogas que prolonguen la falta de cumplimiento de la ley vigente enfatiza el Partido Vamos<\/p>\n\n\n\n<p>\u201cEn Guatemala ya es necesario abordar este tema con seriedad, para evitar m\u00e1s incidentes mortales\u201d indica el Partido de Oposici\u00f3n<\/p>\n\n\n\n<p>Agregando que el \u201cpa\u00eds no puede seguir permitiendo que la irresponsabilidad y la falta de control contin\u00faen poniendo en riesgo la vida de miles de guatemaltecos que diariamente transitan por nuestras carretera<\/p>\n\n\n\n<p>Anteriormente, se implementaron mecanismos de control m\u00e1s visibles en las carreteras, como garitas de control en rutas principales, que funcionaban como un elemento disuasivo. Hoy contamos con instituciones encargadas de la regulaci\u00f3n del tr\u00e1nsito en las carreteras como PROVIAL, el Departamento de Tr\u00e1nsito de la Polic\u00eda Nacional Civil, as\u00ed como la Direcci\u00f3n General de Transporte, que no cumplen con su funci\u00f3n y es evidente que se requiere fortalecer la fiscalizaci\u00f3n para aplicar la ley como corresponde.<\/p>\n\n\n\n<p>Desde el bloque VAMOS reafirmamos nuestro compromiso con la vida, la seguridad vial y el respeto a la ley. Es momento de asumir responsabilidades y tomar decisiones que prioricen la seguridad vial de los guatemaltecos indican finalmente .<\/p>\n\n\n\n<p><a href=\"https:\/\/www.facebook.com\/hashtag\/transportepesado?__eep__=6&amp;__cft__[0]=AZaSoP72q1tIvjUpKWENcGGzYHJ3UsfbJLqJs37W4j7jQV_HaZLDA_g8LDF0g8Os-JBqNzz4HMkgq2pbUMVPWxH89ErYOZEqroDqVDrNEZpAlsSV5udXCwLkiW-swRWRjx9fuvgObNls_2z3S65K6krYlQdufhXumD8o3bPxxvxHzc1zLqcbmy0xRk--y0OTtYA&amp;__tn__=*NK-R\">#TransportePesado<\/a><a href=\"https:\/\/www.facebook.com\/hashtag\/metroredes?__eep__=6&amp;__cft__[0]=AZaSoP72q1tIvjUpKWENcGGzYHJ3UsfbJLqJs37W4j7jQV_HaZLDA_g8LDF0g8Os-JBqNzz4HMkgq2pbUMVPWxH89ErYOZEqroDqVDrNEZpAlsSV5udXCwLkiW-swRWRjx9fuvgObNls_2z3S65K6krYlQdufhXumD8o3bPxxvxHzc1zLqcbmy0xRk--y0OTtYA&amp;__tn__=*NK-R\">#metroredes<\/a><a href=\"https:\/\/www.facebook.com\/hashtag\/civ?__eep__=6&amp;__cft__[0]=AZaSoP72q1tIvjUpKWENcGGzYHJ3UsfbJLqJs37W4j7jQV_HaZLDA_g8LDF0g8Os-JBqNzz4HMkgq2pbUMVPWxH89ErYOZEqroDqVDrNEZpAlsSV5udXCwLkiW-swRWRjx9fuvgObNls_2z3S65K6krYlQdufhXumD8o3bPxxvxHzc1zLqcbmy0xRk--y0OTtYA&amp;__tn__=*NK-R\">#CIV<\/a><a href=\"https:\/\/www.facebook.com\/hashtag\/congresogt?__eep__=6&amp;__cft__[0]=AZaSoP72q1tIvjUpKWENcGGzYHJ3UsfbJLqJs37W4j7jQV_HaZLDA_g8LDF0g8Os-JBqNzz4HMkgq2pbUMVPWxH89ErYOZEqroDqVDrNEZpAlsSV5udXCwLkiW-swRWRjx9fuvgObNls_2z3S65K6krYlQdufhXumD8o3bPxxvxHzc1zLqcbmy0xRk--y0OTtYA&amp;__tn__=*NK-R\">#CongresoGT<\/a><a href=\"https:\/\/www.facebook.com\/hashtag\/partidocreo?__eep__=6&amp;__cft__[0]=AZaSoP72q1tIvjUpKWENcGGzYHJ3UsfbJLqJs37W4j7jQV_HaZLDA_g8LDF0g8Os-JBqNzz4HMkgq2pbUMVPWxH89ErYOZEqroDqVDrNEZpAlsSV5udXCwLkiW-swRWRjx9fuvgObNls_2z3S65K6krYlQdufhXumD8o3bPxxvxHzc1zLqcbmy0xRk--y0OTtYA&amp;__tn__=*NK-R\">#PartidoCreo<\/a><a href=\"https:\/\/www.facebook.com\/hashtag\/partidocabal?__eep__=6&amp;__cft__[0]=AZaSoP72q1tIvjUpKWENcGGzYHJ3UsfbJLqJs37W4j7jQV_HaZLDA_g8LDF0g8Os-JBqNzz4HMkgq2pbUMVPWxH89ErYOZEqroDqVDrNEZpAlsSV5udXCwLkiW-swRWRjx9fuvgObNls_2z3S65K6krYlQdufhXumD8o3bPxxvxHzc1zLqcbmy0xRk--y0OTtYA&amp;__tn__=*NK-R\">#PartidoCabal<\/a><a href=\"https:\/\/www.facebook.com\/hashtag\/partidovamos?__eep__=6&amp;__cft__[0]=AZaSoP72q1tIvjUpKWENcGGzYHJ3UsfbJLqJs37W4j7jQV_HaZLDA_g8LDF0g8Os-JBqNzz4HMkgq2pbUMVPWxH89ErYOZEqroDqVDrNEZpAlsSV5udXCwLkiW-swRWRjx9fuvgObNls_2z3S65K6krYlQdufhXumD8o3bPxxvxHzc1zLqcbmy0xRk--y0OTtYA&amp;__tn__=*NK-R\">#PartidoVamos<\/a><\/p>\n\n\n\n<figure class=\"wp-block-gallery has-nested-images columns-default is-cropped wp-block-gallery-1 is-layout-flex wp-block-gallery-is-layout-flex\">\n<figure class=\"wp-block-image size-large\"><img loading=\"lazy\" decoding=\"async\" width=\"1024\" height=\"572\" data-id=\"123867\" src=\"https:\/\/elmetropolitano.com.gt\/es\/wp-content\/uploads\/2026\/03\/651165623_1487743556685056_46973395906473088_n-1-1024x572.jpg\" alt=\"\" class=\"wp-image-123867\" srcset=\"https:\/\/elmetropolitano.com.gt\/es\/wp-content\/uploads\/2026\/03\/651165623_1487743556685056_46973395906473088_n-1-1024x572.jpg 1024w, https:\/\/elmetropolitano.com.gt\/es\/wp-content\/uploads\/2026\/03\/651165623_1487743556685056_46973395906473088_n-1-300x168.jpg 300w, https:\/\/elmetropolitano.com.gt\/es\/wp-content\/uploads\/2026\/03\/651165623_1487743556685056_46973395906473088_n-1-768x429.jpg 768w, https:\/\/elmetropolitano.com.gt\/es\/wp-content\/uploads\/2026\/03\/651165623_1487743556685056_46973395906473088_n-1-1536x858.jpg 1536w, https:\/\/elmetropolitano.com.gt\/es\/wp-content\/uploads\/2026\/03\/651165623_1487743556685056_46973395906473088_n-1.jpg 1599w\" sizes=\"auto, (max-width: 1024px) 100vw, 1024px\" \/><\/figure>\n\n\n\n<figure class=\"wp-block-image size-large\"><img loading=\"lazy\" decoding=\"async\" width=\"1024\" height=\"633\" data-id=\"123869\" src=\"https:\/\/elmetropolitano.com.gt\/es\/wp-content\/uploads\/2026\/03\/652204542_1487743573351721_2653802721952708679_n-1024x633.jpg\" alt=\"\" class=\"wp-image-123869\" srcset=\"https:\/\/elmetropolitano.com.gt\/es\/wp-content\/uploads\/2026\/03\/652204542_1487743573351721_2653802721952708679_n-1024x633.jpg 1024w, https:\/\/elmetropolitano.com.gt\/es\/wp-content\/uploads\/2026\/03\/652204542_1487743573351721_2653802721952708679_n-300x185.jpg 300w, https:\/\/elmetropolitano.com.gt\/es\/wp-content\/uploads\/2026\/03\/652204542_1487743573351721_2653802721952708679_n-768x474.jpg 768w, https:\/\/elmetropolitano.com.gt\/es\/wp-content\/uploads\/2026\/03\/652204542_1487743573351721_2653802721952708679_n.jpg 1452w\" sizes=\"auto, (max-width: 1024px) 100vw, 1024px\" \/><\/figure>\n\n\n\n<figure class=\"wp-block-image size-large\"><img loading=\"lazy\" decoding=\"async\" width=\"1024\" height=\"632\" data-id=\"123866\" src=\"https:\/\/elmetropolitano.com.gt\/es\/wp-content\/uploads\/2026\/03\/652324103_1487743600018385_8628860836855932157_n-1024x632.jpg\" alt=\"\" class=\"wp-image-123866\" srcset=\"https:\/\/elmetropolitano.com.gt\/es\/wp-content\/uploads\/2026\/03\/652324103_1487743600018385_8628860836855932157_n-1024x632.jpg 1024w, https:\/\/elmetropolitano.com.gt\/es\/wp-content\/uploads\/2026\/03\/652324103_1487743600018385_8628860836855932157_n-300x185.jpg 300w, https:\/\/elmetropolitano.com.gt\/es\/wp-content\/uploads\/2026\/03\/652324103_1487743600018385_8628860836855932157_n-768x474.jpg 768w, https:\/\/elmetropolitano.com.gt\/es\/wp-content\/uploads\/2026\/03\/652324103_1487743600018385_8628860836855932157_n.jpg 1167w\" sizes=\"auto, (max-width: 1024px) 100vw, 1024px\" \/><\/figure>\n\n\n\n<figure class=\"wp-block-image size-large\"><img loading=\"lazy\" decoding=\"async\" width=\"797\" height=\"1024\" data-id=\"123868\" src=\"https:\/\/elmetropolitano.com.gt\/es\/wp-content\/uploads\/2026\/03\/652441447_1487743620018383_6475350889070950495_n-797x1024.jpg\" alt=\"\" class=\"wp-image-123868\" srcset=\"https:\/\/elmetropolitano.com.gt\/es\/wp-content\/uploads\/2026\/03\/652441447_1487743620018383_6475350889070950495_n-797x1024.jpg 797w, https:\/\/elmetropolitano.com.gt\/es\/wp-content\/uploads\/2026\/03\/652441447_1487743620018383_6475350889070950495_n-233x300.jpg 233w, https:\/\/elmetropolitano.com.gt\/es\/wp-content\/uploads\/2026\/03\/652441447_1487743620018383_6475350889070950495_n-768x987.jpg 768w, https:\/\/elmetropolitano.com.gt\/es\/wp-content\/uploads\/2026\/03\/652441447_1487743620018383_6475350889070950495_n.jpg 1070w\" sizes=\"auto, (max-width: 797px) 100vw, 797px\" \/><\/figure>\n<\/figure>\n","protected":false},"excerpt":{"rendered":"<p>El Partido Vamos se pronunci\u00f3 este s\u00e1bado a no aprobar las reformas a la Ley Para el Fortalecimiento de La Seguridad Vial que contempla una pr\u00f3rroga a la implementaci\u00f3n del a sistema Imitador de Velocidad SLV en el transporte pesado y de pasajeros para evitar accidentes como ocurrido este s\u00e1bado en la Autopista Pal\u00edn-Escuintla. Esta <a class=\"read-more\" href=\"https:\/\/elmetropolitano.com.gt\/es\/partido-vamos-dice-no-a-prorrogar-la-vigencia-de-ley-que-ordena-colocar-reguladores-de-velocidad\/\">Leer m\u00e1s<\/a><\/p>\n","protected":false},"author":1,"featured_media":123865,"comment_status":"open","ping_status":"closed","sticky":false,"template":"","format":"standard","meta":{"footnotes":""},"categories":[2],"tags":[12],"class_list":["post-123864","post","type-post","status-publish","format-standard","has-post-thumbnail","hentry","category-nacionales","tag-nacionales"],"_links":{"self":[{"href":"https:\/\/elmetropolitano.com.gt\/es\/wp-json\/wp\/v2\/posts\/123864","targetHints":{"allow":["GET"]}}],"collection":[{"href":"https:\/\/elmetropolitano.com.gt\/es\/wp-json\/wp\/v2\/posts"}],"about":[{"href":"https:\/\/elmetropolitano.com.gt\/es\/wp-json\/wp\/v2\/types\/post"}],"author":[{"embeddable":true,"href":"https:\/\/elmetropolitano.com.gt\/es\/wp-json\/wp\/v2\/users\/1"}],"replies":[{"embeddable":true,"href":"https:\/\/elmetropolitano.com.gt\/es\/wp-json\/wp\/v2\/comments?post=123864"}],"version-history":[{"count":1,"href":"https:\/\/elmetropolitano.com.gt\/es\/wp-json\/wp\/v2\/posts\/123864\/revisions"}],"predecessor-version":[{"id":123870,"href":"https:\/\/elmetropolitano.com.gt\/es\/wp-json\/wp\/v2\/posts\/123864\/revisions\/123870"}],"wp:featuredmedia":[{"embeddable":true,"href":"https:\/\/elmetropolitano.com.gt\/es\/wp-json\/wp\/v2\/media\/123865"}],"wp:attachment":[{"href":"https:\/\/elmetropolitano.com.gt\/es\/wp-json\/wp\/v2\/media?parent=123864"}],"wp:term":[{"taxonomy":"category","embeddable":true,"href":"https:\/\/elmetropolitano.com.gt\/es\/wp-json\/wp\/v2\/categories?post=123864"},{"taxonomy":"post_tag","embeddable":true,"href":"https:\/\/elmetropolitano.com.gt\/es\/wp-json\/wp\/v2\/tags?post=123864"}],"curies":[{"name":"wp","href":"https:\/\/api.w.org\/{rel}","templated":true}]}}