{"id":123871,"date":"2026-03-15T21:43:54","date_gmt":"2026-03-16T03:43:54","guid":{"rendered":"https:\/\/elmetropolitano.com.gt\/es\/?p=123871"},"modified":"2026-03-15T21:43:55","modified_gmt":"2026-03-16T03:43:55","slug":"tragedia-aerea-en-san-marcos-dejo-saldo-de-cuatro-muertos","status":"publish","type":"post","link":"https:\/\/elmetropolitano.com.gt\/es\/tragedia-aerea-en-san-marcos-dejo-saldo-de-cuatro-muertos\/","title":{"rendered":"Tragedia a\u00e9rea en San Marcos dej\u00f3 saldo de cuatro muertos"},"content":{"rendered":"\n<p>Una tragedia a\u00e9rea enluta a varias familias luego de que una avioneta con siglas TG-SCO se precipitara la tarde de este s\u00e1bado en una zona monta\u00f1osa del sector Las Crusitas, aldea Villa Hermosa, en el municipio de Esquipulas Palo Gordo, San Marcos.<\/p>\n\n\n\n<p>De acuerdo con informaci\u00f3n de los Bomberos Municipales Departamentales, en el interior de la aeronave fueron localizadas tres personas fallecidas debido a m\u00faltiples traumas.<\/p><div class=\"elmet-contenido\" id=\"elmet-1425760362\"><div class=\"elmet-adlabel\">Anuncios<\/div><div style=\"margin-top: 20px;margin-right: 20px;margin-bottom: 20px;margin-left: 20px;\" id=\"elmet-4127880365\"><a href=\"https:\/\/www.facebook.com\/arrincuanantigua\/\" aria-label=\"cintillo-arrin-cual\"><img loading=\"lazy\" decoding=\"async\" src=\"https:\/\/elmetropolitano.com.gt\/es\/wp-content\/uploads\/2021\/11\/cintillo-arrin-cual-1.jpg\" alt=\"\"  srcset=\"https:\/\/elmetropolitano.com.gt\/es\/wp-content\/uploads\/2021\/11\/cintillo-arrin-cual-1.jpg 750w, https:\/\/elmetropolitano.com.gt\/es\/wp-content\/uploads\/2021\/11\/cintillo-arrin-cual-1-300x36.jpg 300w, https:\/\/elmetropolitano.com.gt\/es\/wp-content\/uploads\/2021\/11\/cintillo-arrin-cual-1-600x72.jpg 600w\" sizes=\"(max-width: 750px) 100vw, 750px\" width=\"750\" height=\"90\"   \/><\/a><\/div><\/div>\n\n\n\n<p>Las v\u00edctimas fueron identificadas como:<\/p>\n\n\n\n<p>-Judith Edilma Mazariegos Rodas, de 26 a\u00f1os, originaria de la ciudad capital, quien ten\u00eda seis meses de gestaci\u00f3n.<\/p>\n\n\n\n<p>-Jos\u00e9 Carlos Fuentes Orozco, de 48 a\u00f1os, originario de la aldea Champollap, San Pedro Sacatep\u00e9quez.<\/p>\n\n\n\n<p>-Harold Humdrum, de 55 a\u00f1os, originario de Noruega y esposo la se\u00f1ora Edilma<\/p>\n\n\n\n<p>mazariegos<\/p>\n\n\n\n<p>El piloto de la aeronave, Daniel Dar\u00edo Doherr P\u00e9rez, de 31 a\u00f1os ex jugador y originario de Escuintla, fue trasladado con vida al Hospital Nacional de San Marcos, pero lamentablemente falleci\u00f3 minutos despu\u00e9s debido a m\u00faltiples traumas.<\/p>\n\n\n\n<p>La emergencia fue atendida por unidades de los Bomberos Municipales Departamentales de San Pedro Sacatep\u00e9quez y de la cabecera de San Marcos, quienes realizaron complicadas labores de rescate en el \u00e1rea monta\u00f1osa.<\/p>\n\n\n\n<p>desconocen las causas del accidente, por lo que las autoridades de Aeron\u00e1utica Civil ya iniciaron las investigaciones para determinar qu\u00e9 provoc\u00f3 esta lamentable tragedia que cobr\u00f3 cuatro vidas.<\/p>\n\n\n\n<p><a href=\"https:\/\/www.facebook.com\/hashtag\/sanmarcos?__eep__=6&amp;__cft__[0]=AZbvsBviwCOHfASydpxCbtTfy4Q8zkZhwCQ-qK77hucu944X38sC9Z5RhYM4jTFLIZdyfc0eRR7BsAaW76AT2EIpld6XEMnJ91Qy4zKu_tiug2EiFkozrTPYzx6baF8EoyseXCLZS6CtVaCHvcKLd2brWKZGmmWaas8d7NK5r2paNsgddTsFqpwRy3FybQ7xRbM&amp;__tn__=*NK-R\">#SanMarcos<\/a><a href=\"https:\/\/www.facebook.com\/hashtag\/percanseaereo?__eep__=6&amp;__cft__[0]=AZbvsBviwCOHfASydpxCbtTfy4Q8zkZhwCQ-qK77hucu944X38sC9Z5RhYM4jTFLIZdyfc0eRR7BsAaW76AT2EIpld6XEMnJ91Qy4zKu_tiug2EiFkozrTPYzx6baF8EoyseXCLZS6CtVaCHvcKLd2brWKZGmmWaas8d7NK5r2paNsgddTsFqpwRy3FybQ7xRbM&amp;__tn__=*NK-R\">#PercanseAereo<\/a><a href=\"https:\/\/www.facebook.com\/hashtag\/metroredes?__eep__=6&amp;__cft__[0]=AZbvsBviwCOHfASydpxCbtTfy4Q8zkZhwCQ-qK77hucu944X38sC9Z5RhYM4jTFLIZdyfc0eRR7BsAaW76AT2EIpld6XEMnJ91Qy4zKu_tiug2EiFkozrTPYzx6baF8EoyseXCLZS6CtVaCHvcKLd2brWKZGmmWaas8d7NK5r2paNsgddTsFqpwRy3FybQ7xRbM&amp;__tn__=*NK-R\">#metroredes<\/a><\/p>\n\n\n\n<figure class=\"wp-block-gallery has-nested-images columns-default is-cropped wp-block-gallery-1 is-layout-flex wp-block-gallery-is-layout-flex\">\n<figure class=\"wp-block-image size-large\"><img loading=\"lazy\" decoding=\"async\" width=\"1024\" height=\"683\" data-id=\"123878\" src=\"https:\/\/elmetropolitano.com.gt\/es\/wp-content\/uploads\/2026\/03\/649621849_1487803280012417_7700102063372142410_n-2-1024x683.jpg\" alt=\"\" class=\"wp-image-123878\" srcset=\"https:\/\/elmetropolitano.com.gt\/es\/wp-content\/uploads\/2026\/03\/649621849_1487803280012417_7700102063372142410_n-2-1024x683.jpg 1024w, https:\/\/elmetropolitano.com.gt\/es\/wp-content\/uploads\/2026\/03\/649621849_1487803280012417_7700102063372142410_n-2-300x200.jpg 300w, https:\/\/elmetropolitano.com.gt\/es\/wp-content\/uploads\/2026\/03\/649621849_1487803280012417_7700102063372142410_n-2-768x512.jpg 768w, https:\/\/elmetropolitano.com.gt\/es\/wp-content\/uploads\/2026\/03\/649621849_1487803280012417_7700102063372142410_n-2.jpg 1500w\" sizes=\"auto, (max-width: 1024px) 100vw, 1024px\" \/><\/figure>\n\n\n\n<figure class=\"wp-block-image size-large\"><img loading=\"lazy\" decoding=\"async\" width=\"990\" height=\"1024\" data-id=\"123876\" src=\"https:\/\/elmetropolitano.com.gt\/es\/wp-content\/uploads\/2026\/03\/650790999_1487803266679085_5984311318321116613_n-990x1024.jpg\" alt=\"\" class=\"wp-image-123876\" srcset=\"https:\/\/elmetropolitano.com.gt\/es\/wp-content\/uploads\/2026\/03\/650790999_1487803266679085_5984311318321116613_n-990x1024.jpg 990w, https:\/\/elmetropolitano.com.gt\/es\/wp-content\/uploads\/2026\/03\/650790999_1487803266679085_5984311318321116613_n-290x300.jpg 290w, https:\/\/elmetropolitano.com.gt\/es\/wp-content\/uploads\/2026\/03\/650790999_1487803266679085_5984311318321116613_n-768x795.jpg 768w, https:\/\/elmetropolitano.com.gt\/es\/wp-content\/uploads\/2026\/03\/650790999_1487803266679085_5984311318321116613_n.jpg 1320w\" sizes=\"auto, (max-width: 990px) 100vw, 990px\" \/><\/figure>\n\n\n\n<figure class=\"wp-block-image size-large\"><img loading=\"lazy\" decoding=\"async\" width=\"856\" height=\"1024\" data-id=\"123875\" src=\"https:\/\/elmetropolitano.com.gt\/es\/wp-content\/uploads\/2026\/03\/652154660_1487803240012421_6555239430076542179_n-1-856x1024.jpg\" alt=\"\" class=\"wp-image-123875\" srcset=\"https:\/\/elmetropolitano.com.gt\/es\/wp-content\/uploads\/2026\/03\/652154660_1487803240012421_6555239430076542179_n-1-856x1024.jpg 856w, https:\/\/elmetropolitano.com.gt\/es\/wp-content\/uploads\/2026\/03\/652154660_1487803240012421_6555239430076542179_n-1-251x300.jpg 251w, https:\/\/elmetropolitano.com.gt\/es\/wp-content\/uploads\/2026\/03\/652154660_1487803240012421_6555239430076542179_n-1-768x919.jpg 768w, https:\/\/elmetropolitano.com.gt\/es\/wp-content\/uploads\/2026\/03\/652154660_1487803240012421_6555239430076542179_n-1.jpg 1080w\" sizes=\"auto, (max-width: 856px) 100vw, 856px\" \/><\/figure>\n\n\n\n<figure class=\"wp-block-image size-large\"><img loading=\"lazy\" decoding=\"async\" width=\"856\" height=\"1024\" data-id=\"123874\" src=\"https:\/\/elmetropolitano.com.gt\/es\/wp-content\/uploads\/2026\/03\/652154660_1487803240012421_6555239430076542179_n-856x1024.jpg\" alt=\"\" class=\"wp-image-123874\" srcset=\"https:\/\/elmetropolitano.com.gt\/es\/wp-content\/uploads\/2026\/03\/652154660_1487803240012421_6555239430076542179_n-856x1024.jpg 856w, https:\/\/elmetropolitano.com.gt\/es\/wp-content\/uploads\/2026\/03\/652154660_1487803240012421_6555239430076542179_n-251x300.jpg 251w, https:\/\/elmetropolitano.com.gt\/es\/wp-content\/uploads\/2026\/03\/652154660_1487803240012421_6555239430076542179_n-768x919.jpg 768w, https:\/\/elmetropolitano.com.gt\/es\/wp-content\/uploads\/2026\/03\/652154660_1487803240012421_6555239430076542179_n.jpg 1080w\" sizes=\"auto, (max-width: 856px) 100vw, 856px\" \/><\/figure>\n\n\n\n<figure class=\"wp-block-image size-large\"><img loading=\"lazy\" decoding=\"async\" width=\"1024\" height=\"981\" data-id=\"123877\" src=\"https:\/\/elmetropolitano.com.gt\/es\/wp-content\/uploads\/2026\/03\/652672244_1487803260012419_6693845610613871150_n-1024x981.jpg\" alt=\"\" class=\"wp-image-123877\" srcset=\"https:\/\/elmetropolitano.com.gt\/es\/wp-content\/uploads\/2026\/03\/652672244_1487803260012419_6693845610613871150_n-1024x981.jpg 1024w, https:\/\/elmetropolitano.com.gt\/es\/wp-content\/uploads\/2026\/03\/652672244_1487803260012419_6693845610613871150_n-300x287.jpg 300w, https:\/\/elmetropolitano.com.gt\/es\/wp-content\/uploads\/2026\/03\/652672244_1487803260012419_6693845610613871150_n-768x736.jpg 768w, https:\/\/elmetropolitano.com.gt\/es\/wp-content\/uploads\/2026\/03\/652672244_1487803260012419_6693845610613871150_n.jpg 1290w\" sizes=\"auto, (max-width: 1024px) 100vw, 1024px\" \/><\/figure>\n\n\n\n<figure class=\"wp-block-image size-large\"><img loading=\"lazy\" decoding=\"async\" width=\"1024\" height=\"683\" data-id=\"123879\" src=\"https:\/\/elmetropolitano.com.gt\/es\/wp-content\/uploads\/2026\/03\/653765646_1487803236679088_4994941267939443429_n-1024x683.jpg\" alt=\"\" class=\"wp-image-123879\" srcset=\"https:\/\/elmetropolitano.com.gt\/es\/wp-content\/uploads\/2026\/03\/653765646_1487803236679088_4994941267939443429_n-1024x683.jpg 1024w, https:\/\/elmetropolitano.com.gt\/es\/wp-content\/uploads\/2026\/03\/653765646_1487803236679088_4994941267939443429_n-300x200.jpg 300w, https:\/\/elmetropolitano.com.gt\/es\/wp-content\/uploads\/2026\/03\/653765646_1487803236679088_4994941267939443429_n-768x512.jpg 768w, https:\/\/elmetropolitano.com.gt\/es\/wp-content\/uploads\/2026\/03\/653765646_1487803236679088_4994941267939443429_n.jpg 1500w\" sizes=\"auto, (max-width: 1024px) 100vw, 1024px\" \/><\/figure>\n<\/figure>\n","protected":false},"excerpt":{"rendered":"<p>Una tragedia a\u00e9rea enluta a varias familias luego de que una avioneta con siglas TG-SCO se precipitara la tarde de este s\u00e1bado en una zona monta\u00f1osa del sector Las Crusitas, aldea Villa Hermosa, en el municipio de Esquipulas Palo Gordo, San Marcos. De acuerdo con informaci\u00f3n de los Bomberos Municipales Departamentales, en el interior de <a class=\"read-more\" href=\"https:\/\/elmetropolitano.com.gt\/es\/tragedia-aerea-en-san-marcos-dejo-saldo-de-cuatro-muertos\/\">Leer m\u00e1s<\/a><\/p>\n","protected":false},"author":1,"featured_media":123873,"comment_status":"open","ping_status":"closed","sticky":false,"template":"","format":"standard","meta":{"footnotes":""},"categories":[2],"tags":[12],"class_list":["post-123871","post","type-post","status-publish","format-standard","has-post-thumbnail","hentry","category-nacionales","tag-nacionales"],"_links":{"self":[{"href":"https:\/\/elmetropolitano.com.gt\/es\/wp-json\/wp\/v2\/posts\/123871","targetHints":{"allow":["GET"]}}],"collection":[{"href":"https:\/\/elmetropolitano.com.gt\/es\/wp-json\/wp\/v2\/posts"}],"about":[{"href":"https:\/\/elmetropolitano.com.gt\/es\/wp-json\/wp\/v2\/types\/post"}],"author":[{"embeddable":true,"href":"https:\/\/elmetropolitano.com.gt\/es\/wp-json\/wp\/v2\/users\/1"}],"replies":[{"embeddable":true,"href":"https:\/\/elmetropolitano.com.gt\/es\/wp-json\/wp\/v2\/comments?post=123871"}],"version-history":[{"count":1,"href":"https:\/\/elmetropolitano.com.gt\/es\/wp-json\/wp\/v2\/posts\/123871\/revisions"}],"predecessor-version":[{"id":123880,"href":"https:\/\/elmetropolitano.com.gt\/es\/wp-json\/wp\/v2\/posts\/123871\/revisions\/123880"}],"wp:featuredmedia":[{"embeddable":true,"href":"https:\/\/elmetropolitano.com.gt\/es\/wp-json\/wp\/v2\/media\/123873"}],"wp:attachment":[{"href":"https:\/\/elmetropolitano.com.gt\/es\/wp-json\/wp\/v2\/media?parent=123871"}],"wp:term":[{"taxonomy":"category","embeddable":true,"href":"https:\/\/elmetropolitano.com.gt\/es\/wp-json\/wp\/v2\/categories?post=123871"},{"taxonomy":"post_tag","embeddable":true,"href":"https:\/\/elmetropolitano.com.gt\/es\/wp-json\/wp\/v2\/tags?post=123871"}],"curies":[{"name":"wp","href":"https:\/\/api.w.org\/{rel}","templated":true}]}}