{"id":123881,"date":"2026-03-15T21:46:02","date_gmt":"2026-03-16T03:46:02","guid":{"rendered":"https:\/\/elmetropolitano.com.gt\/es\/?p=123881"},"modified":"2026-03-15T21:46:03","modified_gmt":"2026-03-16T03:46:03","slug":"henry-castro-asume-la-coordinacion-del-partido-cambio-en-san-pedro-san-marcos","status":"publish","type":"post","link":"https:\/\/elmetropolitano.com.gt\/es\/henry-castro-asume-la-coordinacion-del-partido-cambio-en-san-pedro-san-marcos\/","title":{"rendered":"Henry Castro asume la coordinaci\u00f3n del Partido Cambio en San Pedro San Marcos"},"content":{"rendered":"\n<p>El Partido Cambi\u00f3 desarroll\u00f3 este fin de semana una jornada de capacitaci\u00f3n en San Pedro Sacatep\u00e9quez, San Marcos donde se juramento a Henry Castro como su coordinador Municipal.<\/p>\n\n\n\n<p>El coordinador departamental Eliseo Ch\u00e1vez le dio posesi\u00f3n en el cargo indica el \u201cahora San Pedro es parte de la familia del Cambio bajo el liderazgo de Henry Castro qui\u00e9n cada d\u00eda har\u00e1 crecer al partido\u201d<\/p><div class=\"elmet-contenido\" id=\"elmet-166072730\"><div class=\"elmet-adlabel\">Anuncios<\/div><div style=\"margin-top: 20px;margin-right: 20px;margin-bottom: 20px;margin-left: 20px;\" id=\"elmet-706773346\"><a href=\"https:\/\/www.facebook.com\/arrincuanantigua\/\" aria-label=\"cintillo-arrin-cual\"><img loading=\"lazy\" decoding=\"async\" src=\"https:\/\/elmetropolitano.com.gt\/es\/wp-content\/uploads\/2021\/11\/cintillo-arrin-cual-1.jpg\" alt=\"\"  srcset=\"https:\/\/elmetropolitano.com.gt\/es\/wp-content\/uploads\/2021\/11\/cintillo-arrin-cual-1.jpg 750w, https:\/\/elmetropolitano.com.gt\/es\/wp-content\/uploads\/2021\/11\/cintillo-arrin-cual-1-300x36.jpg 300w, https:\/\/elmetropolitano.com.gt\/es\/wp-content\/uploads\/2021\/11\/cintillo-arrin-cual-1-600x72.jpg 600w\" sizes=\"(max-width: 750px) 100vw, 750px\" width=\"750\" height=\"90\"   \/><\/a><\/div><\/div>\n\n\n\n<p>A la actividad tambi\u00e9n particip\u00f3 el precandidato Presidencial Isaac Farchi quien funge como Secretario de formaci\u00f3n y capacitaci\u00f3n pol\u00edtica as\u00ed como el secretario de organizaci\u00f3n Jorge Berreondo y Secretario general Jorge Eduardo Baldizon Vargas<\/p>\n\n\n\n<p><a href=\"https:\/\/www.facebook.com\/hashtag\/partidocambio?__eep__=6&amp;__cft__[0]=AZZ91gGdjZ92w9jcW7EeMs78-c1JCVtnEJGnunfENGfYdC6-5OzHoC19Phy5sAioa-gcpOkhc8E-4_mQdfspcOyQvKCtzRCJ0FADz9p3Wac1hJn9ZSWV9tauvPARxRur9cd0ycHW2Vg_7tPw7_nE-KNlFhZoVfZ3yJXNZ3WBRj8yLfUffTge3pWZy-GSPufiSYM&amp;__tn__=*NK-R\">#partidocambio<\/a><a href=\"https:\/\/www.facebook.com\/hashtag\/a%C3%B1opreelectoral?__eep__=6&amp;__cft__[0]=AZZ91gGdjZ92w9jcW7EeMs78-c1JCVtnEJGnunfENGfYdC6-5OzHoC19Phy5sAioa-gcpOkhc8E-4_mQdfspcOyQvKCtzRCJ0FADz9p3Wac1hJn9ZSWV9tauvPARxRur9cd0ycHW2Vg_7tPw7_nE-KNlFhZoVfZ3yJXNZ3WBRj8yLfUffTge3pWZy-GSPufiSYM&amp;__tn__=*NK-R\">#A\u00f1oPreelectoral<\/a><a href=\"https:\/\/www.facebook.com\/hashtag\/sanpedrosacatepeqiezsanmarcos?__eep__=6&amp;__cft__[0]=AZZ91gGdjZ92w9jcW7EeMs78-c1JCVtnEJGnunfENGfYdC6-5OzHoC19Phy5sAioa-gcpOkhc8E-4_mQdfspcOyQvKCtzRCJ0FADz9p3Wac1hJn9ZSWV9tauvPARxRur9cd0ycHW2Vg_7tPw7_nE-KNlFhZoVfZ3yJXNZ3WBRj8yLfUffTge3pWZy-GSPufiSYM&amp;__tn__=*NK-R\">#SanPedroSacatepeqiezSanMarcos<\/a><a href=\"https:\/\/www.facebook.com\/hashtag\/afiliate?__eep__=6&amp;__cft__[0]=AZZ91gGdjZ92w9jcW7EeMs78-c1JCVtnEJGnunfENGfYdC6-5OzHoC19Phy5sAioa-gcpOkhc8E-4_mQdfspcOyQvKCtzRCJ0FADz9p3Wac1hJn9ZSWV9tauvPARxRur9cd0ycHW2Vg_7tPw7_nE-KNlFhZoVfZ3yJXNZ3WBRj8yLfUffTge3pWZy-GSPufiSYM&amp;__tn__=*NK-R\">#Afiliate<\/a><\/p>\n\n\n\n<figure class=\"wp-block-gallery has-nested-images columns-default is-cropped wp-block-gallery-1 is-layout-flex wp-block-gallery-is-layout-flex\">\n<figure class=\"wp-block-image size-large\"><img loading=\"lazy\" decoding=\"async\" width=\"576\" height=\"1024\" data-id=\"123883\" src=\"https:\/\/elmetropolitano.com.gt\/es\/wp-content\/uploads\/2026\/03\/650968659_1488271983298880_2292994255015403115_n-576x1024.jpg\" alt=\"\" class=\"wp-image-123883\" srcset=\"https:\/\/elmetropolitano.com.gt\/es\/wp-content\/uploads\/2026\/03\/650968659_1488271983298880_2292994255015403115_n-576x1024.jpg 576w, https:\/\/elmetropolitano.com.gt\/es\/wp-content\/uploads\/2026\/03\/650968659_1488271983298880_2292994255015403115_n-169x300.jpg 169w, https:\/\/elmetropolitano.com.gt\/es\/wp-content\/uploads\/2026\/03\/650968659_1488271983298880_2292994255015403115_n.jpg 720w\" sizes=\"auto, (max-width: 576px) 100vw, 576px\" \/><\/figure>\n\n\n\n<figure class=\"wp-block-image size-large\"><img loading=\"lazy\" decoding=\"async\" width=\"1024\" height=\"768\" data-id=\"123884\" src=\"https:\/\/elmetropolitano.com.gt\/es\/wp-content\/uploads\/2026\/03\/651079929_1488272019965543_6637691490653860294_n-1024x768.jpg\" alt=\"\" class=\"wp-image-123884\" srcset=\"https:\/\/elmetropolitano.com.gt\/es\/wp-content\/uploads\/2026\/03\/651079929_1488272019965543_6637691490653860294_n-1024x768.jpg 1024w, https:\/\/elmetropolitano.com.gt\/es\/wp-content\/uploads\/2026\/03\/651079929_1488272019965543_6637691490653860294_n-300x225.jpg 300w, https:\/\/elmetropolitano.com.gt\/es\/wp-content\/uploads\/2026\/03\/651079929_1488272019965543_6637691490653860294_n-768x576.jpg 768w, https:\/\/elmetropolitano.com.gt\/es\/wp-content\/uploads\/2026\/03\/651079929_1488272019965543_6637691490653860294_n.jpg 1280w\" sizes=\"auto, (max-width: 1024px) 100vw, 1024px\" \/><\/figure>\n\n\n\n<figure class=\"wp-block-image size-large\"><img loading=\"lazy\" decoding=\"async\" width=\"1024\" height=\"768\" data-id=\"123885\" src=\"https:\/\/elmetropolitano.com.gt\/es\/wp-content\/uploads\/2026\/03\/653472047_1488271986632213_1845151651420838918_n-1-1-1024x768.jpg\" alt=\"\" class=\"wp-image-123885\" srcset=\"https:\/\/elmetropolitano.com.gt\/es\/wp-content\/uploads\/2026\/03\/653472047_1488271986632213_1845151651420838918_n-1-1-1024x768.jpg 1024w, https:\/\/elmetropolitano.com.gt\/es\/wp-content\/uploads\/2026\/03\/653472047_1488271986632213_1845151651420838918_n-1-1-300x225.jpg 300w, https:\/\/elmetropolitano.com.gt\/es\/wp-content\/uploads\/2026\/03\/653472047_1488271986632213_1845151651420838918_n-1-1-768x576.jpg 768w, https:\/\/elmetropolitano.com.gt\/es\/wp-content\/uploads\/2026\/03\/653472047_1488271986632213_1845151651420838918_n-1-1.jpg 1280w\" sizes=\"auto, (max-width: 1024px) 100vw, 1024px\" \/><\/figure>\n<\/figure>\n","protected":false},"excerpt":{"rendered":"<p>El Partido Cambi\u00f3 desarroll\u00f3 este fin de semana una jornada de capacitaci\u00f3n en San Pedro Sacatep\u00e9quez, San Marcos donde se juramento a Henry Castro como su coordinador Municipal. El coordinador departamental Eliseo Ch\u00e1vez le dio posesi\u00f3n en el cargo indica el \u201cahora San Pedro es parte de la familia del Cambio bajo el liderazgo de <a class=\"read-more\" href=\"https:\/\/elmetropolitano.com.gt\/es\/henry-castro-asume-la-coordinacion-del-partido-cambio-en-san-pedro-san-marcos\/\">Leer m\u00e1s<\/a><\/p>\n","protected":false},"author":1,"featured_media":123882,"comment_status":"open","ping_status":"closed","sticky":false,"template":"","format":"standard","meta":{"footnotes":""},"categories":[4],"tags":[13],"class_list":["post-123881","post","type-post","status-publish","format-standard","has-post-thumbnail","hentry","category-departamentales","tag-departamentales"],"_links":{"self":[{"href":"https:\/\/elmetropolitano.com.gt\/es\/wp-json\/wp\/v2\/posts\/123881","targetHints":{"allow":["GET"]}}],"collection":[{"href":"https:\/\/elmetropolitano.com.gt\/es\/wp-json\/wp\/v2\/posts"}],"about":[{"href":"https:\/\/elmetropolitano.com.gt\/es\/wp-json\/wp\/v2\/types\/post"}],"author":[{"embeddable":true,"href":"https:\/\/elmetropolitano.com.gt\/es\/wp-json\/wp\/v2\/users\/1"}],"replies":[{"embeddable":true,"href":"https:\/\/elmetropolitano.com.gt\/es\/wp-json\/wp\/v2\/comments?post=123881"}],"version-history":[{"count":1,"href":"https:\/\/elmetropolitano.com.gt\/es\/wp-json\/wp\/v2\/posts\/123881\/revisions"}],"predecessor-version":[{"id":123886,"href":"https:\/\/elmetropolitano.com.gt\/es\/wp-json\/wp\/v2\/posts\/123881\/revisions\/123886"}],"wp:featuredmedia":[{"embeddable":true,"href":"https:\/\/elmetropolitano.com.gt\/es\/wp-json\/wp\/v2\/media\/123882"}],"wp:attachment":[{"href":"https:\/\/elmetropolitano.com.gt\/es\/wp-json\/wp\/v2\/media?parent=123881"}],"wp:term":[{"taxonomy":"category","embeddable":true,"href":"https:\/\/elmetropolitano.com.gt\/es\/wp-json\/wp\/v2\/categories?post=123881"},{"taxonomy":"post_tag","embeddable":true,"href":"https:\/\/elmetropolitano.com.gt\/es\/wp-json\/wp\/v2\/tags?post=123881"}],"curies":[{"name":"wp","href":"https:\/\/api.w.org\/{rel}","templated":true}]}}