{"id":123911,"date":"2026-03-16T08:17:54","date_gmt":"2026-03-16T14:17:54","guid":{"rendered":"https:\/\/elmetropolitano.com.gt\/es\/?p=123911"},"modified":"2026-03-16T08:17:56","modified_gmt":"2026-03-16T14:17:56","slug":"diputados-del-partido-une-se-opone-a-prorrogar-la-vigencia-de-ley-que-ordena-al-transporte-colocar-limitadores-de-velocidad","status":"publish","type":"post","link":"https:\/\/elmetropolitano.com.gt\/es\/diputados-del-partido-une-se-opone-a-prorrogar-la-vigencia-de-ley-que-ordena-al-transporte-colocar-limitadores-de-velocidad\/","title":{"rendered":"Diputados del Partido UNE se opone a prorrogar la Vigencia de Ley que ordena al transporte colocar limitadores de velocidad"},"content":{"rendered":"\n<p>Los diputados de la Unidad Nacional de la Esperanza UNE anunciaron que no dar\u00e1n apoyo con su voto a una pr\u00f3rroga a la ley para a el Fortalecimiento de La Seguridad Vial que contempla una pr\u00f3rroga a la implementaci\u00f3n del a sistema Iimitador de Velocidad SLV en el transporte pesado y de pasajeros para evitar accidentes como ocurrido el fin de semana en la Autopista Pal\u00edn-Escuintla.<\/p>\n\n\n\n<p>Esta reforma es implementada por el Presidente del Congreso de la<\/p><div class=\"elmet-contenido\" id=\"elmet-4286959339\"><div class=\"elmet-adlabel\">Anuncios<\/div><div style=\"margin-top: 20px;margin-right: 20px;margin-bottom: 20px;margin-left: 20px;\" id=\"elmet-3520252679\"><a href=\"https:\/\/www.facebook.com\/arrincuanantigua\/\" aria-label=\"cintillo-arrin-cual\"><img loading=\"lazy\" decoding=\"async\" src=\"https:\/\/elmetropolitano.com.gt\/es\/wp-content\/uploads\/2021\/11\/cintillo-arrin-cual-1.jpg\" alt=\"\"  srcset=\"https:\/\/elmetropolitano.com.gt\/es\/wp-content\/uploads\/2021\/11\/cintillo-arrin-cual-1.jpg 750w, https:\/\/elmetropolitano.com.gt\/es\/wp-content\/uploads\/2021\/11\/cintillo-arrin-cual-1-300x36.jpg 300w, https:\/\/elmetropolitano.com.gt\/es\/wp-content\/uploads\/2021\/11\/cintillo-arrin-cual-1-600x72.jpg 600w\" sizes=\"(max-width: 750px) 100vw, 750px\" width=\"750\" height=\"90\"   \/><\/a><\/div><\/div>\n\n\n\n<p>Rep\u00fablica Luis Contreras del Partido<\/p>\n\n\n\n<p>CREO y el diputado Luis Aguirre del<\/p>\n\n\n\n<p>Partido CABAL a quienes no les importan la muerte de guatemaltecos en accidentes de tr\u00e1nsito<\/p>\n\n\n\n<p>En un comunicado de prensa los diputados de la UNE \u201c lamenta profundamente las p\u00e9rdidas humanas derivadas del aparatoso accidente en el que se vio involucrado transporte pesado\u201d<\/p>\n\n\n\n<p>\u201cExpresamos nuestra solidaridad con las familias de las victimas y les hacemos llegar nuestro m\u00e1s sentido p\u00e9same en este momento de dolor\u201dindican<\/p>\n\n\n\n<p>No a pr\u00f3rroga<\/p>\n\n\n\n<p>Ante esta tragedia, \u201ccomo diputados del Bloque Legislativo UNE, manifestamos con firmeza que Nos Oponenos a cualquier pr\u00f3rroga de la entrada en vigencia de la Ley para el Fortalecimiento de la Seguridad Vial, contenida en el Decreto N\u00famero 45-2016\u201d<\/p>\n\n\n\n<p>Enfatizan que \u201cNo se puede seguir postergando acciones que buscan proteger la vida de la poblaci\u00f3n\u201d<\/p>\n\n\n\n<p>\u201cAplazar nuevamente la aplicaci\u00f3n de esta ley ser\u00eda darle la espalda al dolor de las familias que hoy sufren las consecuencias de la falta de controles efectivos\u201d indican<\/p>\n\n\n\n<p>Por ello, solicitan al Gobierno de Bernardo Ar\u00e9valo \u201cinstruir de inmediato a las instituciones p\u00fablicas competentes para que asuman su responsabilidad en garantizar la vida y la seguridad vial de los guatemaltecos, as\u00ed como la implementaci\u00f3n del Sistema Limitador de Velocidad (SLV), con el fin de evitar que m\u00e1s familias vuelvan a quedar marcadas por tragedias como esta\u201d<\/p>\n\n\n\n<p>Enfatizan finalmente que \u201clos diputados de la UNE fijamos nuestra postura con claridad: la protecci\u00f3n de la vida de todos los guatemaltecos no admite m\u00e1s excusas ni retrasos\u201d<\/p>\n\n\n\n<p>Otro de los Partidos que como bloque no aprobar\u00e1 el d\u00eda martes la pr\u00f3rroga es Vamos quien tambi\u00e9n ya se pronunci\u00f3 a favor de la vigencia de la Ley 45-2016.<\/p>\n\n\n\n<p><a href=\"https:\/\/www.facebook.com\/hashtag\/partidoune?__eep__=6&amp;__cft__[0]=AZYXdU1U3XIwtCUuiMOQIEk0J6lgGVOa2Kyz_Nbf2xkJsG45dYVCJSzGMEYZcT6nnArYKLoqrgA0C_kRY0x9OCaxmRYoWWgqk8mOmuI7jV6KhoZbKtmDZHh6VyWhZQBYzvGp-OWEBOh8lBNxuDTy0LERYNk6n-oGbs6Jsy-J5eVubIZyeps6_LVEoB0cyqiOQbU&amp;__tn__=*NK-R\">#partidoUNE<\/a><a href=\"https:\/\/www.facebook.com\/hashtag\/metroredes?__eep__=6&amp;__cft__[0]=AZYXdU1U3XIwtCUuiMOQIEk0J6lgGVOa2Kyz_Nbf2xkJsG45dYVCJSzGMEYZcT6nnArYKLoqrgA0C_kRY0x9OCaxmRYoWWgqk8mOmuI7jV6KhoZbKtmDZHh6VyWhZQBYzvGp-OWEBOh8lBNxuDTy0LERYNk6n-oGbs6Jsy-J5eVubIZyeps6_LVEoB0cyqiOQbU&amp;__tn__=*NK-R\">#Metroredes<\/a><a href=\"https:\/\/www.facebook.com\/hashtag\/percancevial?__eep__=6&amp;__cft__[0]=AZYXdU1U3XIwtCUuiMOQIEk0J6lgGVOa2Kyz_Nbf2xkJsG45dYVCJSzGMEYZcT6nnArYKLoqrgA0C_kRY0x9OCaxmRYoWWgqk8mOmuI7jV6KhoZbKtmDZHh6VyWhZQBYzvGp-OWEBOh8lBNxuDTy0LERYNk6n-oGbs6Jsy-J5eVubIZyeps6_LVEoB0cyqiOQbU&amp;__tn__=*NK-R\">#PercanceVial<\/a><\/p>\n\n\n\n<p><a href=\"https:\/\/www.facebook.com\/hashtag\/partidocabal?__eep__=6&amp;__cft__[0]=AZYXdU1U3XIwtCUuiMOQIEk0J6lgGVOa2Kyz_Nbf2xkJsG45dYVCJSzGMEYZcT6nnArYKLoqrgA0C_kRY0x9OCaxmRYoWWgqk8mOmuI7jV6KhoZbKtmDZHh6VyWhZQBYzvGp-OWEBOh8lBNxuDTy0LERYNk6n-oGbs6Jsy-J5eVubIZyeps6_LVEoB0cyqiOQbU&amp;__tn__=*NK-R\">#PartidoCabal<\/a><a href=\"https:\/\/www.facebook.com\/hashtag\/partidocreo?__eep__=6&amp;__cft__[0]=AZYXdU1U3XIwtCUuiMOQIEk0J6lgGVOa2Kyz_Nbf2xkJsG45dYVCJSzGMEYZcT6nnArYKLoqrgA0C_kRY0x9OCaxmRYoWWgqk8mOmuI7jV6KhoZbKtmDZHh6VyWhZQBYzvGp-OWEBOh8lBNxuDTy0LERYNk6n-oGbs6Jsy-J5eVubIZyeps6_LVEoB0cyqiOQbU&amp;__tn__=*NK-R\">#PartidoCreo<\/a><a href=\"https:\/\/www.facebook.com\/hashtag\/transportepesado?__eep__=6&amp;__cft__[0]=AZYXdU1U3XIwtCUuiMOQIEk0J6lgGVOa2Kyz_Nbf2xkJsG45dYVCJSzGMEYZcT6nnArYKLoqrgA0C_kRY0x9OCaxmRYoWWgqk8mOmuI7jV6KhoZbKtmDZHh6VyWhZQBYzvGp-OWEBOh8lBNxuDTy0LERYNk6n-oGbs6Jsy-J5eVubIZyeps6_LVEoB0cyqiOQbU&amp;__tn__=*NK-R\">#TransportePesado<\/a><a href=\"https:\/\/www.facebook.com\/hashtag\/transportedepasajeros?__eep__=6&amp;__cft__[0]=AZYXdU1U3XIwtCUuiMOQIEk0J6lgGVOa2Kyz_Nbf2xkJsG45dYVCJSzGMEYZcT6nnArYKLoqrgA0C_kRY0x9OCaxmRYoWWgqk8mOmuI7jV6KhoZbKtmDZHh6VyWhZQBYzvGp-OWEBOh8lBNxuDTy0LERYNk6n-oGbs6Jsy-J5eVubIZyeps6_LVEoB0cyqiOQbU&amp;__tn__=*NK-R\">#TransporteDePasajeros<\/a><\/p>\n\n\n\n<figure class=\"wp-block-gallery has-nested-images columns-default is-cropped wp-block-gallery-1 is-layout-flex wp-block-gallery-is-layout-flex\">\n<figure class=\"wp-block-image size-large\"><img loading=\"lazy\" decoding=\"async\" width=\"960\" height=\"536\" data-id=\"123913\" src=\"https:\/\/elmetropolitano.com.gt\/es\/wp-content\/uploads\/2026\/03\/651249377_1488924006567011_772360317645016631_n-1.jpg\" alt=\"\" class=\"wp-image-123913\" srcset=\"https:\/\/elmetropolitano.com.gt\/es\/wp-content\/uploads\/2026\/03\/651249377_1488924006567011_772360317645016631_n-1.jpg 960w, https:\/\/elmetropolitano.com.gt\/es\/wp-content\/uploads\/2026\/03\/651249377_1488924006567011_772360317645016631_n-1-300x168.jpg 300w, https:\/\/elmetropolitano.com.gt\/es\/wp-content\/uploads\/2026\/03\/651249377_1488924006567011_772360317645016631_n-1-768x429.jpg 768w\" sizes=\"auto, (max-width: 960px) 100vw, 960px\" \/><\/figure>\n\n\n\n<figure class=\"wp-block-image size-large\"><img loading=\"lazy\" decoding=\"async\" width=\"1024\" height=\"1024\" data-id=\"123914\" src=\"https:\/\/elmetropolitano.com.gt\/es\/wp-content\/uploads\/2026\/03\/652380911_1488924173233661_8130181650762013576_n-1024x1024.jpg\" alt=\"\" class=\"wp-image-123914\" srcset=\"https:\/\/elmetropolitano.com.gt\/es\/wp-content\/uploads\/2026\/03\/652380911_1488924173233661_8130181650762013576_n-1024x1024.jpg 1024w, https:\/\/elmetropolitano.com.gt\/es\/wp-content\/uploads\/2026\/03\/652380911_1488924173233661_8130181650762013576_n-300x300.jpg 300w, https:\/\/elmetropolitano.com.gt\/es\/wp-content\/uploads\/2026\/03\/652380911_1488924173233661_8130181650762013576_n-150x150.jpg 150w, https:\/\/elmetropolitano.com.gt\/es\/wp-content\/uploads\/2026\/03\/652380911_1488924173233661_8130181650762013576_n-768x768.jpg 768w, https:\/\/elmetropolitano.com.gt\/es\/wp-content\/uploads\/2026\/03\/652380911_1488924173233661_8130181650762013576_n-1536x1536.jpg 1536w, https:\/\/elmetropolitano.com.gt\/es\/wp-content\/uploads\/2026\/03\/652380911_1488924173233661_8130181650762013576_n.jpg 2048w\" sizes=\"auto, (max-width: 1024px) 100vw, 1024px\" \/><\/figure>\n<\/figure>\n","protected":false},"excerpt":{"rendered":"<p>Los diputados de la Unidad Nacional de la Esperanza UNE anunciaron que no dar\u00e1n apoyo con su voto a una pr\u00f3rroga a la ley para a el Fortalecimiento de La Seguridad Vial que contempla una pr\u00f3rroga a la implementaci\u00f3n del a sistema Iimitador de Velocidad SLV en el transporte pesado y de pasajeros para evitar <a class=\"read-more\" href=\"https:\/\/elmetropolitano.com.gt\/es\/diputados-del-partido-une-se-opone-a-prorrogar-la-vigencia-de-ley-que-ordena-al-transporte-colocar-limitadores-de-velocidad\/\">Leer m\u00e1s<\/a><\/p>\n","protected":false},"author":1,"featured_media":123912,"comment_status":"open","ping_status":"closed","sticky":false,"template":"","format":"standard","meta":{"footnotes":""},"categories":[2],"tags":[12],"class_list":["post-123911","post","type-post","status-publish","format-standard","has-post-thumbnail","hentry","category-nacionales","tag-nacionales"],"_links":{"self":[{"href":"https:\/\/elmetropolitano.com.gt\/es\/wp-json\/wp\/v2\/posts\/123911","targetHints":{"allow":["GET"]}}],"collection":[{"href":"https:\/\/elmetropolitano.com.gt\/es\/wp-json\/wp\/v2\/posts"}],"about":[{"href":"https:\/\/elmetropolitano.com.gt\/es\/wp-json\/wp\/v2\/types\/post"}],"author":[{"embeddable":true,"href":"https:\/\/elmetropolitano.com.gt\/es\/wp-json\/wp\/v2\/users\/1"}],"replies":[{"embeddable":true,"href":"https:\/\/elmetropolitano.com.gt\/es\/wp-json\/wp\/v2\/comments?post=123911"}],"version-history":[{"count":1,"href":"https:\/\/elmetropolitano.com.gt\/es\/wp-json\/wp\/v2\/posts\/123911\/revisions"}],"predecessor-version":[{"id":123915,"href":"https:\/\/elmetropolitano.com.gt\/es\/wp-json\/wp\/v2\/posts\/123911\/revisions\/123915"}],"wp:featuredmedia":[{"embeddable":true,"href":"https:\/\/elmetropolitano.com.gt\/es\/wp-json\/wp\/v2\/media\/123912"}],"wp:attachment":[{"href":"https:\/\/elmetropolitano.com.gt\/es\/wp-json\/wp\/v2\/media?parent=123911"}],"wp:term":[{"taxonomy":"category","embeddable":true,"href":"https:\/\/elmetropolitano.com.gt\/es\/wp-json\/wp\/v2\/categories?post=123911"},{"taxonomy":"post_tag","embeddable":true,"href":"https:\/\/elmetropolitano.com.gt\/es\/wp-json\/wp\/v2\/tags?post=123911"}],"curies":[{"name":"wp","href":"https:\/\/api.w.org\/{rel}","templated":true}]}}