{"id":123951,"date":"2026-03-16T11:35:06","date_gmt":"2026-03-16T17:35:06","guid":{"rendered":"https:\/\/elmetropolitano.com.gt\/es\/?p=123951"},"modified":"2026-03-16T11:35:07","modified_gmt":"2026-03-16T17:35:07","slug":"diputado-adim-maldonado-buscara-su-reeleccion-con-el-partido-unionista","status":"publish","type":"post","link":"https:\/\/elmetropolitano.com.gt\/es\/diputado-adim-maldonado-buscara-su-reeleccion-con-el-partido-unionista\/","title":{"rendered":"Diputado Adim Maldonado buscar\u00e1 su reelecci\u00f3n con el Partido Unionista"},"content":{"rendered":"\n<p>El diputado Adim Maldonado Molina se ha sumado a la familia del Partido Unionista PU, con el que buscar\u00e1 su reelecci\u00f3n en las elecciones del pr\u00f3ximo a\u00f1o.<\/p>\n\n\n\n<p>\u201cEl ya est\u00e1 trabajando en la organizaci\u00f3n y afiliaci\u00f3n del Partido Unionista en los municipios del departamento de Guatemala\u00bb, expres\u00f3 una fuente de esa agrupaci\u00f3n pol\u00edtica.<\/p><div class=\"elmet-contenido\" id=\"elmet-2656279721\"><div class=\"elmet-adlabel\">Anuncios<\/div><div style=\"margin-top: 20px;margin-right: 20px;margin-bottom: 20px;margin-left: 20px;\" id=\"elmet-2372907881\"><a href=\"https:\/\/www.facebook.com\/arrincuanantigua\/\" aria-label=\"cintillo-arrin-cual\"><img loading=\"lazy\" decoding=\"async\" src=\"https:\/\/elmetropolitano.com.gt\/es\/wp-content\/uploads\/2021\/11\/cintillo-arrin-cual-1.jpg\" alt=\"\"  srcset=\"https:\/\/elmetropolitano.com.gt\/es\/wp-content\/uploads\/2021\/11\/cintillo-arrin-cual-1.jpg 750w, https:\/\/elmetropolitano.com.gt\/es\/wp-content\/uploads\/2021\/11\/cintillo-arrin-cual-1-300x36.jpg 300w, https:\/\/elmetropolitano.com.gt\/es\/wp-content\/uploads\/2021\/11\/cintillo-arrin-cual-1-600x72.jpg 600w\" sizes=\"(max-width: 750px) 100vw, 750px\" width=\"750\" height=\"90\"   \/><\/a><\/div><\/div>\n\n\n\n<p>Seg\u00fan se estableci\u00f3 Adim ya tiene en su equipo al ex alcalde de San Juan Sacatep\u00e9quez L\u00e1zaro Pirir y al ex alcalde de San Pedro Ayampuc Jos\u00e9 Fredy Pel\u00e1ez \u00c1valos, as\u00ed como l\u00edderes en el resto del departamento, adem\u00e1s le acompa\u00f1ar\u00e1n varios diputados.<\/p>\n\n\n\n<p>Con la organizaci\u00f3n que ya tiene en varios municipios buscar\u00e1 su reelecci\u00f3n por el departamento de Guatemala, ahora con los unionistas bajo el liderazgo del Secretario General Sebasti\u00e1n Siero.<\/p>\n\n\n\n<p>Texto: Ram\u00f3n Hern\u00e1ndez S.<\/p>\n\n\n\n<p><a href=\"https:\/\/www.facebook.com\/hashtag\/partidounionista?__eep__=6&amp;__cft__[0]=AZa9xNQiXNQMuwLpQfUt6FcblQ4vm289wiVIf35LKA6JdHWNrsce1QPM-9PKcftqESHVhhiCeep23TyBClpmaeCs2Y6TUbK_I0t6SfQhDukCl5bVSkE9Uhghl1q5U6XF3hmCpJB6QlUQX_e09FmO-aA6&amp;__tn__=*NK-R\">#PartidoUnionista<\/a><a href=\"https:\/\/www.facebook.com\/hashtag\/metroredes?__eep__=6&amp;__cft__[0]=AZa9xNQiXNQMuwLpQfUt6FcblQ4vm289wiVIf35LKA6JdHWNrsce1QPM-9PKcftqESHVhhiCeep23TyBClpmaeCs2Y6TUbK_I0t6SfQhDukCl5bVSkE9Uhghl1q5U6XF3hmCpJB6QlUQX_e09FmO-aA6&amp;__tn__=*NK-R\">#metroredes<\/a><a href=\"https:\/\/www.facebook.com\/hashtag\/a%C3%B1opreelectoral?__eep__=6&amp;__cft__[0]=AZa9xNQiXNQMuwLpQfUt6FcblQ4vm289wiVIf35LKA6JdHWNrsce1QPM-9PKcftqESHVhhiCeep23TyBClpmaeCs2Y6TUbK_I0t6SfQhDukCl5bVSkE9Uhghl1q5U6XF3hmCpJB6QlUQX_e09FmO-aA6&amp;__tn__=*NK-R\">#A\u00f1oPreelectoral<\/a><a href=\"https:\/\/www.facebook.com\/hashtag\/tseguatemal?__eep__=6&amp;__cft__[0]=AZa9xNQiXNQMuwLpQfUt6FcblQ4vm289wiVIf35LKA6JdHWNrsce1QPM-9PKcftqESHVhhiCeep23TyBClpmaeCs2Y6TUbK_I0t6SfQhDukCl5bVSkE9Uhghl1q5U6XF3hmCpJB6QlUQX_e09FmO-aA6&amp;__tn__=*NK-R\">#TSEGuatemal<\/a><\/p>\n","protected":false},"excerpt":{"rendered":"<p>El diputado Adim Maldonado Molina se ha sumado a la familia del Partido Unionista PU, con el que buscar\u00e1 su reelecci\u00f3n en las elecciones del pr\u00f3ximo a\u00f1o. \u201cEl ya est\u00e1 trabajando en la organizaci\u00f3n y afiliaci\u00f3n del Partido Unionista en los municipios del departamento de Guatemala\u00bb, expres\u00f3 una fuente de esa agrupaci\u00f3n pol\u00edtica. Seg\u00fan se <a class=\"read-more\" href=\"https:\/\/elmetropolitano.com.gt\/es\/diputado-adim-maldonado-buscara-su-reeleccion-con-el-partido-unionista\/\">Leer m\u00e1s<\/a><\/p>\n","protected":false},"author":1,"featured_media":123952,"comment_status":"open","ping_status":"closed","sticky":false,"template":"","format":"standard","meta":{"footnotes":""},"categories":[2],"tags":[12],"class_list":["post-123951","post","type-post","status-publish","format-standard","has-post-thumbnail","hentry","category-nacionales","tag-nacionales"],"_links":{"self":[{"href":"https:\/\/elmetropolitano.com.gt\/es\/wp-json\/wp\/v2\/posts\/123951","targetHints":{"allow":["GET"]}}],"collection":[{"href":"https:\/\/elmetropolitano.com.gt\/es\/wp-json\/wp\/v2\/posts"}],"about":[{"href":"https:\/\/elmetropolitano.com.gt\/es\/wp-json\/wp\/v2\/types\/post"}],"author":[{"embeddable":true,"href":"https:\/\/elmetropolitano.com.gt\/es\/wp-json\/wp\/v2\/users\/1"}],"replies":[{"embeddable":true,"href":"https:\/\/elmetropolitano.com.gt\/es\/wp-json\/wp\/v2\/comments?post=123951"}],"version-history":[{"count":1,"href":"https:\/\/elmetropolitano.com.gt\/es\/wp-json\/wp\/v2\/posts\/123951\/revisions"}],"predecessor-version":[{"id":123953,"href":"https:\/\/elmetropolitano.com.gt\/es\/wp-json\/wp\/v2\/posts\/123951\/revisions\/123953"}],"wp:featuredmedia":[{"embeddable":true,"href":"https:\/\/elmetropolitano.com.gt\/es\/wp-json\/wp\/v2\/media\/123952"}],"wp:attachment":[{"href":"https:\/\/elmetropolitano.com.gt\/es\/wp-json\/wp\/v2\/media?parent=123951"}],"wp:term":[{"taxonomy":"category","embeddable":true,"href":"https:\/\/elmetropolitano.com.gt\/es\/wp-json\/wp\/v2\/categories?post=123951"},{"taxonomy":"post_tag","embeddable":true,"href":"https:\/\/elmetropolitano.com.gt\/es\/wp-json\/wp\/v2\/tags?post=123951"}],"curies":[{"name":"wp","href":"https:\/\/api.w.org\/{rel}","templated":true}]}}