{"id":123969,"date":"2026-03-17T08:46:22","date_gmt":"2026-03-17T14:46:22","guid":{"rendered":"https:\/\/elmetropolitano.com.gt\/es\/?p=123969"},"modified":"2026-03-17T08:46:23","modified_gmt":"2026-03-17T14:46:23","slug":"las-bases-del-partido-azul-recibiran-este-domingo-a-giovani-reyes-quien-sera-el-presidenciable","status":"publish","type":"post","link":"https:\/\/elmetropolitano.com.gt\/es\/las-bases-del-partido-azul-recibiran-este-domingo-a-giovani-reyes-quien-sera-el-presidenciable\/","title":{"rendered":"Las bases del Partido Azul recibir\u00e1n este domingo a Giovani Reyes quien ser\u00e1 el presidenciable"},"content":{"rendered":"\n<p>El economista Giovanni Efra\u00edn Reyes Ortiz ser\u00e1 presentado a las bases del Partido Azul durante el desarrollo de su Asamblea Nacional a desarrollarse este domingo<\/p>\n\n\n\n<p>El Secretario General del Partido Azul diputado Jorge Mario Villagr\u00e1n anunci\u00f3 que \u201ctodo est\u00e1 listo para la asamblea ,vamos a presentar a Giovani Reyes quien se incorpora al partido \u201c<\/p><div class=\"elmet-contenido\" id=\"elmet-392396696\"><div class=\"elmet-adlabel\">Anuncios<\/div><div style=\"margin-top: 20px;margin-right: 20px;margin-bottom: 20px;margin-left: 20px;\" id=\"elmet-1937657567\"><a href=\"https:\/\/www.facebook.com\/arrincuanantigua\/\" aria-label=\"cintillo-arrin-cual\"><img loading=\"lazy\" decoding=\"async\" src=\"https:\/\/elmetropolitano.com.gt\/es\/wp-content\/uploads\/2021\/11\/cintillo-arrin-cual-1.jpg\" alt=\"\"  srcset=\"https:\/\/elmetropolitano.com.gt\/es\/wp-content\/uploads\/2021\/11\/cintillo-arrin-cual-1.jpg 750w, https:\/\/elmetropolitano.com.gt\/es\/wp-content\/uploads\/2021\/11\/cintillo-arrin-cual-1-300x36.jpg 300w, https:\/\/elmetropolitano.com.gt\/es\/wp-content\/uploads\/2021\/11\/cintillo-arrin-cual-1-600x72.jpg 600w\" sizes=\"(max-width: 750px) 100vw, 750px\" width=\"750\" height=\"90\"   \/><\/a><\/div><\/div>\n\n\n\n<p>Giovani Reyes ser\u00e1 oficializado cuando se convoque a las elecciones generales como el candidato presidencial del Parido Azul y llega a la instituci\u00f3n pol\u00edtica junto al diputado C\u00e9sar D\u00e1vila.<\/p>\n\n\n\n<p><a href=\"https:\/\/www.facebook.com\/hashtag\/a%C3%B1opreectoral?__eep__=6&amp;__cft__[0]=AZa9RjFqF73hyFUYJlM3Xnta5QbbHo4Jyln5D6ed66oZN5pT48R2B-YJF6aXQNm-xBaJRsRHO55pAKOviILNCRN32tupB1ih8dJGJ0dcaQsJs-CoH7uvF9_nsWB7n4PVbOAs6hzeuhqYSxfZ0xGKZiNEaVJQwiY263micqYyKzPpU13QaePyiL_Op5PIlcigRyQ&amp;__tn__=*NK-R\">#A\u00f1opreectoral<\/a><a href=\"https:\/\/www.facebook.com\/hashtag\/metroredes?__eep__=6&amp;__cft__[0]=AZa9RjFqF73hyFUYJlM3Xnta5QbbHo4Jyln5D6ed66oZN5pT48R2B-YJF6aXQNm-xBaJRsRHO55pAKOviILNCRN32tupB1ih8dJGJ0dcaQsJs-CoH7uvF9_nsWB7n4PVbOAs6hzeuhqYSxfZ0xGKZiNEaVJQwiY263micqYyKzPpU13QaePyiL_Op5PIlcigRyQ&amp;__tn__=*NK-R\">#Metroredes<\/a><a href=\"https:\/\/www.facebook.com\/hashtag\/partidoazul?__eep__=6&amp;__cft__[0]=AZa9RjFqF73hyFUYJlM3Xnta5QbbHo4Jyln5D6ed66oZN5pT48R2B-YJF6aXQNm-xBaJRsRHO55pAKOviILNCRN32tupB1ih8dJGJ0dcaQsJs-CoH7uvF9_nsWB7n4PVbOAs6hzeuhqYSxfZ0xGKZiNEaVJQwiY263micqYyKzPpU13QaePyiL_Op5PIlcigRyQ&amp;__tn__=*NK-R\">#PartidoAzul<\/a><\/p>\n","protected":false},"excerpt":{"rendered":"<p>El economista Giovanni Efra\u00edn Reyes Ortiz ser\u00e1 presentado a las bases del Partido Azul durante el desarrollo de su Asamblea Nacional a desarrollarse este domingo El Secretario General del Partido Azul diputado Jorge Mario Villagr\u00e1n anunci\u00f3 que \u201ctodo est\u00e1 listo para la asamblea ,vamos a presentar a Giovani Reyes quien se incorpora al partido \u201c <a class=\"read-more\" href=\"https:\/\/elmetropolitano.com.gt\/es\/las-bases-del-partido-azul-recibiran-este-domingo-a-giovani-reyes-quien-sera-el-presidenciable\/\">Leer m\u00e1s<\/a><\/p>\n","protected":false},"author":1,"featured_media":123970,"comment_status":"open","ping_status":"closed","sticky":false,"template":"","format":"standard","meta":{"footnotes":""},"categories":[2],"tags":[12],"class_list":["post-123969","post","type-post","status-publish","format-standard","has-post-thumbnail","hentry","category-nacionales","tag-nacionales"],"_links":{"self":[{"href":"https:\/\/elmetropolitano.com.gt\/es\/wp-json\/wp\/v2\/posts\/123969","targetHints":{"allow":["GET"]}}],"collection":[{"href":"https:\/\/elmetropolitano.com.gt\/es\/wp-json\/wp\/v2\/posts"}],"about":[{"href":"https:\/\/elmetropolitano.com.gt\/es\/wp-json\/wp\/v2\/types\/post"}],"author":[{"embeddable":true,"href":"https:\/\/elmetropolitano.com.gt\/es\/wp-json\/wp\/v2\/users\/1"}],"replies":[{"embeddable":true,"href":"https:\/\/elmetropolitano.com.gt\/es\/wp-json\/wp\/v2\/comments?post=123969"}],"version-history":[{"count":1,"href":"https:\/\/elmetropolitano.com.gt\/es\/wp-json\/wp\/v2\/posts\/123969\/revisions"}],"predecessor-version":[{"id":123971,"href":"https:\/\/elmetropolitano.com.gt\/es\/wp-json\/wp\/v2\/posts\/123969\/revisions\/123971"}],"wp:featuredmedia":[{"embeddable":true,"href":"https:\/\/elmetropolitano.com.gt\/es\/wp-json\/wp\/v2\/media\/123970"}],"wp:attachment":[{"href":"https:\/\/elmetropolitano.com.gt\/es\/wp-json\/wp\/v2\/media?parent=123969"}],"wp:term":[{"taxonomy":"category","embeddable":true,"href":"https:\/\/elmetropolitano.com.gt\/es\/wp-json\/wp\/v2\/categories?post=123969"},{"taxonomy":"post_tag","embeddable":true,"href":"https:\/\/elmetropolitano.com.gt\/es\/wp-json\/wp\/v2\/tags?post=123969"}],"curies":[{"name":"wp","href":"https:\/\/api.w.org\/{rel}","templated":true}]}}