{"id":124023,"date":"2026-03-17T21:59:45","date_gmt":"2026-03-18T03:59:45","guid":{"rendered":"https:\/\/elmetropolitano.com.gt\/es\/?p=124023"},"modified":"2026-03-17T21:59:46","modified_gmt":"2026-03-18T03:59:46","slug":"guatemala-y-alemania-fortalecen-lazos-para-impulsar-el-comercio-bilateral","status":"publish","type":"post","link":"https:\/\/elmetropolitano.com.gt\/es\/guatemala-y-alemania-fortalecen-lazos-para-impulsar-el-comercio-bilateral\/","title":{"rendered":"Guatemala y Alemania fortalecen lazos para impulsar el comercio bilateral"},"content":{"rendered":"\n<p>Los presidentes de Guatemala, Bernardo Ar\u00e9valo, y de Alemania, Frank-Walter Steinmeier, acordaron impulsar el desarrollo econ\u00f3mico, la expansi\u00f3n de oportunidades para el comercio e inversi\u00f3n y nuevas iniciativas de cooperaci\u00f3n bilateral.<\/p>\n\n\n\n<p>Durante la visita oficial que realiza el jefe de Estado de Alemania a Guatemala, se inform\u00f3 sobre la cooperaci\u00f3n que se efectuar\u00e1 entre ambas naciones.<\/p><div class=\"elmet-contenido\" id=\"elmet-2377383871\"><div class=\"elmet-adlabel\">Anuncios<\/div><div style=\"margin-top: 20px;margin-right: 20px;margin-bottom: 20px;margin-left: 20px;\" id=\"elmet-4107704231\"><a href=\"https:\/\/www.facebook.com\/arrincuanantigua\/\" aria-label=\"cintillo-arrin-cual\"><img loading=\"lazy\" decoding=\"async\" src=\"https:\/\/elmetropolitano.com.gt\/es\/wp-content\/uploads\/2021\/11\/cintillo-arrin-cual-1.jpg\" alt=\"\"  srcset=\"https:\/\/elmetropolitano.com.gt\/es\/wp-content\/uploads\/2021\/11\/cintillo-arrin-cual-1.jpg 750w, https:\/\/elmetropolitano.com.gt\/es\/wp-content\/uploads\/2021\/11\/cintillo-arrin-cual-1-300x36.jpg 300w, https:\/\/elmetropolitano.com.gt\/es\/wp-content\/uploads\/2021\/11\/cintillo-arrin-cual-1-600x72.jpg 600w\" sizes=\"(max-width: 750px) 100vw, 750px\" width=\"750\" height=\"90\"   \/><\/a><\/div><\/div>\n\n\n\n<p>En un mensaje conjunto, el presidente de Guatemala, Bernardo Ar\u00e9valo, expres\u00f3:<\/p>\n\n\n\n<p>Es importante destacar que el Presidente de Alemania es acompa\u00f1ado de una delegaci\u00f3n comercial que se reunir\u00e1 con el sector p\u00fablico y privado en temas de seguridad y energ\u00eda.<\/p>\n\n\n\n<p>Adem\u00e1s, el presidente Ar\u00e9valo resalt\u00f3 que este pa\u00eds centroamericano tiene un potencial econ\u00f3mico positivo que no se limita solo en el mercado nacional, sino puede ser usado como puente de exportaciones hacia otros pa\u00edses de la regi\u00f3n.<\/p>\n\n\n\n<p>La visita marca el primer arribo de un mandatario alem\u00e1n a territorio guatemalteco en cuatro d\u00e9cadas, con el fin de fortalecer las relaciones binacionales, comerciales y de cooperaci\u00f3n.<\/p>\n\n\n\n<p>Proyectos de inversi\u00f3n<\/p>\n\n\n\n<p>El mandatario guatemalteco destac\u00f3 que Guatemala es un destino atractivo para la inversi\u00f3n de nuevas empresas por su ubicaci\u00f3n y variedad de productos.<\/p>\n\n\n\n<p>Por lo tanto, Guatemala es un destino atractivo para empresas que est\u00e1n buscando establecer sus f\u00e1bricas y tambi\u00e9n puede ser el pa\u00eds acceso a otros mercados de la regi\u00f3n.<\/p>\n\n\n\n<p>El presidente Ar\u00e9valo agreg\u00f3 que en el pa\u00eds hay \u00e1reas importantes en Guatemala como la energ\u00eda.<\/p>\n\n\n\n<p>Estamos avanzando hacia una matriz de energ\u00edas renovables, para obtener la experiencia y capacidad con procesos abiertos que permiten explorar esas inversiones.<\/p>\n\n\n\n<p>Destac\u00f3 tambi\u00e9n la posibilidad de aumentar significativamente la exportaci\u00f3n de productos guatemaltecos hacia Alemania.<\/p>\n\n\n\n<p>En este sentido, durante su visita de dos d\u00edas a Guatemala, el Presidente de Alemania sostendr\u00e1 una serie de reuniones con empresarios guatemaltecos y alemanes que muestran inter\u00e9s en invertir en el pa\u00eds.<\/p>\n\n\n\n<p>Lucha contra la corrupci\u00f3n<\/p>\n\n\n\n<p>En tanto, el presidente de Alemania, Frank-Walter Steinmeier, resalt\u00f3 que uno de los avances positivos de Guatemala para la atracci\u00f3n de inversiones es la lucha contra la corrupci\u00f3n que impulsa la actual administraci\u00f3n.<\/p>\n\n\n\n<p>Es la lucha contra la corrupci\u00f3n un elemento muy importante para inversionistas y empresarios alemanes. Hay inter\u00e9s de m\u00e1s inversiones para este pa\u00eds, grandes oportunidades y queremos explotar este potencial.<\/p>\n\n\n\n<p>Resalt\u00f3 que el objetivo es que m\u00e1s medianas y grandes empresas alemanas quieran invertir en Guatemala.<\/p>\n\n\n\n<p>Otros acuerdos<\/p>\n\n\n\n<p>En sus declaraciones, el gobernante Ar\u00e9valo subray\u00f3 tambi\u00e9n que este a\u00f1o Guatemala logr\u00f3 un acuerdo importante con los Estados Unidos en materia de aranceles.<\/p>\n\n\n\n<p>Guatemala acaba de firmar un Acuerdo Rec\u00edproco con los Estados Unidos en el que se logr\u00f3 que el 70 % de productos del pa\u00eds tenga un arancel cero y eso es un potencial de inversi\u00f3n con distintos productos y establecer mecanismo que atiendan mercados regionales.<\/p>\n\n\n\n<p>Ante las diferentes oportunidades, dijo que el Gobierno central est\u00e1 invirtiendo en la mejora y fortalecimiento de la infraestructura vial del pa\u00eds, carreteras primarias y terciarias, puertos, aeropuertos y el metro, un proyecto de transporte en el \u00e1rea metropolitana.<\/p>\n\n\n\n<p>Texto Brenda Larios<\/p>\n\n\n\n<p>#Alemania-Guate #Comercio #metroredes <a href=\"http:\/\/www.elmetropolitano.com.gt\">www.elmetropolitano.com.gt<\/a> <a href=\"http:\/\/www.metroredes.com\">www.metroredes.com<\/a> <a href=\"http:\/\/www.elescuintleco.com\">www.elescuintleco.com<\/a><\/p>\n\n\n\n<figure class=\"wp-block-gallery has-nested-images columns-default is-cropped wp-block-gallery-1 is-layout-flex wp-block-gallery-is-layout-flex\">\n<figure class=\"wp-block-image size-large\"><img loading=\"lazy\" decoding=\"async\" width=\"1024\" height=\"683\" data-id=\"124027\" src=\"https:\/\/elmetropolitano.com.gt\/es\/wp-content\/uploads\/2026\/03\/HDo8EctXEAE2oUJ-1024x683.jpg\" alt=\"\" class=\"wp-image-124027\" srcset=\"https:\/\/elmetropolitano.com.gt\/es\/wp-content\/uploads\/2026\/03\/HDo8EctXEAE2oUJ-1024x683.jpg 1024w, https:\/\/elmetropolitano.com.gt\/es\/wp-content\/uploads\/2026\/03\/HDo8EctXEAE2oUJ-300x200.jpg 300w, https:\/\/elmetropolitano.com.gt\/es\/wp-content\/uploads\/2026\/03\/HDo8EctXEAE2oUJ-768x512.jpg 768w, https:\/\/elmetropolitano.com.gt\/es\/wp-content\/uploads\/2026\/03\/HDo8EctXEAE2oUJ-1536x1025.jpg 1536w, https:\/\/elmetropolitano.com.gt\/es\/wp-content\/uploads\/2026\/03\/HDo8EctXEAE2oUJ.jpg 2048w\" sizes=\"auto, (max-width: 1024px) 100vw, 1024px\" \/><\/figure>\n\n\n\n<figure class=\"wp-block-image size-large\"><img loading=\"lazy\" decoding=\"async\" width=\"1024\" height=\"512\" data-id=\"124025\" src=\"https:\/\/elmetropolitano.com.gt\/es\/wp-content\/uploads\/2026\/03\/HDo8EcwWEAAc5yp-1140x570-1-1024x512.jpg\" alt=\"\" class=\"wp-image-124025\" srcset=\"https:\/\/elmetropolitano.com.gt\/es\/wp-content\/uploads\/2026\/03\/HDo8EcwWEAAc5yp-1140x570-1-1024x512.jpg 1024w, https:\/\/elmetropolitano.com.gt\/es\/wp-content\/uploads\/2026\/03\/HDo8EcwWEAAc5yp-1140x570-1-300x150.jpg 300w, https:\/\/elmetropolitano.com.gt\/es\/wp-content\/uploads\/2026\/03\/HDo8EcwWEAAc5yp-1140x570-1-768x384.jpg 768w, https:\/\/elmetropolitano.com.gt\/es\/wp-content\/uploads\/2026\/03\/HDo8EcwWEAAc5yp-1140x570-1.jpg 1140w\" sizes=\"auto, (max-width: 1024px) 100vw, 1024px\" \/><\/figure>\n\n\n\n<figure class=\"wp-block-image size-large\"><img loading=\"lazy\" decoding=\"async\" width=\"1024\" height=\"683\" data-id=\"124026\" src=\"https:\/\/elmetropolitano.com.gt\/es\/wp-content\/uploads\/2026\/03\/HDo8EcwWgAAfuqS-1024x683.jpg\" alt=\"\" class=\"wp-image-124026\" srcset=\"https:\/\/elmetropolitano.com.gt\/es\/wp-content\/uploads\/2026\/03\/HDo8EcwWgAAfuqS-1024x683.jpg 1024w, https:\/\/elmetropolitano.com.gt\/es\/wp-content\/uploads\/2026\/03\/HDo8EcwWgAAfuqS-300x200.jpg 300w, https:\/\/elmetropolitano.com.gt\/es\/wp-content\/uploads\/2026\/03\/HDo8EcwWgAAfuqS-768x512.jpg 768w, https:\/\/elmetropolitano.com.gt\/es\/wp-content\/uploads\/2026\/03\/HDo8EcwWgAAfuqS-1536x1025.jpg 1536w, https:\/\/elmetropolitano.com.gt\/es\/wp-content\/uploads\/2026\/03\/HDo8EcwWgAAfuqS.jpg 2048w\" sizes=\"auto, (max-width: 1024px) 100vw, 1024px\" \/><\/figure>\n\n\n\n<figure class=\"wp-block-image size-large\"><img loading=\"lazy\" decoding=\"async\" width=\"1024\" height=\"683\" data-id=\"124030\" src=\"https:\/\/elmetropolitano.com.gt\/es\/wp-content\/uploads\/2026\/03\/HDomb3kWwAA1NBi-1024x683.jpg\" alt=\"\" class=\"wp-image-124030\" srcset=\"https:\/\/elmetropolitano.com.gt\/es\/wp-content\/uploads\/2026\/03\/HDomb3kWwAA1NBi-1024x683.jpg 1024w, https:\/\/elmetropolitano.com.gt\/es\/wp-content\/uploads\/2026\/03\/HDomb3kWwAA1NBi-300x200.jpg 300w, https:\/\/elmetropolitano.com.gt\/es\/wp-content\/uploads\/2026\/03\/HDomb3kWwAA1NBi-768x512.jpg 768w, https:\/\/elmetropolitano.com.gt\/es\/wp-content\/uploads\/2026\/03\/HDomb3kWwAA1NBi-1536x1025.jpg 1536w, https:\/\/elmetropolitano.com.gt\/es\/wp-content\/uploads\/2026\/03\/HDomb3kWwAA1NBi.jpg 2048w\" sizes=\"auto, (max-width: 1024px) 100vw, 1024px\" \/><\/figure>\n\n\n\n<figure class=\"wp-block-image size-large\"><img loading=\"lazy\" decoding=\"async\" width=\"1024\" height=\"683\" data-id=\"124028\" src=\"https:\/\/elmetropolitano.com.gt\/es\/wp-content\/uploads\/2026\/03\/HDomb3kXQAACa5p-1-1024x683.jpg\" alt=\"\" class=\"wp-image-124028\" srcset=\"https:\/\/elmetropolitano.com.gt\/es\/wp-content\/uploads\/2026\/03\/HDomb3kXQAACa5p-1-1024x683.jpg 1024w, https:\/\/elmetropolitano.com.gt\/es\/wp-content\/uploads\/2026\/03\/HDomb3kXQAACa5p-1-300x200.jpg 300w, https:\/\/elmetropolitano.com.gt\/es\/wp-content\/uploads\/2026\/03\/HDomb3kXQAACa5p-1-768x512.jpg 768w, https:\/\/elmetropolitano.com.gt\/es\/wp-content\/uploads\/2026\/03\/HDomb3kXQAACa5p-1-1536x1025.jpg 1536w, https:\/\/elmetropolitano.com.gt\/es\/wp-content\/uploads\/2026\/03\/HDomb3kXQAACa5p-1.jpg 2048w\" sizes=\"auto, (max-width: 1024px) 100vw, 1024px\" \/><\/figure>\n\n\n\n<figure class=\"wp-block-image size-large\"><img loading=\"lazy\" decoding=\"async\" width=\"1024\" height=\"683\" data-id=\"124029\" src=\"https:\/\/elmetropolitano.com.gt\/es\/wp-content\/uploads\/2026\/03\/HDomb3nW8AA2EzV-1024x683.jpg\" alt=\"\" class=\"wp-image-124029\" srcset=\"https:\/\/elmetropolitano.com.gt\/es\/wp-content\/uploads\/2026\/03\/HDomb3nW8AA2EzV-1024x683.jpg 1024w, https:\/\/elmetropolitano.com.gt\/es\/wp-content\/uploads\/2026\/03\/HDomb3nW8AA2EzV-300x200.jpg 300w, https:\/\/elmetropolitano.com.gt\/es\/wp-content\/uploads\/2026\/03\/HDomb3nW8AA2EzV-768x512.jpg 768w, https:\/\/elmetropolitano.com.gt\/es\/wp-content\/uploads\/2026\/03\/HDomb3nW8AA2EzV-1536x1025.jpg 1536w, https:\/\/elmetropolitano.com.gt\/es\/wp-content\/uploads\/2026\/03\/HDomb3nW8AA2EzV.jpg 2048w\" sizes=\"auto, (max-width: 1024px) 100vw, 1024px\" \/><\/figure>\n<\/figure>\n","protected":false},"excerpt":{"rendered":"<p>Los presidentes de Guatemala, Bernardo Ar\u00e9valo, y de Alemania, Frank-Walter Steinmeier, acordaron impulsar el desarrollo econ\u00f3mico, la expansi\u00f3n de oportunidades para el comercio e inversi\u00f3n y nuevas iniciativas de cooperaci\u00f3n bilateral. Durante la visita oficial que realiza el jefe de Estado de Alemania a Guatemala, se inform\u00f3 sobre la cooperaci\u00f3n que se efectuar\u00e1 entre ambas <a class=\"read-more\" href=\"https:\/\/elmetropolitano.com.gt\/es\/guatemala-y-alemania-fortalecen-lazos-para-impulsar-el-comercio-bilateral\/\">Leer m\u00e1s<\/a><\/p>\n","protected":false},"author":1,"featured_media":124024,"comment_status":"open","ping_status":"closed","sticky":false,"template":"","format":"standard","meta":{"footnotes":""},"categories":[2],"tags":[12],"class_list":["post-124023","post","type-post","status-publish","format-standard","has-post-thumbnail","hentry","category-nacionales","tag-nacionales"],"_links":{"self":[{"href":"https:\/\/elmetropolitano.com.gt\/es\/wp-json\/wp\/v2\/posts\/124023","targetHints":{"allow":["GET"]}}],"collection":[{"href":"https:\/\/elmetropolitano.com.gt\/es\/wp-json\/wp\/v2\/posts"}],"about":[{"href":"https:\/\/elmetropolitano.com.gt\/es\/wp-json\/wp\/v2\/types\/post"}],"author":[{"embeddable":true,"href":"https:\/\/elmetropolitano.com.gt\/es\/wp-json\/wp\/v2\/users\/1"}],"replies":[{"embeddable":true,"href":"https:\/\/elmetropolitano.com.gt\/es\/wp-json\/wp\/v2\/comments?post=124023"}],"version-history":[{"count":1,"href":"https:\/\/elmetropolitano.com.gt\/es\/wp-json\/wp\/v2\/posts\/124023\/revisions"}],"predecessor-version":[{"id":124031,"href":"https:\/\/elmetropolitano.com.gt\/es\/wp-json\/wp\/v2\/posts\/124023\/revisions\/124031"}],"wp:featuredmedia":[{"embeddable":true,"href":"https:\/\/elmetropolitano.com.gt\/es\/wp-json\/wp\/v2\/media\/124024"}],"wp:attachment":[{"href":"https:\/\/elmetropolitano.com.gt\/es\/wp-json\/wp\/v2\/media?parent=124023"}],"wp:term":[{"taxonomy":"category","embeddable":true,"href":"https:\/\/elmetropolitano.com.gt\/es\/wp-json\/wp\/v2\/categories?post=124023"},{"taxonomy":"post_tag","embeddable":true,"href":"https:\/\/elmetropolitano.com.gt\/es\/wp-json\/wp\/v2\/tags?post=124023"}],"curies":[{"name":"wp","href":"https:\/\/api.w.org\/{rel}","templated":true}]}}