{"id":124047,"date":"2026-03-18T08:26:43","date_gmt":"2026-03-18T14:26:43","guid":{"rendered":"https:\/\/elmetropolitano.com.gt\/es\/?p=124047"},"modified":"2026-03-18T08:26:44","modified_gmt":"2026-03-18T14:26:44","slug":"ministro-de-salud-no-llego-a-citacion","status":"publish","type":"post","link":"https:\/\/elmetropolitano.com.gt\/es\/ministro-de-salud-no-llego-a-citacion\/","title":{"rendered":"Ministro de Salud no lleg\u00f3 a citaci\u00f3n"},"content":{"rendered":"\n<p>La diputada Sonia Guti\u00e9rrez del Partido Winaq coordin\u00f3 una reuni\u00f3n con la asociaci\u00f3n de comadronas Nim Alaxik y representantes del Ministerio de Salud P\u00fablica y Asistencia Social, para fiscalizar el retraso en la entrega del estipendio de Q4 mil anuales establecido en el Decreto Legislativo 4-2025.<\/p>\n\n\n\n<p>Durante el encuentro, las representantes de comadronas denunciaron tr\u00e1mites burocr\u00e1ticos, como la solicitud de curr\u00edculos, entre otros y se\u00f1alaron que el viceministro de Atenci\u00f3n Primaria, Donato Camey, no ha atendido sus demandas.<\/p><div class=\"elmet-contenido\" id=\"elmet-2699437674\"><div class=\"elmet-adlabel\">Anuncios<\/div><div style=\"margin-top: 20px;margin-right: 20px;margin-bottom: 20px;margin-left: 20px;\" id=\"elmet-1590475045\"><a href=\"https:\/\/www.facebook.com\/arrincuanantigua\/\" aria-label=\"cintillo-arrin-cual\"><img loading=\"lazy\" decoding=\"async\" src=\"https:\/\/elmetropolitano.com.gt\/es\/wp-content\/uploads\/2021\/11\/cintillo-arrin-cual-1.jpg\" alt=\"\"  srcset=\"https:\/\/elmetropolitano.com.gt\/es\/wp-content\/uploads\/2021\/11\/cintillo-arrin-cual-1.jpg 750w, https:\/\/elmetropolitano.com.gt\/es\/wp-content\/uploads\/2021\/11\/cintillo-arrin-cual-1-300x36.jpg 300w, https:\/\/elmetropolitano.com.gt\/es\/wp-content\/uploads\/2021\/11\/cintillo-arrin-cual-1-600x72.jpg 600w\" sizes=\"(max-width: 750px) 100vw, 750px\" width=\"750\" height=\"90\"   \/><\/a><\/div><\/div>\n\n\n\n<p>Adem\u00e1s, la legisladora lament\u00f3 la inasistencia del ministro de Salud, Joaqu\u00edn Barnoya, ya que las comadronas viajaron desde la madrugada para asistir a esta reuni\u00f3n, por lo que anunci\u00f3 que volver\u00e1 a citar al titular de la cartera para el pr\u00f3ximo jueves 26 de marzo.<\/p>\n\n\n\n<figure class=\"wp-block-gallery has-nested-images columns-default is-cropped wp-block-gallery-1 is-layout-flex wp-block-gallery-is-layout-flex\">\n<figure class=\"wp-block-image size-large\"><img loading=\"lazy\" decoding=\"async\" width=\"1024\" height=\"682\" data-id=\"124049\" src=\"https:\/\/elmetropolitano.com.gt\/es\/wp-content\/uploads\/2026\/03\/651406732_1490419139750831_6988933706337730766_n-1024x682.jpg\" alt=\"\" class=\"wp-image-124049\" srcset=\"https:\/\/elmetropolitano.com.gt\/es\/wp-content\/uploads\/2026\/03\/651406732_1490419139750831_6988933706337730766_n-1024x682.jpg 1024w, https:\/\/elmetropolitano.com.gt\/es\/wp-content\/uploads\/2026\/03\/651406732_1490419139750831_6988933706337730766_n-300x200.jpg 300w, https:\/\/elmetropolitano.com.gt\/es\/wp-content\/uploads\/2026\/03\/651406732_1490419139750831_6988933706337730766_n-768x512.jpg 768w, https:\/\/elmetropolitano.com.gt\/es\/wp-content\/uploads\/2026\/03\/651406732_1490419139750831_6988933706337730766_n.jpg 1280w\" sizes=\"auto, (max-width: 1024px) 100vw, 1024px\" \/><\/figure>\n\n\n\n<figure class=\"wp-block-image size-large\"><img loading=\"lazy\" decoding=\"async\" width=\"1024\" height=\"682\" data-id=\"124050\" src=\"https:\/\/elmetropolitano.com.gt\/es\/wp-content\/uploads\/2026\/03\/652671813_1490419203084158_6232763055441147531_n-1-1024x682.jpg\" alt=\"\" class=\"wp-image-124050\" srcset=\"https:\/\/elmetropolitano.com.gt\/es\/wp-content\/uploads\/2026\/03\/652671813_1490419203084158_6232763055441147531_n-1-1024x682.jpg 1024w, https:\/\/elmetropolitano.com.gt\/es\/wp-content\/uploads\/2026\/03\/652671813_1490419203084158_6232763055441147531_n-1-300x200.jpg 300w, https:\/\/elmetropolitano.com.gt\/es\/wp-content\/uploads\/2026\/03\/652671813_1490419203084158_6232763055441147531_n-1-768x512.jpg 768w, https:\/\/elmetropolitano.com.gt\/es\/wp-content\/uploads\/2026\/03\/652671813_1490419203084158_6232763055441147531_n-1.jpg 1280w\" sizes=\"auto, (max-width: 1024px) 100vw, 1024px\" \/><\/figure>\n\n\n\n<figure class=\"wp-block-image size-large\"><img loading=\"lazy\" decoding=\"async\" width=\"1024\" height=\"682\" data-id=\"124051\" src=\"https:\/\/elmetropolitano.com.gt\/es\/wp-content\/uploads\/2026\/03\/652991419_1490419123084166_3483130890182412762_n-1024x682.jpg\" alt=\"\" class=\"wp-image-124051\" srcset=\"https:\/\/elmetropolitano.com.gt\/es\/wp-content\/uploads\/2026\/03\/652991419_1490419123084166_3483130890182412762_n-1024x682.jpg 1024w, https:\/\/elmetropolitano.com.gt\/es\/wp-content\/uploads\/2026\/03\/652991419_1490419123084166_3483130890182412762_n-300x200.jpg 300w, https:\/\/elmetropolitano.com.gt\/es\/wp-content\/uploads\/2026\/03\/652991419_1490419123084166_3483130890182412762_n-768x512.jpg 768w, https:\/\/elmetropolitano.com.gt\/es\/wp-content\/uploads\/2026\/03\/652991419_1490419123084166_3483130890182412762_n.jpg 1280w\" sizes=\"auto, (max-width: 1024px) 100vw, 1024px\" \/><\/figure>\n\n\n\n<figure class=\"wp-block-image size-large\"><img loading=\"lazy\" decoding=\"async\" width=\"1024\" height=\"682\" data-id=\"124053\" src=\"https:\/\/elmetropolitano.com.gt\/es\/wp-content\/uploads\/2026\/03\/653711343_1490419219750823_5941210689043869285_n-1024x682.jpg\" alt=\"\" class=\"wp-image-124053\" srcset=\"https:\/\/elmetropolitano.com.gt\/es\/wp-content\/uploads\/2026\/03\/653711343_1490419219750823_5941210689043869285_n-1024x682.jpg 1024w, https:\/\/elmetropolitano.com.gt\/es\/wp-content\/uploads\/2026\/03\/653711343_1490419219750823_5941210689043869285_n-300x200.jpg 300w, https:\/\/elmetropolitano.com.gt\/es\/wp-content\/uploads\/2026\/03\/653711343_1490419219750823_5941210689043869285_n-768x512.jpg 768w, https:\/\/elmetropolitano.com.gt\/es\/wp-content\/uploads\/2026\/03\/653711343_1490419219750823_5941210689043869285_n.jpg 1280w\" sizes=\"auto, (max-width: 1024px) 100vw, 1024px\" \/><\/figure>\n\n\n\n<figure class=\"wp-block-image size-large\"><img loading=\"lazy\" decoding=\"async\" width=\"1024\" height=\"682\" data-id=\"124052\" src=\"https:\/\/elmetropolitano.com.gt\/es\/wp-content\/uploads\/2026\/03\/654205484_1490419196417492_3644850706361699717_n-1024x682.jpg\" alt=\"\" class=\"wp-image-124052\" srcset=\"https:\/\/elmetropolitano.com.gt\/es\/wp-content\/uploads\/2026\/03\/654205484_1490419196417492_3644850706361699717_n-1024x682.jpg 1024w, https:\/\/elmetropolitano.com.gt\/es\/wp-content\/uploads\/2026\/03\/654205484_1490419196417492_3644850706361699717_n-300x200.jpg 300w, https:\/\/elmetropolitano.com.gt\/es\/wp-content\/uploads\/2026\/03\/654205484_1490419196417492_3644850706361699717_n-768x512.jpg 768w, https:\/\/elmetropolitano.com.gt\/es\/wp-content\/uploads\/2026\/03\/654205484_1490419196417492_3644850706361699717_n.jpg 1280w\" sizes=\"auto, (max-width: 1024px) 100vw, 1024px\" \/><\/figure>\n<\/figure>\n","protected":false},"excerpt":{"rendered":"<p>La diputada Sonia Guti\u00e9rrez del Partido Winaq coordin\u00f3 una reuni\u00f3n con la asociaci\u00f3n de comadronas Nim Alaxik y representantes del Ministerio de Salud P\u00fablica y Asistencia Social, para fiscalizar el retraso en la entrega del estipendio de Q4 mil anuales establecido en el Decreto Legislativo 4-2025. Durante el encuentro, las representantes de comadronas denunciaron tr\u00e1mites <a class=\"read-more\" href=\"https:\/\/elmetropolitano.com.gt\/es\/ministro-de-salud-no-llego-a-citacion\/\">Leer m\u00e1s<\/a><\/p>\n","protected":false},"author":1,"featured_media":124048,"comment_status":"open","ping_status":"closed","sticky":false,"template":"","format":"standard","meta":{"footnotes":""},"categories":[2],"tags":[12],"class_list":["post-124047","post","type-post","status-publish","format-standard","has-post-thumbnail","hentry","category-nacionales","tag-nacionales"],"_links":{"self":[{"href":"https:\/\/elmetropolitano.com.gt\/es\/wp-json\/wp\/v2\/posts\/124047","targetHints":{"allow":["GET"]}}],"collection":[{"href":"https:\/\/elmetropolitano.com.gt\/es\/wp-json\/wp\/v2\/posts"}],"about":[{"href":"https:\/\/elmetropolitano.com.gt\/es\/wp-json\/wp\/v2\/types\/post"}],"author":[{"embeddable":true,"href":"https:\/\/elmetropolitano.com.gt\/es\/wp-json\/wp\/v2\/users\/1"}],"replies":[{"embeddable":true,"href":"https:\/\/elmetropolitano.com.gt\/es\/wp-json\/wp\/v2\/comments?post=124047"}],"version-history":[{"count":1,"href":"https:\/\/elmetropolitano.com.gt\/es\/wp-json\/wp\/v2\/posts\/124047\/revisions"}],"predecessor-version":[{"id":124054,"href":"https:\/\/elmetropolitano.com.gt\/es\/wp-json\/wp\/v2\/posts\/124047\/revisions\/124054"}],"wp:featuredmedia":[{"embeddable":true,"href":"https:\/\/elmetropolitano.com.gt\/es\/wp-json\/wp\/v2\/media\/124048"}],"wp:attachment":[{"href":"https:\/\/elmetropolitano.com.gt\/es\/wp-json\/wp\/v2\/media?parent=124047"}],"wp:term":[{"taxonomy":"category","embeddable":true,"href":"https:\/\/elmetropolitano.com.gt\/es\/wp-json\/wp\/v2\/categories?post=124047"},{"taxonomy":"post_tag","embeddable":true,"href":"https:\/\/elmetropolitano.com.gt\/es\/wp-json\/wp\/v2\/tags?post=124047"}],"curies":[{"name":"wp","href":"https:\/\/api.w.org\/{rel}","templated":true}]}}