{"id":124055,"date":"2026-03-18T08:29:00","date_gmt":"2026-03-18T14:29:00","guid":{"rendered":"https:\/\/elmetropolitano.com.gt\/es\/?p=124055"},"modified":"2026-03-18T08:29:01","modified_gmt":"2026-03-18T14:29:01","slug":"fundea-nombra-a-fermin-sanchez-gomez-como-nuevo-gerente-general","status":"publish","type":"post","link":"https:\/\/elmetropolitano.com.gt\/es\/fundea-nombra-a-fermin-sanchez-gomez-como-nuevo-gerente-general\/","title":{"rendered":"FUNDEA nombra a Ferm\u00edn S\u00e1nchez G\u00f3mez como nuevo Gerente General"},"content":{"rendered":"\n<p>La Fundaci\u00f3n para el Desarrollo Empresarial y Agr\u00edcola (FUNDEA) anunci\u00f3 el nombramiento de Ferm\u00edn S\u00e1nchez G\u00f3mez como nuevo Gerente General de la instituci\u00f3n, cargo que asumi\u00f3 a partir del 2 de marzo de 2026.<\/p>\n\n\n\n<p>Ferm\u00edn S\u00e1nchez G\u00f3mez cuenta con una amplia trayectoria en el sector financiero y microfinanciero, con experiencia en banca de consumo, banca corporativa y direcci\u00f3n estrat\u00e9gica en instituciones de microfinanzas. A lo largo de su carrera ha ocupado posiciones gerenciales y de alta direcci\u00f3n en la regi\u00f3n, liderando procesos de crecimiento institucional, fortalecimiento organizacional y expansi\u00f3n de servicios financieros.<\/p><div class=\"elmet-contenido\" id=\"elmet-84483152\"><div class=\"elmet-adlabel\">Anuncios<\/div><div style=\"margin-top: 20px;margin-right: 20px;margin-bottom: 20px;margin-left: 20px;\" id=\"elmet-383833816\"><a href=\"https:\/\/www.facebook.com\/arrincuanantigua\/\" aria-label=\"cintillo-arrin-cual\"><img loading=\"lazy\" decoding=\"async\" src=\"https:\/\/elmetropolitano.com.gt\/es\/wp-content\/uploads\/2021\/11\/cintillo-arrin-cual-1.jpg\" alt=\"\"  srcset=\"https:\/\/elmetropolitano.com.gt\/es\/wp-content\/uploads\/2021\/11\/cintillo-arrin-cual-1.jpg 750w, https:\/\/elmetropolitano.com.gt\/es\/wp-content\/uploads\/2021\/11\/cintillo-arrin-cual-1-300x36.jpg 300w, https:\/\/elmetropolitano.com.gt\/es\/wp-content\/uploads\/2021\/11\/cintillo-arrin-cual-1-600x72.jpg 600w\" sizes=\"(max-width: 750px) 100vw, 750px\" width=\"750\" height=\"90\"   \/><\/a><\/div><\/div>\n\n\n\n<p>Durante el \u00faltimo a\u00f1o form\u00f3 parte del Grupo Corporativo FUNDEA como Director de Operaciones y Negocios Institucionales, desde donde impuls\u00f3 iniciativas orientadas a fortalecer la eficiencia operativa, la coordinaci\u00f3n entre las empresas del grupo y la alineaci\u00f3n estrat\u00e9gica institucional.<\/p>\n\n\n\n<p>Originario de Guadalajara, M\u00e9xico, y con 28 a\u00f1os de trayectoria en Centroam\u00e9rica, aporta una visi\u00f3n regional, liderazgo estrat\u00e9gico y profundo conocimiento del sistema financiero. Su experiencia se complementa con los 34 a\u00f1os de trayectoria de FUNDEA en microfinanzas agr\u00edcolas, productivas y empresariales, una combinaci\u00f3n que permite proyectar un crecimiento sostenido de la instituci\u00f3n, manteniendo al cliente y al colaborador en el centro de su gesti\u00f3n.<\/p>\n\n\n\n<p>\u201cNos complace dar la bienvenida a Ferm\u00edn S\u00e1nchez G\u00f3mez como Gerente General de FUNDEA. Su experiencia, liderazgo y conocimiento del sector ser\u00e1n fundamentales para continuar fortaleciendo nuestra instituci\u00f3n y seguir impulsando el desarrollo productivo de miles de agricultores y microempresarios en Guatemala\u201d, se\u00f1al\u00f3 Hugo Villavicencio, Presidente del Consejo Directivo de FUNDEA.<\/p>\n\n\n\n<p>Con este nombramiento, FUNDEA inicia una nueva etapa orientada a consolidar su crecimiento institucional, ampliar el acceso a soluciones financieras productivas y fortalecer su impacto en el desarrollo econ\u00f3mico del pa\u00eds, reafirmando su compromiso con las finanzas inclusivas y de impacto que contribuyen al desarrollo sostenible de agricultores, emprendedores y microempresarios en Guatemala.<\/p>\n\n\n\n<p>Para 2026, la instituci\u00f3n proyecta continuar fortaleciendo su presencia en el financiamiento productivo, impulsar la innovaci\u00f3n en sus servicios financieros y ampliar el acceso a soluciones que promuevan la productividad agr\u00edcola, el emprendimiento y el desarrollo de las micro y peque\u00f1as empresas en distintas regiones del pa\u00eds, en l\u00ednea con su enfoque de finanzas inclusivas e impacto social.<\/p>\n\n\n\n<p>Sobre FUNDEA<\/p>\n\n\n\n<p>La Fundaci\u00f3n para el Desarrollo Empresarial y Agr\u00edcola (FUNDEA) es una instituci\u00f3n financiera de desarrollo con m\u00e1s de 34 a\u00f1os de trayectoria en Guatemala, dedicada a brindar financiamiento, capacitaci\u00f3n y soluciones productivas para agricultores y microempresarios, promoviendo el desarrollo econ\u00f3mico sostenible y la generaci\u00f3n de oportunidades en las comunidades.<\/p>\n\n\n\n<p><a href=\"https:\/\/www.facebook.com\/hashtag\/fundea?__eep__=6&amp;__cft__[0]=AZZFRvbPH90H_xvUYA798NWFsuVpiBvbU8xyQap86_l4typsiQ88cK9cbBNPIJELtkBDwMIk6Uub965_sbfUmINbHAWvl3MuijFyGzNGn0mzSfoj2v8TIAtWwdfYrLy8DVi4EbY6y-tULn-ffSULj94lRUcM8yPCO12nyrbcffLJTP6celxAeviOFHeFXOFOKHo&amp;__tn__=*NK-R\">#FUNDEA<\/a><a href=\"https:\/\/www.facebook.com\/hashtag\/elfinancierogt?__eep__=6&amp;__cft__[0]=AZZFRvbPH90H_xvUYA798NWFsuVpiBvbU8xyQap86_l4typsiQ88cK9cbBNPIJELtkBDwMIk6Uub965_sbfUmINbHAWvl3MuijFyGzNGn0mzSfoj2v8TIAtWwdfYrLy8DVi4EbY6y-tULn-ffSULj94lRUcM8yPCO12nyrbcffLJTP6celxAeviOFHeFXOFOKHo&amp;__tn__=*NK-R\">#elfinancierogt<\/a><a href=\"https:\/\/www.facebook.com\/hashtag\/metroredes?__eep__=6&amp;__cft__[0]=AZZFRvbPH90H_xvUYA798NWFsuVpiBvbU8xyQap86_l4typsiQ88cK9cbBNPIJELtkBDwMIk6Uub965_sbfUmINbHAWvl3MuijFyGzNGn0mzSfoj2v8TIAtWwdfYrLy8DVi4EbY6y-tULn-ffSULj94lRUcM8yPCO12nyrbcffLJTP6celxAeviOFHeFXOFOKHo&amp;__tn__=*NK-R\">#metroredes<\/a><\/p>\n\n\n\n<figure class=\"wp-block-gallery has-nested-images columns-default is-cropped wp-block-gallery-1 is-layout-flex wp-block-gallery-is-layout-flex\">\n<figure class=\"wp-block-image size-large\"><img loading=\"lazy\" decoding=\"async\" width=\"682\" height=\"1024\" data-id=\"124057\" src=\"https:\/\/elmetropolitano.com.gt\/es\/wp-content\/uploads\/2026\/03\/652900597_1490427506416661_6144435429998562755_n-1-682x1024.jpg\" alt=\"\" class=\"wp-image-124057\" srcset=\"https:\/\/elmetropolitano.com.gt\/es\/wp-content\/uploads\/2026\/03\/652900597_1490427506416661_6144435429998562755_n-1-682x1024.jpg 682w, https:\/\/elmetropolitano.com.gt\/es\/wp-content\/uploads\/2026\/03\/652900597_1490427506416661_6144435429998562755_n-1-200x300.jpg 200w, https:\/\/elmetropolitano.com.gt\/es\/wp-content\/uploads\/2026\/03\/652900597_1490427506416661_6144435429998562755_n-1-768x1153.jpg 768w, https:\/\/elmetropolitano.com.gt\/es\/wp-content\/uploads\/2026\/03\/652900597_1490427506416661_6144435429998562755_n-1-1023x1536.jpg 1023w, https:\/\/elmetropolitano.com.gt\/es\/wp-content\/uploads\/2026\/03\/652900597_1490427506416661_6144435429998562755_n-1.jpg 1066w\" sizes=\"auto, (max-width: 682px) 100vw, 682px\" \/><\/figure>\n<\/figure>\n","protected":false},"excerpt":{"rendered":"<p>La Fundaci\u00f3n para el Desarrollo Empresarial y Agr\u00edcola (FUNDEA) anunci\u00f3 el nombramiento de Ferm\u00edn S\u00e1nchez G\u00f3mez como nuevo Gerente General de la instituci\u00f3n, cargo que asumi\u00f3 a partir del 2 de marzo de 2026. Ferm\u00edn S\u00e1nchez G\u00f3mez cuenta con una amplia trayectoria en el sector financiero y microfinanciero, con experiencia en banca de consumo, banca <a class=\"read-more\" href=\"https:\/\/elmetropolitano.com.gt\/es\/fundea-nombra-a-fermin-sanchez-gomez-como-nuevo-gerente-general\/\">Leer m\u00e1s<\/a><\/p>\n","protected":false},"author":1,"featured_media":124056,"comment_status":"open","ping_status":"closed","sticky":false,"template":"","format":"standard","meta":{"footnotes":""},"categories":[2],"tags":[12],"class_list":["post-124055","post","type-post","status-publish","format-standard","has-post-thumbnail","hentry","category-nacionales","tag-nacionales"],"_links":{"self":[{"href":"https:\/\/elmetropolitano.com.gt\/es\/wp-json\/wp\/v2\/posts\/124055","targetHints":{"allow":["GET"]}}],"collection":[{"href":"https:\/\/elmetropolitano.com.gt\/es\/wp-json\/wp\/v2\/posts"}],"about":[{"href":"https:\/\/elmetropolitano.com.gt\/es\/wp-json\/wp\/v2\/types\/post"}],"author":[{"embeddable":true,"href":"https:\/\/elmetropolitano.com.gt\/es\/wp-json\/wp\/v2\/users\/1"}],"replies":[{"embeddable":true,"href":"https:\/\/elmetropolitano.com.gt\/es\/wp-json\/wp\/v2\/comments?post=124055"}],"version-history":[{"count":1,"href":"https:\/\/elmetropolitano.com.gt\/es\/wp-json\/wp\/v2\/posts\/124055\/revisions"}],"predecessor-version":[{"id":124058,"href":"https:\/\/elmetropolitano.com.gt\/es\/wp-json\/wp\/v2\/posts\/124055\/revisions\/124058"}],"wp:featuredmedia":[{"embeddable":true,"href":"https:\/\/elmetropolitano.com.gt\/es\/wp-json\/wp\/v2\/media\/124056"}],"wp:attachment":[{"href":"https:\/\/elmetropolitano.com.gt\/es\/wp-json\/wp\/v2\/media?parent=124055"}],"wp:term":[{"taxonomy":"category","embeddable":true,"href":"https:\/\/elmetropolitano.com.gt\/es\/wp-json\/wp\/v2\/categories?post=124055"},{"taxonomy":"post_tag","embeddable":true,"href":"https:\/\/elmetropolitano.com.gt\/es\/wp-json\/wp\/v2\/tags?post=124055"}],"curies":[{"name":"wp","href":"https:\/\/api.w.org\/{rel}","templated":true}]}}