{"id":124059,"date":"2026-03-18T08:33:23","date_gmt":"2026-03-18T14:33:23","guid":{"rendered":"https:\/\/elmetropolitano.com.gt\/es\/?p=124059"},"modified":"2026-03-18T08:33:24","modified_gmt":"2026-03-18T14:33:24","slug":"pnc-recupera-en-villa-canales-lujosos-vehiculos-hurtados-y-captura-a-dos-presuntos-robacarros","status":"publish","type":"post","link":"https:\/\/elmetropolitano.com.gt\/es\/pnc-recupera-en-villa-canales-lujosos-vehiculos-hurtados-y-captura-a-dos-presuntos-robacarros\/","title":{"rendered":"PNC recupera en Villa Ca\u00f1ales lujosos veh\u00edculos hurtados y captura a dos presuntos robacarros"},"content":{"rendered":"\n<p>Investigadores de la DEIC-SGIC montaron un operativo de control y vigilancia en el kil\u00f3metro 42.5 calle El Lim\u00f3n, El Jocotillo, Villa Canales, donde recuperaron dos veh\u00edculos robados y se captura a dos presuntos robacarros quienes llevaban dos veh\u00edculos de lujo robados y otro veh\u00edculo m\u00e1s recuperado.<\/p>\n\n\n\n<p>Los detenidos son Edgar de 27 a\u00f1os y Joan \u201cde 37 a\u00f1os, presuntos robacarros quienes se movilizaban a bordo de los veh\u00edculos, P443JSF marca Mercedes Benz l\u00ednea G63AMG, color Blanco o palita brillante, modelo 2022, con reporte de hurto de fecha 12 de marzo de 2026 y el veh\u00edculo P042GPN, marca Mercedes Benz, l\u00ednea C63 S AMG COUPE, color gris selinita magno, cuenta con reporte de hurto con fecha 12 de marzo de 2026.<\/p><div class=\"elmet-contenido\" id=\"elmet-1001626847\"><div class=\"elmet-adlabel\">Anuncios<\/div><div style=\"margin-top: 20px;margin-right: 20px;margin-bottom: 20px;margin-left: 20px;\" id=\"elmet-2434349975\"><a href=\"https:\/\/www.facebook.com\/arrincuanantigua\/\" aria-label=\"cintillo-arrin-cual\"><img loading=\"lazy\" decoding=\"async\" src=\"https:\/\/elmetropolitano.com.gt\/es\/wp-content\/uploads\/2021\/11\/cintillo-arrin-cual-1.jpg\" alt=\"\"  srcset=\"https:\/\/elmetropolitano.com.gt\/es\/wp-content\/uploads\/2021\/11\/cintillo-arrin-cual-1.jpg 750w, https:\/\/elmetropolitano.com.gt\/es\/wp-content\/uploads\/2021\/11\/cintillo-arrin-cual-1-300x36.jpg 300w, https:\/\/elmetropolitano.com.gt\/es\/wp-content\/uploads\/2021\/11\/cintillo-arrin-cual-1-600x72.jpg 600w\" sizes=\"(max-width: 750px) 100vw, 750px\" width=\"750\" height=\"90\"   \/><\/a><\/div><\/div>\n\n\n\n<p>En el operativo se observa otro veh\u00edculo P398JCS marca BMW l\u00ednea M5, color gris, modelo 2020, que tambi\u00e9n cuenta con reporte de hurto de fecha 12 de marzo de 2026, siendo reconocido por el propietario.<\/p>\n\n\n\n<p>Las investigaciones del caso contin\u00faan para verificar si los detenidos pertenecen a una banda de robacarros de alta gama; los detenidos fueron puesto a disposici\u00f3n de juez competente para aclarar los hechos.<\/p>\n\n\n\n<p><a href=\"https:\/\/www.facebook.com\/hashtag\/pncdeguatemala?__eep__=6&amp;__cft__[0]=AZbNT4qcUATRbEZYD3e-YS6Aq8dzeFRkBrK_SWMQ6gQxuqSbTgzn6PvBO8tAYu1AS5x_652HUIbDHRYjwLBv-RF2tbvtpI7Jumpsa_ZLUAWbE_JY1HzyXaqz7c_tf1Qhpe7btmcPTLivBDmdDEG687kvPkGpgfMdR0Fb5E3vruwgGwshfEE47D2s-4O96AWEf9A&amp;__tn__=*NK-R\">#PNCdeGuatemala<\/a><a href=\"https:\/\/www.facebook.com\/hashtag\/jocotillo?__eep__=6&amp;__cft__[0]=AZbNT4qcUATRbEZYD3e-YS6Aq8dzeFRkBrK_SWMQ6gQxuqSbTgzn6PvBO8tAYu1AS5x_652HUIbDHRYjwLBv-RF2tbvtpI7Jumpsa_ZLUAWbE_JY1HzyXaqz7c_tf1Qhpe7btmcPTLivBDmdDEG687kvPkGpgfMdR0Fb5E3vruwgGwshfEE47D2s-4O96AWEf9A&amp;__tn__=*NK-R\">#Jocotillo<\/a> <a href=\"https:\/\/www.facebook.com\/hashtag\/seguridadcontransparencia?__eep__=6&amp;__cft__[0]=AZbNT4qcUATRbEZYD3e-YS6Aq8dzeFRkBrK_SWMQ6gQxuqSbTgzn6PvBO8tAYu1AS5x_652HUIbDHRYjwLBv-RF2tbvtpI7Jumpsa_ZLUAWbE_JY1HzyXaqz7c_tf1Qhpe7btmcPTLivBDmdDEG687kvPkGpgfMdR0Fb5E3vruwgGwshfEE47D2s-4O96AWEf9A&amp;__tn__=*NK-R\">#SeguridadConTransparencia<\/a> <a href=\"https:\/\/www.facebook.com\/hashtag\/protegeryservir?__eep__=6&amp;__cft__[0]=AZbNT4qcUATRbEZYD3e-YS6Aq8dzeFRkBrK_SWMQ6gQxuqSbTgzn6PvBO8tAYu1AS5x_652HUIbDHRYjwLBv-RF2tbvtpI7Jumpsa_ZLUAWbE_JY1HzyXaqz7c_tf1Qhpe7btmcPTLivBDmdDEG687kvPkGpgfMdR0Fb5E3vruwgGwshfEE47D2s-4O96AWEf9A&amp;__tn__=*NK-R\">#ProtegerYServir<\/a><\/p>\n\n\n\n<figure class=\"wp-block-gallery has-nested-images columns-default is-cropped wp-block-gallery-1 is-layout-flex wp-block-gallery-is-layout-flex\">\n<figure class=\"wp-block-image size-large\"><img loading=\"lazy\" decoding=\"async\" width=\"1024\" height=\"768\" data-id=\"124064\" src=\"https:\/\/elmetropolitano.com.gt\/es\/wp-content\/uploads\/2026\/03\/652184075_1490429163083162_6050948260741854141_n-1024x768.jpg\" alt=\"\" class=\"wp-image-124064\" srcset=\"https:\/\/elmetropolitano.com.gt\/es\/wp-content\/uploads\/2026\/03\/652184075_1490429163083162_6050948260741854141_n-1024x768.jpg 1024w, https:\/\/elmetropolitano.com.gt\/es\/wp-content\/uploads\/2026\/03\/652184075_1490429163083162_6050948260741854141_n-300x225.jpg 300w, https:\/\/elmetropolitano.com.gt\/es\/wp-content\/uploads\/2026\/03\/652184075_1490429163083162_6050948260741854141_n-768x576.jpg 768w, https:\/\/elmetropolitano.com.gt\/es\/wp-content\/uploads\/2026\/03\/652184075_1490429163083162_6050948260741854141_n.jpg 1280w\" sizes=\"auto, (max-width: 1024px) 100vw, 1024px\" \/><\/figure>\n\n\n\n<figure class=\"wp-block-image size-large\"><img loading=\"lazy\" decoding=\"async\" width=\"960\" height=\"720\" data-id=\"124063\" src=\"https:\/\/elmetropolitano.com.gt\/es\/wp-content\/uploads\/2026\/03\/652622157_1490429023083176_451853703546151999_n-1.jpg\" alt=\"\" class=\"wp-image-124063\" srcset=\"https:\/\/elmetropolitano.com.gt\/es\/wp-content\/uploads\/2026\/03\/652622157_1490429023083176_451853703546151999_n-1.jpg 960w, https:\/\/elmetropolitano.com.gt\/es\/wp-content\/uploads\/2026\/03\/652622157_1490429023083176_451853703546151999_n-1-300x225.jpg 300w, https:\/\/elmetropolitano.com.gt\/es\/wp-content\/uploads\/2026\/03\/652622157_1490429023083176_451853703546151999_n-1-768x576.jpg 768w\" sizes=\"auto, (max-width: 960px) 100vw, 960px\" \/><\/figure>\n\n\n\n<figure class=\"wp-block-image size-large\"><img loading=\"lazy\" decoding=\"async\" width=\"960\" height=\"720\" data-id=\"124061\" src=\"https:\/\/elmetropolitano.com.gt\/es\/wp-content\/uploads\/2026\/03\/653795627_1490429083083170_6479970459323457265_n.jpg\" alt=\"\" class=\"wp-image-124061\" srcset=\"https:\/\/elmetropolitano.com.gt\/es\/wp-content\/uploads\/2026\/03\/653795627_1490429083083170_6479970459323457265_n.jpg 960w, https:\/\/elmetropolitano.com.gt\/es\/wp-content\/uploads\/2026\/03\/653795627_1490429083083170_6479970459323457265_n-300x225.jpg 300w, https:\/\/elmetropolitano.com.gt\/es\/wp-content\/uploads\/2026\/03\/653795627_1490429083083170_6479970459323457265_n-768x576.jpg 768w\" sizes=\"auto, (max-width: 960px) 100vw, 960px\" \/><\/figure>\n\n\n\n<figure class=\"wp-block-image size-large\"><img loading=\"lazy\" decoding=\"async\" width=\"845\" height=\"580\" data-id=\"124062\" src=\"https:\/\/elmetropolitano.com.gt\/es\/wp-content\/uploads\/2026\/03\/652307482_1490429033083175_3964622691664940682_n.jpg\" alt=\"\" class=\"wp-image-124062\" srcset=\"https:\/\/elmetropolitano.com.gt\/es\/wp-content\/uploads\/2026\/03\/652307482_1490429033083175_3964622691664940682_n.jpg 845w, https:\/\/elmetropolitano.com.gt\/es\/wp-content\/uploads\/2026\/03\/652307482_1490429033083175_3964622691664940682_n-300x206.jpg 300w, https:\/\/elmetropolitano.com.gt\/es\/wp-content\/uploads\/2026\/03\/652307482_1490429033083175_3964622691664940682_n-768x527.jpg 768w\" sizes=\"auto, (max-width: 845px) 100vw, 845px\" \/><\/figure>\n<\/figure>\n","protected":false},"excerpt":{"rendered":"<p>Investigadores de la DEIC-SGIC montaron un operativo de control y vigilancia en el kil\u00f3metro 42.5 calle El Lim\u00f3n, El Jocotillo, Villa Canales, donde recuperaron dos veh\u00edculos robados y se captura a dos presuntos robacarros quienes llevaban dos veh\u00edculos de lujo robados y otro veh\u00edculo m\u00e1s recuperado. Los detenidos son Edgar de 27 a\u00f1os y Joan <a class=\"read-more\" href=\"https:\/\/elmetropolitano.com.gt\/es\/pnc-recupera-en-villa-canales-lujosos-vehiculos-hurtados-y-captura-a-dos-presuntos-robacarros\/\">Leer m\u00e1s<\/a><\/p>\n","protected":false},"author":1,"featured_media":124060,"comment_status":"open","ping_status":"closed","sticky":false,"template":"","format":"standard","meta":{"footnotes":""},"categories":[2],"tags":[12],"class_list":["post-124059","post","type-post","status-publish","format-standard","has-post-thumbnail","hentry","category-nacionales","tag-nacionales"],"_links":{"self":[{"href":"https:\/\/elmetropolitano.com.gt\/es\/wp-json\/wp\/v2\/posts\/124059","targetHints":{"allow":["GET"]}}],"collection":[{"href":"https:\/\/elmetropolitano.com.gt\/es\/wp-json\/wp\/v2\/posts"}],"about":[{"href":"https:\/\/elmetropolitano.com.gt\/es\/wp-json\/wp\/v2\/types\/post"}],"author":[{"embeddable":true,"href":"https:\/\/elmetropolitano.com.gt\/es\/wp-json\/wp\/v2\/users\/1"}],"replies":[{"embeddable":true,"href":"https:\/\/elmetropolitano.com.gt\/es\/wp-json\/wp\/v2\/comments?post=124059"}],"version-history":[{"count":1,"href":"https:\/\/elmetropolitano.com.gt\/es\/wp-json\/wp\/v2\/posts\/124059\/revisions"}],"predecessor-version":[{"id":124065,"href":"https:\/\/elmetropolitano.com.gt\/es\/wp-json\/wp\/v2\/posts\/124059\/revisions\/124065"}],"wp:featuredmedia":[{"embeddable":true,"href":"https:\/\/elmetropolitano.com.gt\/es\/wp-json\/wp\/v2\/media\/124060"}],"wp:attachment":[{"href":"https:\/\/elmetropolitano.com.gt\/es\/wp-json\/wp\/v2\/media?parent=124059"}],"wp:term":[{"taxonomy":"category","embeddable":true,"href":"https:\/\/elmetropolitano.com.gt\/es\/wp-json\/wp\/v2\/categories?post=124059"},{"taxonomy":"post_tag","embeddable":true,"href":"https:\/\/elmetropolitano.com.gt\/es\/wp-json\/wp\/v2\/tags?post=124059"}],"curies":[{"name":"wp","href":"https:\/\/api.w.org\/{rel}","templated":true}]}}