{"id":124066,"date":"2026-03-18T08:36:10","date_gmt":"2026-03-18T14:36:10","guid":{"rendered":"https:\/\/elmetropolitano.com.gt\/es\/?p=124066"},"modified":"2026-03-18T08:36:11","modified_gmt":"2026-03-18T14:36:11","slug":"guatemala-pide-fortalecer-la-cooperacion-en-sanidad-agropecuaria-al-asumir-presidencia-del-cirsa","status":"publish","type":"post","link":"https:\/\/elmetropolitano.com.gt\/es\/guatemala-pide-fortalecer-la-cooperacion-en-sanidad-agropecuaria-al-asumir-presidencia-del-cirsa\/","title":{"rendered":"Guatemala pide fortalecer la cooperaci\u00f3n en sanidad agropecuaria al asumir presidencia del CIRSA"},"content":{"rendered":"\n<p>El fortalecimiento de la cooperaci\u00f3n regional para enfrentar los desaf\u00edos sanitarios que afectan al sector agropecuario, fue el mensaje que dio Mar\u00eda Fernanda Rivera D\u00e1vila, ministra de Agricultura, Ganader\u00eda y Alimentaci\u00f3n de Guatemala, al asumir en nombre del Gobierno, la presidencia del Comit\u00e9 Internacional Regional de Sanidad Agropecuaria (CIRSA), cuya 73\u00aa Reuni\u00f3n Ordinaria se desarrolla en la capital guatemalteca.<\/p>\n\n\n\n<p>Rivera D\u00e1vila subray\u00f3 en su intervenci\u00f3n que la sanidad agropecuaria trasciende fronteras, por lo que requiere un trabajo coordinado entre los pa\u00edses de la regi\u00f3n. \u201cSolo por medio de la cooperaci\u00f3n regional podemos proteger los sistemas productivos, las econom\u00edas rurales y la seguridad alimentaria de millones de familias\u201d, afirm\u00f3.<\/p><div class=\"elmet-contenido\" id=\"elmet-1734642809\"><div class=\"elmet-adlabel\">Anuncios<\/div><div style=\"margin-top: 20px;margin-right: 20px;margin-bottom: 20px;margin-left: 20px;\" id=\"elmet-53611540\"><a href=\"https:\/\/www.facebook.com\/arrincuanantigua\/\" aria-label=\"cintillo-arrin-cual\"><img loading=\"lazy\" decoding=\"async\" src=\"https:\/\/elmetropolitano.com.gt\/es\/wp-content\/uploads\/2021\/11\/cintillo-arrin-cual-1.jpg\" alt=\"\"  srcset=\"https:\/\/elmetropolitano.com.gt\/es\/wp-content\/uploads\/2021\/11\/cintillo-arrin-cual-1.jpg 750w, https:\/\/elmetropolitano.com.gt\/es\/wp-content\/uploads\/2021\/11\/cintillo-arrin-cual-1-300x36.jpg 300w, https:\/\/elmetropolitano.com.gt\/es\/wp-content\/uploads\/2021\/11\/cintillo-arrin-cual-1-600x72.jpg 600w\" sizes=\"(max-width: 750px) 100vw, 750px\" width=\"750\" height=\"90\"   \/><\/a><\/div><\/div>\n\n\n\n<p>Hizo \u00e9nfasis en que Guatemala asume la responsabilidad con el firme compromiso de fortalecer la integraci\u00f3n sanitaria regional y promover acciones conjuntas frente a los riesgos emergentes que impactan la producci\u00f3n agr\u00edcola y pecuaria.<\/p>\n\n\n\n<p>La ministra advirti\u00f3 que la regi\u00f3n enfrenta retos cada vez m\u00e1s complejos, entre ellos los efectos del cambio clim\u00e1tico, el incremento del comercio internacional y la constante aparici\u00f3n de plagas y enfermedades.<\/p>\n\n\n\n<p>En ese contexto, hizo referencia a la amenaza que representa el hongo Fusarium oxysporum Raza 4 Tropical, que afecta cultivos como el banano y el pl\u00e1tano, as\u00ed como enfermedades transfronterizas en el \u00e1mbito pecuario.<\/p>\n\n\n\n<p>Frente a este panorama, resalt\u00f3 la necesidad de fortalecer los sistemas sanitarios mediante el intercambio de informaci\u00f3n cient\u00edfica y la coordinaci\u00f3n de acciones. \u201cEl trabajo conjunto permite anticipar riesgos y brindar una respuesta con mayor eficacia\u201d, se\u00f1al\u00f3.<\/p>\n\n\n\n<p>Reconoci\u00f3 el rol del Organismo Internacional Regional de Sanidad Agropecuaria (OIRSA) por el acompa\u00f1amiento t\u00e9cnico que brinda a los pa\u00edses, lo que contribuye a consolidar una red regional de vigilancia y cooperaci\u00f3n en materia sanitaria.<\/p>\n\n\n\n<p>Tambi\u00e9n destac\u00f3 que detr\u00e1s de las pol\u00edticas sanitarias, existen miles de familias que dependen directamente del buen estado de sus cultivos y animales. \u201cFortalecer la sanidad agropecuaria es tambi\u00e9n una forma de proteger el bienestar de las comunidades rurales\u201d, expres\u00f3.<\/p>\n\n\n\n<p>Finalmente indic\u00f3 que, durante la presidencia de Guatemala en el CIRSA, se impulsar\u00e1n acciones orientadas a fortalecer la cooperaci\u00f3n regional, modernizar los servicios sanitarios y promover el uso de innovaci\u00f3n tecnol\u00f3gica para mejorar los sistemas de vigilancia y alerta temprana.<\/p>\n\n\n\n<p>La actividad re\u00fane a las autoridades y representantes de pa\u00edses de la regi\u00f3n, quienes analizan estrategias conjuntas para proteger la sanidad agropecuaria y garantizar la seguridad alimentaria en Centroam\u00e9rica y el Caribe.<\/p>\n\n\n\n<p><a href=\"https:\/\/www.facebook.com\/hashtag\/elagrochapin?__eep__=6&amp;__cft__[0]=AZZwt5ZQcln91pOE79thKFulQGHlXCstIIydkIZ_oVFPlAyKtFtZYEQ8csiqO3zjgctXG3w3XF37iNheoOOck63T3BKLqVyclh65lxHQ8FV6mC7DWfI66M3i7lRtckqT_sbSq_HRGzZky-rij-cjllRnHX8fTqb9yLPXeEVrq8GCsMAXst3ks1HEDCZ1EEOuP64&amp;__tn__=*NK-R\">#Elagrochapin<\/a><a href=\"https:\/\/www.facebook.com\/hashtag\/maga?__eep__=6&amp;__cft__[0]=AZZwt5ZQcln91pOE79thKFulQGHlXCstIIydkIZ_oVFPlAyKtFtZYEQ8csiqO3zjgctXG3w3XF37iNheoOOck63T3BKLqVyclh65lxHQ8FV6mC7DWfI66M3i7lRtckqT_sbSq_HRGzZky-rij-cjllRnHX8fTqb9yLPXeEVrq8GCsMAXst3ks1HEDCZ1EEOuP64&amp;__tn__=*NK-R\">#Maga<\/a><a href=\"https:\/\/www.facebook.com\/hashtag\/cirsa?__eep__=6&amp;__cft__[0]=AZZwt5ZQcln91pOE79thKFulQGHlXCstIIydkIZ_oVFPlAyKtFtZYEQ8csiqO3zjgctXG3w3XF37iNheoOOck63T3BKLqVyclh65lxHQ8FV6mC7DWfI66M3i7lRtckqT_sbSq_HRGzZky-rij-cjllRnHX8fTqb9yLPXeEVrq8GCsMAXst3ks1HEDCZ1EEOuP64&amp;__tn__=*NK-R\">#Cirsa<\/a><a href=\"https:\/\/www.facebook.com\/hashtag\/oirsa?__eep__=6&amp;__cft__[0]=AZZwt5ZQcln91pOE79thKFulQGHlXCstIIydkIZ_oVFPlAyKtFtZYEQ8csiqO3zjgctXG3w3XF37iNheoOOck63T3BKLqVyclh65lxHQ8FV6mC7DWfI66M3i7lRtckqT_sbSq_HRGzZky-rij-cjllRnHX8fTqb9yLPXeEVrq8GCsMAXst3ks1HEDCZ1EEOuP64&amp;__tn__=*NK-R\">#OIRSA<\/a><\/p>\n\n\n\n<figure class=\"wp-block-gallery has-nested-images columns-default is-cropped wp-block-gallery-1 is-layout-flex wp-block-gallery-is-layout-flex\">\n<figure class=\"wp-block-image size-large\"><img loading=\"lazy\" decoding=\"async\" width=\"1024\" height=\"683\" data-id=\"124069\" src=\"https:\/\/elmetropolitano.com.gt\/es\/wp-content\/uploads\/2026\/03\/651704664_1490674869725258_4123110434774791073_n-1024x683.jpg\" alt=\"\" class=\"wp-image-124069\" srcset=\"https:\/\/elmetropolitano.com.gt\/es\/wp-content\/uploads\/2026\/03\/651704664_1490674869725258_4123110434774791073_n-1024x683.jpg 1024w, https:\/\/elmetropolitano.com.gt\/es\/wp-content\/uploads\/2026\/03\/651704664_1490674869725258_4123110434774791073_n-300x200.jpg 300w, https:\/\/elmetropolitano.com.gt\/es\/wp-content\/uploads\/2026\/03\/651704664_1490674869725258_4123110434774791073_n-768x512.jpg 768w, https:\/\/elmetropolitano.com.gt\/es\/wp-content\/uploads\/2026\/03\/651704664_1490674869725258_4123110434774791073_n.jpg 1200w\" sizes=\"auto, (max-width: 1024px) 100vw, 1024px\" \/><\/figure>\n\n\n\n<figure class=\"wp-block-image size-large\"><img loading=\"lazy\" decoding=\"async\" width=\"1024\" height=\"683\" data-id=\"124068\" src=\"https:\/\/elmetropolitano.com.gt\/es\/wp-content\/uploads\/2026\/03\/651744469_1490674826391929_2039145025618529522_n-1-1024x683.jpg\" alt=\"\" class=\"wp-image-124068\" srcset=\"https:\/\/elmetropolitano.com.gt\/es\/wp-content\/uploads\/2026\/03\/651744469_1490674826391929_2039145025618529522_n-1-1024x683.jpg 1024w, https:\/\/elmetropolitano.com.gt\/es\/wp-content\/uploads\/2026\/03\/651744469_1490674826391929_2039145025618529522_n-1-300x200.jpg 300w, https:\/\/elmetropolitano.com.gt\/es\/wp-content\/uploads\/2026\/03\/651744469_1490674826391929_2039145025618529522_n-1-768x512.jpg 768w, https:\/\/elmetropolitano.com.gt\/es\/wp-content\/uploads\/2026\/03\/651744469_1490674826391929_2039145025618529522_n-1.jpg 1040w\" sizes=\"auto, (max-width: 1024px) 100vw, 1024px\" \/><\/figure>\n\n\n\n<figure class=\"wp-block-image size-large\"><img loading=\"lazy\" decoding=\"async\" width=\"1024\" height=\"682\" data-id=\"124071\" src=\"https:\/\/elmetropolitano.com.gt\/es\/wp-content\/uploads\/2026\/03\/651752751_1490674873058591_7579452805749808255_n-1024x682.jpg\" alt=\"\" class=\"wp-image-124071\" srcset=\"https:\/\/elmetropolitano.com.gt\/es\/wp-content\/uploads\/2026\/03\/651752751_1490674873058591_7579452805749808255_n-1024x682.jpg 1024w, https:\/\/elmetropolitano.com.gt\/es\/wp-content\/uploads\/2026\/03\/651752751_1490674873058591_7579452805749808255_n-300x200.jpg 300w, https:\/\/elmetropolitano.com.gt\/es\/wp-content\/uploads\/2026\/03\/651752751_1490674873058591_7579452805749808255_n-768x512.jpg 768w, https:\/\/elmetropolitano.com.gt\/es\/wp-content\/uploads\/2026\/03\/651752751_1490674873058591_7579452805749808255_n.jpg 1280w\" sizes=\"auto, (max-width: 1024px) 100vw, 1024px\" \/><\/figure>\n\n\n\n<figure class=\"wp-block-image size-large\"><img loading=\"lazy\" decoding=\"async\" width=\"1024\" height=\"682\" data-id=\"124070\" src=\"https:\/\/elmetropolitano.com.gt\/es\/wp-content\/uploads\/2026\/03\/652288246_1490674816391930_6525270297390184335_n-1024x682.jpg\" alt=\"\" class=\"wp-image-124070\" srcset=\"https:\/\/elmetropolitano.com.gt\/es\/wp-content\/uploads\/2026\/03\/652288246_1490674816391930_6525270297390184335_n-1024x682.jpg 1024w, https:\/\/elmetropolitano.com.gt\/es\/wp-content\/uploads\/2026\/03\/652288246_1490674816391930_6525270297390184335_n-300x200.jpg 300w, https:\/\/elmetropolitano.com.gt\/es\/wp-content\/uploads\/2026\/03\/652288246_1490674816391930_6525270297390184335_n-768x512.jpg 768w, https:\/\/elmetropolitano.com.gt\/es\/wp-content\/uploads\/2026\/03\/652288246_1490674816391930_6525270297390184335_n.jpg 1280w\" sizes=\"auto, (max-width: 1024px) 100vw, 1024px\" \/><\/figure>\n\n\n\n<figure class=\"wp-block-image size-large\"><img loading=\"lazy\" decoding=\"async\" width=\"1024\" height=\"682\" data-id=\"124072\" src=\"https:\/\/elmetropolitano.com.gt\/es\/wp-content\/uploads\/2026\/03\/653807732_1490674896391922_8815864435106578744_n-1024x682.jpg\" alt=\"\" class=\"wp-image-124072\" srcset=\"https:\/\/elmetropolitano.com.gt\/es\/wp-content\/uploads\/2026\/03\/653807732_1490674896391922_8815864435106578744_n-1024x682.jpg 1024w, https:\/\/elmetropolitano.com.gt\/es\/wp-content\/uploads\/2026\/03\/653807732_1490674896391922_8815864435106578744_n-300x200.jpg 300w, https:\/\/elmetropolitano.com.gt\/es\/wp-content\/uploads\/2026\/03\/653807732_1490674896391922_8815864435106578744_n-768x512.jpg 768w, https:\/\/elmetropolitano.com.gt\/es\/wp-content\/uploads\/2026\/03\/653807732_1490674896391922_8815864435106578744_n.jpg 1280w\" sizes=\"auto, (max-width: 1024px) 100vw, 1024px\" \/><\/figure>\n<\/figure>\n","protected":false},"excerpt":{"rendered":"<p>El fortalecimiento de la cooperaci\u00f3n regional para enfrentar los desaf\u00edos sanitarios que afectan al sector agropecuario, fue el mensaje que dio Mar\u00eda Fernanda Rivera D\u00e1vila, ministra de Agricultura, Ganader\u00eda y Alimentaci\u00f3n de Guatemala, al asumir en nombre del Gobierno, la presidencia del Comit\u00e9 Internacional Regional de Sanidad Agropecuaria (CIRSA), cuya 73\u00aa Reuni\u00f3n Ordinaria se desarrolla <a class=\"read-more\" href=\"https:\/\/elmetropolitano.com.gt\/es\/guatemala-pide-fortalecer-la-cooperacion-en-sanidad-agropecuaria-al-asumir-presidencia-del-cirsa\/\">Leer m\u00e1s<\/a><\/p>\n","protected":false},"author":1,"featured_media":124067,"comment_status":"open","ping_status":"closed","sticky":false,"template":"","format":"standard","meta":{"footnotes":""},"categories":[2],"tags":[12],"class_list":["post-124066","post","type-post","status-publish","format-standard","has-post-thumbnail","hentry","category-nacionales","tag-nacionales"],"_links":{"self":[{"href":"https:\/\/elmetropolitano.com.gt\/es\/wp-json\/wp\/v2\/posts\/124066","targetHints":{"allow":["GET"]}}],"collection":[{"href":"https:\/\/elmetropolitano.com.gt\/es\/wp-json\/wp\/v2\/posts"}],"about":[{"href":"https:\/\/elmetropolitano.com.gt\/es\/wp-json\/wp\/v2\/types\/post"}],"author":[{"embeddable":true,"href":"https:\/\/elmetropolitano.com.gt\/es\/wp-json\/wp\/v2\/users\/1"}],"replies":[{"embeddable":true,"href":"https:\/\/elmetropolitano.com.gt\/es\/wp-json\/wp\/v2\/comments?post=124066"}],"version-history":[{"count":1,"href":"https:\/\/elmetropolitano.com.gt\/es\/wp-json\/wp\/v2\/posts\/124066\/revisions"}],"predecessor-version":[{"id":124073,"href":"https:\/\/elmetropolitano.com.gt\/es\/wp-json\/wp\/v2\/posts\/124066\/revisions\/124073"}],"wp:featuredmedia":[{"embeddable":true,"href":"https:\/\/elmetropolitano.com.gt\/es\/wp-json\/wp\/v2\/media\/124067"}],"wp:attachment":[{"href":"https:\/\/elmetropolitano.com.gt\/es\/wp-json\/wp\/v2\/media?parent=124066"}],"wp:term":[{"taxonomy":"category","embeddable":true,"href":"https:\/\/elmetropolitano.com.gt\/es\/wp-json\/wp\/v2\/categories?post=124066"},{"taxonomy":"post_tag","embeddable":true,"href":"https:\/\/elmetropolitano.com.gt\/es\/wp-json\/wp\/v2\/tags?post=124066"}],"curies":[{"name":"wp","href":"https:\/\/api.w.org\/{rel}","templated":true}]}}