{"id":124074,"date":"2026-03-18T08:46:47","date_gmt":"2026-03-18T14:46:47","guid":{"rendered":"https:\/\/elmetropolitano.com.gt\/es\/?p=124074"},"modified":"2026-03-18T08:46:49","modified_gmt":"2026-03-18T14:46:49","slug":"procurador-julio-saavedra-fallo-de-la-cc-valida-acciones-legales-contra-el-steg","status":"publish","type":"post","link":"https:\/\/elmetropolitano.com.gt\/es\/procurador-julio-saavedra-fallo-de-la-cc-valida-acciones-legales-contra-el-steg\/","title":{"rendered":"Procurador Julio Saavedra: \u201cFallo de la CC valida acciones legales contra el STEG\u00bb"},"content":{"rendered":"\n<p>El procurador general de la Naci\u00f3n, Julio Saavedra, en entrevista con la Agencia Guatemalteca de Noticias se refiri\u00f3 a las recientes resoluciones de la Corte de Constitucionalidad (CC) a favor del Ministerio de Educaci\u00f3n (Mineduc), en el marco del conflicto con el Sindicato de Trabajadoras y Trabajadores de la Educaci\u00f3n de Guatemala (STEG).<\/p>\n\n\n\n<p>Seg\u00fan Saavedra, las decisiones del m\u00e1ximo tribunal constitucional validan las acciones legales emprendidas por la Procuradur\u00eda General de la Naci\u00f3n (PGN) en defensa de los intereses del Estado.<\/p><div class=\"elmet-contenido\" id=\"elmet-2763278868\"><div class=\"elmet-adlabel\">Anuncios<\/div><div style=\"margin-top: 20px;margin-right: 20px;margin-bottom: 20px;margin-left: 20px;\" id=\"elmet-1244738373\"><a href=\"https:\/\/www.facebook.com\/arrincuanantigua\/\" aria-label=\"cintillo-arrin-cual\"><img loading=\"lazy\" decoding=\"async\" src=\"https:\/\/elmetropolitano.com.gt\/es\/wp-content\/uploads\/2021\/11\/cintillo-arrin-cual-1.jpg\" alt=\"\"  srcset=\"https:\/\/elmetropolitano.com.gt\/es\/wp-content\/uploads\/2021\/11\/cintillo-arrin-cual-1.jpg 750w, https:\/\/elmetropolitano.com.gt\/es\/wp-content\/uploads\/2021\/11\/cintillo-arrin-cual-1-300x36.jpg 300w, https:\/\/elmetropolitano.com.gt\/es\/wp-content\/uploads\/2021\/11\/cintillo-arrin-cual-1-600x72.jpg 600w\" sizes=\"(max-width: 750px) 100vw, 750px\" width=\"750\" height=\"90\"   \/><\/a><\/div><\/div>\n\n\n\n<p>El funcionario explic\u00f3 que, por instrucciones de la ministra de Educaci\u00f3n, Anabella Giracca, la PGN promovi\u00f3 un total de 11 acciones constitucionales el a\u00f1o pasado, entre ellas varios amparos relacionados con las medidas impulsadas por el sindicato.<\/p>\n\n\n\n<p>De acuerdo con Saavedra, una de las sentencias emitidas declar\u00f3 ilegal la convocatoria realizada por el comit\u00e9 ejecutivo del STEG a una asamblea permanente, al considerar que esta figura funcionaba como un eufemismo para una huelga.<\/p>\n\n\n\n<p>El tribunal fue contundente al se\u00f1alar que esta convocatoria no pod\u00eda sostenerse, especialmente en un contexto donde exist\u00eda una negociaci\u00f3n directa entre el sindicato y el Ministerio de Educaci\u00f3n.<\/p>\n\n\n\n<p>CC confirma legalidad y sanciones<\/p>\n\n\n\n<p>El procurador destac\u00f3 que la CC ratific\u00f3 recientemente lo actuado en el proceso, respaldando las decisiones previas y confirmando sanciones econ\u00f3micas.<\/p>\n\n\n\n<p>En ese sentido, se mantiene una multa de 4 mil quetzales para cada uno de los 860 directores de secciones y subsecciones, as\u00ed como para el comit\u00e9 ejecutivo sindical involucrado.<\/p>\n\n\n\n<p>Adem\u00e1s, la CC orden\u00f3 trasladar una certificaci\u00f3n al Ministerio P\u00fablico para que se investigue posibles responsabilidades derivadas de estas acciones.<\/p>\n\n\n\n<p>Esto otorga reconocimiento de legalidad y validez desde el \u00e1mbito constitucional a todo lo actuado y refuerza que la conducta del sindicato fue contraria a derecho.<\/p>\n\n\n\n<p>Emplazamiento declarado improcedente<\/p>\n\n\n\n<p>En otro punto, el titular de la PGN se refiri\u00f3 a la resoluci\u00f3n de un juzgado de trabajo que declar\u00f3 improcedente un emplazamiento promovido por un grupo alterno dentro del mismo sindicato.<\/p>\n\n\n\n<p>Seg\u00fan explic\u00f3, este grupo, conformado como comit\u00e9, present\u00f3 peticiones id\u00e9nticas a las del STEG, generando lo que calific\u00f3 como un doble frente de conflicto.<\/p>\n\n\n\n<p>Tanto el Mineduc como la PGN impugnaron esta acci\u00f3n mediante una figura legal conocida como cuesti\u00f3n previa, argumentando que el proceso era ilegal.<\/p>\n\n\n\n<p>El fallo judicial tambi\u00e9n orden\u00f3 levantar las restricciones que pesaban sobre el Ministerio de Educaci\u00f3n, entre ellas la imposibilidad de hacer despidos sin autorizaci\u00f3n judicial previa.<\/p>\n\n\n\n<p>Estas medidas, indic\u00f3 Saavedra, afectaban directamente la operatividad de la instituci\u00f3n, por lo que su eliminaci\u00f3n representa un avance en la gesti\u00f3n administrativa.<\/p>\n\n\n\n<p>El tribunal dio la raz\u00f3n a la Procuradur\u00eda y al Ministerio de Educaci\u00f3n, poniendo fin a este conflicto y validando que lo actuado no solo es legal, sino correcto.<\/p>\n\n\n\n<p>Las resoluciones judiciales consolidan la postura del Gobierno en torno al conflicto sindical y refuerzan el marco legal bajo el cual deben desarrollarse las negociaciones laborales en el sector educativo guatemalteco.<\/p>\n\n\n\n<p>Texto Lincy Rodr\u00edguez<\/p>\n\n\n\n<p>#CC #Magisterio #STEG #metroredes <a href=\"http:\/\/www.elmetropolitano.com.gt\">www.elmetropolitano.com.gt<\/a> <a href=\"http:\/\/www.metroredes.com\">www.metroredes.com<\/a> <a href=\"http:\/\/www.elescuintleco.com\">www.elescuintleco.com<\/a><\/p>\n","protected":false},"excerpt":{"rendered":"<p>El procurador general de la Naci\u00f3n, Julio Saavedra, en entrevista con la Agencia Guatemalteca de Noticias se refiri\u00f3 a las recientes resoluciones de la Corte de Constitucionalidad (CC) a favor del Ministerio de Educaci\u00f3n (Mineduc), en el marco del conflicto con el Sindicato de Trabajadoras y Trabajadores de la Educaci\u00f3n de Guatemala (STEG). Seg\u00fan Saavedra, <a class=\"read-more\" href=\"https:\/\/elmetropolitano.com.gt\/es\/procurador-julio-saavedra-fallo-de-la-cc-valida-acciones-legales-contra-el-steg\/\">Leer m\u00e1s<\/a><\/p>\n","protected":false},"author":1,"featured_media":124075,"comment_status":"open","ping_status":"closed","sticky":false,"template":"","format":"standard","meta":{"footnotes":""},"categories":[2],"tags":[12],"class_list":["post-124074","post","type-post","status-publish","format-standard","has-post-thumbnail","hentry","category-nacionales","tag-nacionales"],"_links":{"self":[{"href":"https:\/\/elmetropolitano.com.gt\/es\/wp-json\/wp\/v2\/posts\/124074","targetHints":{"allow":["GET"]}}],"collection":[{"href":"https:\/\/elmetropolitano.com.gt\/es\/wp-json\/wp\/v2\/posts"}],"about":[{"href":"https:\/\/elmetropolitano.com.gt\/es\/wp-json\/wp\/v2\/types\/post"}],"author":[{"embeddable":true,"href":"https:\/\/elmetropolitano.com.gt\/es\/wp-json\/wp\/v2\/users\/1"}],"replies":[{"embeddable":true,"href":"https:\/\/elmetropolitano.com.gt\/es\/wp-json\/wp\/v2\/comments?post=124074"}],"version-history":[{"count":1,"href":"https:\/\/elmetropolitano.com.gt\/es\/wp-json\/wp\/v2\/posts\/124074\/revisions"}],"predecessor-version":[{"id":124076,"href":"https:\/\/elmetropolitano.com.gt\/es\/wp-json\/wp\/v2\/posts\/124074\/revisions\/124076"}],"wp:featuredmedia":[{"embeddable":true,"href":"https:\/\/elmetropolitano.com.gt\/es\/wp-json\/wp\/v2\/media\/124075"}],"wp:attachment":[{"href":"https:\/\/elmetropolitano.com.gt\/es\/wp-json\/wp\/v2\/media?parent=124074"}],"wp:term":[{"taxonomy":"category","embeddable":true,"href":"https:\/\/elmetropolitano.com.gt\/es\/wp-json\/wp\/v2\/categories?post=124074"},{"taxonomy":"post_tag","embeddable":true,"href":"https:\/\/elmetropolitano.com.gt\/es\/wp-json\/wp\/v2\/tags?post=124074"}],"curies":[{"name":"wp","href":"https:\/\/api.w.org\/{rel}","templated":true}]}}