{"id":124227,"date":"2026-03-21T11:39:58","date_gmt":"2026-03-21T17:39:58","guid":{"rendered":"https:\/\/elmetropolitano.com.gt\/es\/?p=124227"},"modified":"2026-03-21T11:40:00","modified_gmt":"2026-03-21T17:40:00","slug":"leyes-para-aliviar-precio-de-gasolinas-a-estudio-en-instancia-de-jefes-de-bloque","status":"publish","type":"post","link":"https:\/\/elmetropolitano.com.gt\/es\/leyes-para-aliviar-precio-de-gasolinas-a-estudio-en-instancia-de-jefes-de-bloque\/","title":{"rendered":"Leyes para aliviar precio de gasolinas a estudio en instancia de jefes de bloque"},"content":{"rendered":"\n<p>El Presidente del Congreso de la Rep\u00fablica , diputado del Partido Creo Luis Contreras anunci\u00f3 que el pr\u00f3ximo mi\u00e9rcoles 25 de marzo se llevar\u00e1 a cabo una reuni\u00f3n de la Instancia de Jefes de Bloque con la participaci\u00f3n de los ministros de Finanzas P\u00fablicas, Energ\u00eda y Minas, y Econom\u00eda, adem\u00e1s del Superintendente de la SAT.<\/p>\n\n\n\n<p>Con el prop\u00f3sito de analizar las diferentes iniciativas de ley que han sido presentadas y tienen por objetivo aliviar el bolsillo de los guatemaltecos ante el alza en los precios de los combustibles y as\u00ed alcanzar los consensos necesarios para generar una propuesta viable para apoyar directamente la econom\u00eda.<\/p><div class=\"elmet-contenido\" id=\"elmet-2422886172\"><div class=\"elmet-adlabel\">Anuncios<\/div><div style=\"margin-top: 20px;margin-right: 20px;margin-bottom: 20px;margin-left: 20px;\" id=\"elmet-3543378179\"><a href=\"https:\/\/www.facebook.com\/arrincuanantigua\/\" aria-label=\"cintillo-arrin-cual\"><img loading=\"lazy\" decoding=\"async\" src=\"https:\/\/elmetropolitano.com.gt\/es\/wp-content\/uploads\/2021\/11\/cintillo-arrin-cual-1.jpg\" alt=\"\"  srcset=\"https:\/\/elmetropolitano.com.gt\/es\/wp-content\/uploads\/2021\/11\/cintillo-arrin-cual-1.jpg 750w, https:\/\/elmetropolitano.com.gt\/es\/wp-content\/uploads\/2021\/11\/cintillo-arrin-cual-1-300x36.jpg 300w, https:\/\/elmetropolitano.com.gt\/es\/wp-content\/uploads\/2021\/11\/cintillo-arrin-cual-1-600x72.jpg 600w\" sizes=\"(max-width: 750px) 100vw, 750px\" width=\"750\" height=\"90\"   \/><\/a><\/div><\/div>\n\n\n\n<p><\/p>\n","protected":false},"excerpt":{"rendered":"<p>El Presidente del Congreso de la Rep\u00fablica , diputado del Partido Creo Luis Contreras anunci\u00f3 que el pr\u00f3ximo mi\u00e9rcoles 25 de marzo se llevar\u00e1 a cabo una reuni\u00f3n de la Instancia de Jefes de Bloque con la participaci\u00f3n de los ministros de Finanzas P\u00fablicas, Energ\u00eda y Minas, y Econom\u00eda, adem\u00e1s del Superintendente de la SAT. <a class=\"read-more\" href=\"https:\/\/elmetropolitano.com.gt\/es\/leyes-para-aliviar-precio-de-gasolinas-a-estudio-en-instancia-de-jefes-de-bloque\/\">Leer m\u00e1s<\/a><\/p>\n","protected":false},"author":1,"featured_media":124228,"comment_status":"open","ping_status":"closed","sticky":false,"template":"","format":"standard","meta":{"footnotes":""},"categories":[2],"tags":[12],"class_list":["post-124227","post","type-post","status-publish","format-standard","has-post-thumbnail","hentry","category-nacionales","tag-nacionales"],"_links":{"self":[{"href":"https:\/\/elmetropolitano.com.gt\/es\/wp-json\/wp\/v2\/posts\/124227","targetHints":{"allow":["GET"]}}],"collection":[{"href":"https:\/\/elmetropolitano.com.gt\/es\/wp-json\/wp\/v2\/posts"}],"about":[{"href":"https:\/\/elmetropolitano.com.gt\/es\/wp-json\/wp\/v2\/types\/post"}],"author":[{"embeddable":true,"href":"https:\/\/elmetropolitano.com.gt\/es\/wp-json\/wp\/v2\/users\/1"}],"replies":[{"embeddable":true,"href":"https:\/\/elmetropolitano.com.gt\/es\/wp-json\/wp\/v2\/comments?post=124227"}],"version-history":[{"count":1,"href":"https:\/\/elmetropolitano.com.gt\/es\/wp-json\/wp\/v2\/posts\/124227\/revisions"}],"predecessor-version":[{"id":124229,"href":"https:\/\/elmetropolitano.com.gt\/es\/wp-json\/wp\/v2\/posts\/124227\/revisions\/124229"}],"wp:featuredmedia":[{"embeddable":true,"href":"https:\/\/elmetropolitano.com.gt\/es\/wp-json\/wp\/v2\/media\/124228"}],"wp:attachment":[{"href":"https:\/\/elmetropolitano.com.gt\/es\/wp-json\/wp\/v2\/media?parent=124227"}],"wp:term":[{"taxonomy":"category","embeddable":true,"href":"https:\/\/elmetropolitano.com.gt\/es\/wp-json\/wp\/v2\/categories?post=124227"},{"taxonomy":"post_tag","embeddable":true,"href":"https:\/\/elmetropolitano.com.gt\/es\/wp-json\/wp\/v2\/tags?post=124227"}],"curies":[{"name":"wp","href":"https:\/\/api.w.org\/{rel}","templated":true}]}}