{"id":124352,"date":"2026-03-24T14:49:05","date_gmt":"2026-03-24T20:49:05","guid":{"rendered":"https:\/\/elmetropolitano.com.gt\/es\/?p=124352"},"modified":"2026-03-24T14:49:06","modified_gmt":"2026-03-24T20:49:06","slug":"congreso-de-la-republica-juramento-a-magistrados-titulares-y-suplentes-para-la-cc-2026-2031","status":"publish","type":"post","link":"https:\/\/elmetropolitano.com.gt\/es\/congreso-de-la-republica-juramento-a-magistrados-titulares-y-suplentes-para-la-cc-2026-2031\/","title":{"rendered":"Congreso de la Rep\u00fablica jurament\u00f3 a magistrados titulares y suplentes para la CC 2026-2031"},"content":{"rendered":"\n<p>El pleno del Congreso de la Rep\u00fablica por medio de su presidente Luis Contreras jurament\u00f3 la tarde de este martes a los nuevos magistrados a la Corte de Constitucionalidad CC, para el per\u00edodo 2026-2031.<\/p>\n\n\n\n<p>Para ello se desarroll\u00f3 una sesi\u00f3n solemne donde se juramento a los cinco magistrados titulares y cinco suplentes de la alta corte, quienes deber\u00e1n de ejercer una funci\u00f3n de defensa de la constituci\u00f3n y no a los partidos pol\u00edticos o la clase empresarial de este Pa\u00eds<\/p><div class=\"elmet-contenido\" id=\"elmet-868930565\"><div class=\"elmet-adlabel\">Anuncios<\/div><div style=\"margin-top: 20px;margin-right: 20px;margin-bottom: 20px;margin-left: 20px;\" id=\"elmet-1890253383\"><a href=\"https:\/\/www.facebook.com\/arrincuanantigua\/\" aria-label=\"cintillo-arrin-cual\"><img loading=\"lazy\" decoding=\"async\" src=\"https:\/\/elmetropolitano.com.gt\/es\/wp-content\/uploads\/2021\/11\/cintillo-arrin-cual-1.jpg\" alt=\"\"  srcset=\"https:\/\/elmetropolitano.com.gt\/es\/wp-content\/uploads\/2021\/11\/cintillo-arrin-cual-1.jpg 750w, https:\/\/elmetropolitano.com.gt\/es\/wp-content\/uploads\/2021\/11\/cintillo-arrin-cual-1-300x36.jpg 300w, https:\/\/elmetropolitano.com.gt\/es\/wp-content\/uploads\/2021\/11\/cintillo-arrin-cual-1-600x72.jpg 600w\" sizes=\"(max-width: 750px) 100vw, 750px\" width=\"750\" height=\"90\"   \/><\/a><\/div><\/div>\n\n\n\n<p>Previo al acto de juramentaci\u00f3n, los magistrados electos para el nuevo periodo de la CC esperaron desde el palco diplom\u00e1tico del Legislativo.<\/p>\n\n\n\n<p>Los magistrados titulares en orden en el que ejercer\u00e1n la presidencia:<\/p>\n\n\n\n<p>Gladys Annabella Morf\u00edn Mansilla (Ejecutivo )<\/p>\n\n\n\n<p>Astrid Jeannette Lemus Rodr\u00edguez (Colegio de Abogados)<\/p>\n\n\n\n<p>Roberto Molina Barreto (Congreso)<\/p>\n\n\n\n<p>Dina Josefina Ochoa Escrib\u00e1 (Corte Suprema de Justicia)<\/p>\n\n\n\n<p>Julia Marisol Rivera Aguilar (Consejo Superior Universitario)<\/p>\n\n\n\n<p>Los magistrados suplentes:<\/p>\n\n\n\n<p>Mar\u00eda Magdalena Jochol\u00e1 Tujal (Ejecutivo)<\/p>\n\n\n\n<p>Luis Fernando Bermejo Qui\u00f1\u00f3nez (Colegio de Abogados)<\/p>\n\n\n\n<p>Luis Alfonso Rosales Marroqu\u00edn (Congreso)<\/p>\n\n\n\n<p>Claudia Elizabeth Paniagua P\u00e9rez (Congreso)<\/p>\n\n\n\n<p>Jos\u00e9 Luis Aguirre Pumay (Consejo Superior Universitario<\/p>\n\n\n\n<p><a href=\"https:\/\/www.facebook.com\/hashtag\/congresogt?__eep__=6&amp;__cft__[0]=AZY0me9gaRyBX5f9XlQxi2WomxForXCUnjqPmtC_r-dWTYlSmexrNaL7fZXH2qby7f1BoN1_to2KXJQJUbbsWWawlj5GL5zUSgSmVmHd5fsbwRpNamMkjyi59QIIp87j7koX1UGPa4Rh0FbJqNOFY5dbFrcueGO9CohuDrEI1eNn3BqCwl1fVFk5s4TYmJBDrPM&amp;__tn__=*NK-R\">#CongresoGT<\/a><a href=\"https:\/\/www.facebook.com\/hashtag\/metroredes?__eep__=6&amp;__cft__[0]=AZY0me9gaRyBX5f9XlQxi2WomxForXCUnjqPmtC_r-dWTYlSmexrNaL7fZXH2qby7f1BoN1_to2KXJQJUbbsWWawlj5GL5zUSgSmVmHd5fsbwRpNamMkjyi59QIIp87j7koX1UGPa4Rh0FbJqNOFY5dbFrcueGO9CohuDrEI1eNn3BqCwl1fVFk5s4TYmJBDrPM&amp;__tn__=*NK-R\">#metroredes<\/a><a href=\"https:\/\/www.facebook.com\/hashtag\/ccgt?__eep__=6&amp;__cft__[0]=AZY0me9gaRyBX5f9XlQxi2WomxForXCUnjqPmtC_r-dWTYlSmexrNaL7fZXH2qby7f1BoN1_to2KXJQJUbbsWWawlj5GL5zUSgSmVmHd5fsbwRpNamMkjyi59QIIp87j7koX1UGPa4Rh0FbJqNOFY5dbFrcueGO9CohuDrEI1eNn3BqCwl1fVFk5s4TYmJBDrPM&amp;__tn__=*NK-R\">#CCGT<\/a><\/p>\n\n\n\n<figure class=\"wp-block-gallery has-nested-images columns-default is-cropped wp-block-gallery-1 is-layout-flex wp-block-gallery-is-layout-flex\">\n<figure class=\"wp-block-image size-large\"><img loading=\"lazy\" decoding=\"async\" width=\"1024\" height=\"768\" data-id=\"124354\" src=\"https:\/\/elmetropolitano.com.gt\/es\/wp-content\/uploads\/2026\/03\/656815656_1496546292471449_8593812234666769219_n-1024x768.jpg\" alt=\"\" class=\"wp-image-124354\" srcset=\"https:\/\/elmetropolitano.com.gt\/es\/wp-content\/uploads\/2026\/03\/656815656_1496546292471449_8593812234666769219_n-1024x768.jpg 1024w, https:\/\/elmetropolitano.com.gt\/es\/wp-content\/uploads\/2026\/03\/656815656_1496546292471449_8593812234666769219_n-300x225.jpg 300w, https:\/\/elmetropolitano.com.gt\/es\/wp-content\/uploads\/2026\/03\/656815656_1496546292471449_8593812234666769219_n-768x576.jpg 768w, https:\/\/elmetropolitano.com.gt\/es\/wp-content\/uploads\/2026\/03\/656815656_1496546292471449_8593812234666769219_n-1536x1152.jpg 1536w, https:\/\/elmetropolitano.com.gt\/es\/wp-content\/uploads\/2026\/03\/656815656_1496546292471449_8593812234666769219_n.jpg 1600w\" sizes=\"auto, (max-width: 1024px) 100vw, 1024px\" \/><\/figure>\n\n\n\n<figure class=\"wp-block-image size-large\"><img loading=\"lazy\" decoding=\"async\" width=\"1024\" height=\"683\" data-id=\"124356\" src=\"https:\/\/elmetropolitano.com.gt\/es\/wp-content\/uploads\/2026\/03\/657636474_1496546299138115_818657886672467549_n-1-1024x683.jpg\" alt=\"\" class=\"wp-image-124356\" srcset=\"https:\/\/elmetropolitano.com.gt\/es\/wp-content\/uploads\/2026\/03\/657636474_1496546299138115_818657886672467549_n-1-1024x683.jpg 1024w, https:\/\/elmetropolitano.com.gt\/es\/wp-content\/uploads\/2026\/03\/657636474_1496546299138115_818657886672467549_n-1-300x200.jpg 300w, https:\/\/elmetropolitano.com.gt\/es\/wp-content\/uploads\/2026\/03\/657636474_1496546299138115_818657886672467549_n-1-768x512.jpg 768w, https:\/\/elmetropolitano.com.gt\/es\/wp-content\/uploads\/2026\/03\/657636474_1496546299138115_818657886672467549_n-1.jpg 1280w\" sizes=\"auto, (max-width: 1024px) 100vw, 1024px\" \/><\/figure>\n\n\n\n<figure class=\"wp-block-image size-large\"><img loading=\"lazy\" decoding=\"async\" width=\"1024\" height=\"683\" data-id=\"124355\" src=\"https:\/\/elmetropolitano.com.gt\/es\/wp-content\/uploads\/2026\/03\/658121390_1496546555804756_8589202313835201008_n-1024x683.jpg\" alt=\"\" class=\"wp-image-124355\" srcset=\"https:\/\/elmetropolitano.com.gt\/es\/wp-content\/uploads\/2026\/03\/658121390_1496546555804756_8589202313835201008_n-1024x683.jpg 1024w, https:\/\/elmetropolitano.com.gt\/es\/wp-content\/uploads\/2026\/03\/658121390_1496546555804756_8589202313835201008_n-300x200.jpg 300w, https:\/\/elmetropolitano.com.gt\/es\/wp-content\/uploads\/2026\/03\/658121390_1496546555804756_8589202313835201008_n-768x512.jpg 768w, https:\/\/elmetropolitano.com.gt\/es\/wp-content\/uploads\/2026\/03\/658121390_1496546555804756_8589202313835201008_n.jpg 1280w\" sizes=\"auto, (max-width: 1024px) 100vw, 1024px\" \/><\/figure>\n<\/figure>\n","protected":false},"excerpt":{"rendered":"<p>El pleno del Congreso de la Rep\u00fablica por medio de su presidente Luis Contreras jurament\u00f3 la tarde de este martes a los nuevos magistrados a la Corte de Constitucionalidad CC, para el per\u00edodo 2026-2031. Para ello se desarroll\u00f3 una sesi\u00f3n solemne donde se juramento a los cinco magistrados titulares y cinco suplentes de la alta <a class=\"read-more\" href=\"https:\/\/elmetropolitano.com.gt\/es\/congreso-de-la-republica-juramento-a-magistrados-titulares-y-suplentes-para-la-cc-2026-2031\/\">Leer m\u00e1s<\/a><\/p>\n","protected":false},"author":1,"featured_media":124353,"comment_status":"open","ping_status":"closed","sticky":false,"template":"","format":"standard","meta":{"footnotes":""},"categories":[2],"tags":[12],"class_list":["post-124352","post","type-post","status-publish","format-standard","has-post-thumbnail","hentry","category-nacionales","tag-nacionales"],"_links":{"self":[{"href":"https:\/\/elmetropolitano.com.gt\/es\/wp-json\/wp\/v2\/posts\/124352","targetHints":{"allow":["GET"]}}],"collection":[{"href":"https:\/\/elmetropolitano.com.gt\/es\/wp-json\/wp\/v2\/posts"}],"about":[{"href":"https:\/\/elmetropolitano.com.gt\/es\/wp-json\/wp\/v2\/types\/post"}],"author":[{"embeddable":true,"href":"https:\/\/elmetropolitano.com.gt\/es\/wp-json\/wp\/v2\/users\/1"}],"replies":[{"embeddable":true,"href":"https:\/\/elmetropolitano.com.gt\/es\/wp-json\/wp\/v2\/comments?post=124352"}],"version-history":[{"count":1,"href":"https:\/\/elmetropolitano.com.gt\/es\/wp-json\/wp\/v2\/posts\/124352\/revisions"}],"predecessor-version":[{"id":124357,"href":"https:\/\/elmetropolitano.com.gt\/es\/wp-json\/wp\/v2\/posts\/124352\/revisions\/124357"}],"wp:featuredmedia":[{"embeddable":true,"href":"https:\/\/elmetropolitano.com.gt\/es\/wp-json\/wp\/v2\/media\/124353"}],"wp:attachment":[{"href":"https:\/\/elmetropolitano.com.gt\/es\/wp-json\/wp\/v2\/media?parent=124352"}],"wp:term":[{"taxonomy":"category","embeddable":true,"href":"https:\/\/elmetropolitano.com.gt\/es\/wp-json\/wp\/v2\/categories?post=124352"},{"taxonomy":"post_tag","embeddable":true,"href":"https:\/\/elmetropolitano.com.gt\/es\/wp-json\/wp\/v2\/tags?post=124352"}],"curies":[{"name":"wp","href":"https:\/\/api.w.org\/{rel}","templated":true}]}}