{"id":124467,"date":"2026-03-26T11:18:41","date_gmt":"2026-03-26T17:18:41","guid":{"rendered":"https:\/\/elmetropolitano.com.gt\/es\/?p=124467"},"modified":"2026-03-26T11:18:43","modified_gmt":"2026-03-26T17:18:43","slug":"presidente-bernardo-arevalo-se-reunio-con-representantes-de-la-oea","status":"publish","type":"post","link":"https:\/\/elmetropolitano.com.gt\/es\/presidente-bernardo-arevalo-se-reunio-con-representantes-de-la-oea\/","title":{"rendered":"Presidente Bernardo Ar\u00e9valo se reuni\u00f3 con representantes de la OEA"},"content":{"rendered":"\n<p>El presidente Bernardo Ar\u00e9valo se reuni\u00f3 este mi\u00e9rcoles con miembros de la Misi\u00f3n Especial de la Organizaci\u00f3n de Estados Americanos (OEA) para conversar sobre el proceso de elecciones de segundo grado en Guatemala.<\/p>\n\n\n\n<p>La Secretar\u00eda de Comunicaci\u00f3n Social de la Presidencia inform\u00f3:<\/p><div class=\"elmet-contenido\" id=\"elmet-859255370\"><div class=\"elmet-adlabel\">Anuncios<\/div><div style=\"margin-top: 20px;margin-right: 20px;margin-bottom: 20px;margin-left: 20px;\" id=\"elmet-2195913946\"><a href=\"https:\/\/www.facebook.com\/arrincuanantigua\/\" aria-label=\"cintillo-arrin-cual\"><img loading=\"lazy\" decoding=\"async\" src=\"https:\/\/elmetropolitano.com.gt\/es\/wp-content\/uploads\/2021\/11\/cintillo-arrin-cual-1.jpg\" alt=\"\"  srcset=\"https:\/\/elmetropolitano.com.gt\/es\/wp-content\/uploads\/2021\/11\/cintillo-arrin-cual-1.jpg 750w, https:\/\/elmetropolitano.com.gt\/es\/wp-content\/uploads\/2021\/11\/cintillo-arrin-cual-1-300x36.jpg 300w, https:\/\/elmetropolitano.com.gt\/es\/wp-content\/uploads\/2021\/11\/cintillo-arrin-cual-1-600x72.jpg 600w\" sizes=\"(max-width: 750px) 100vw, 750px\" width=\"750\" height=\"90\"   \/><\/a><\/div><\/div>\n\n\n\n<p>La misi\u00f3n resalt\u00f3 la relevancia que tiene el proceso para la elecci\u00f3n de fiscal general y jefe del Ministerio P\u00fablico y la importancia de que la n\u00f3mina de seis aspirantes est\u00e9 integrada por profesionales \u00edntegros e independientes.<\/p>\n\n\n\n<p>En tanto, el presidente agradeci\u00f3 a la misi\u00f3n el acompa\u00f1amiento durante estos momentos tan determinantes para la justicia de Guatemala.<\/p>\n\n\n\n<p>Los temas<\/p>\n\n\n\n<p>La Misi\u00f3n Especial de la Organizaci\u00f3n de la OEA dialog\u00f3 con el presidente Bernardo Ar\u00e9valo sobre las labores desarrolladas y los avances de los trabajos de la Comisi\u00f3n de Postulaci\u00f3n encargada de la conformaci\u00f3n de la n\u00f3mina de los seis aspirantes al cargo de fiscal general de la Rep\u00fablica y jefe del Ministerio P\u00fablico.<\/p>\n\n\n\n<p>En este sentido, los delegados resaltaron la importancia de que la n\u00f3mina que se env\u00ede al presidente en el plazo correspondiente, el pr\u00f3ximo 17 de abril, y que est\u00e9 integrada por perfiles que no solo cumplan con los requisitos formales, sino que tambi\u00e9n demuestren la integridad y el compromiso que exige la sociedad guatemalteca para el ejercicio de tan altas responsabilidades.<\/p>\n\n\n\n<p>Magistrados del TSE<\/p>\n\n\n\n<p>La Misi\u00f3n Especial de la OEA en Guatemala tambi\u00e9n hizo una visita protocolar al pleno del Tribunal Supremo Electoral, presidido por Rosa Rivera e integrado por los magistrados titulares Roberto Morales, Karin Romero, Quelvin Jim\u00e9nez y Mario Vel\u00e1squez.<\/p>\n\n\n\n<p>El grupo transmiti\u00f3 sus deseos de \u00e9xito a las nuevas autoridades electorales, al tiempo que resalt\u00f3 las oportunidades de cooperaci\u00f3n que podr\u00eda ofrecer la Secretar\u00eda General de la OEA para fortalecer las capacidades del TSE de cara a futuras elecciones.<\/p>\n\n\n\n<p>Texto Brenda Larios<\/p>\n\n\n\n<p>#BernardoAr\u00e9valo #OEA #metroredes <a href=\"http:\/\/www.elmetropolitano.com.gt\">www.elmetropolitano.com.gt<\/a> www.metroredes.com <a href=\"http:\/\/www.elescuintleco.com\">www.elescuintleco.com<\/a><\/p>\n","protected":false},"excerpt":{"rendered":"<p>El presidente Bernardo Ar\u00e9valo se reuni\u00f3 este mi\u00e9rcoles con miembros de la Misi\u00f3n Especial de la Organizaci\u00f3n de Estados Americanos (OEA) para conversar sobre el proceso de elecciones de segundo grado en Guatemala. La Secretar\u00eda de Comunicaci\u00f3n Social de la Presidencia inform\u00f3: La misi\u00f3n resalt\u00f3 la relevancia que tiene el proceso para la elecci\u00f3n de <a class=\"read-more\" href=\"https:\/\/elmetropolitano.com.gt\/es\/presidente-bernardo-arevalo-se-reunio-con-representantes-de-la-oea\/\">Leer m\u00e1s<\/a><\/p>\n","protected":false},"author":1,"featured_media":124468,"comment_status":"open","ping_status":"closed","sticky":false,"template":"","format":"standard","meta":{"footnotes":""},"categories":[2],"tags":[12],"class_list":["post-124467","post","type-post","status-publish","format-standard","has-post-thumbnail","hentry","category-nacionales","tag-nacionales"],"_links":{"self":[{"href":"https:\/\/elmetropolitano.com.gt\/es\/wp-json\/wp\/v2\/posts\/124467","targetHints":{"allow":["GET"]}}],"collection":[{"href":"https:\/\/elmetropolitano.com.gt\/es\/wp-json\/wp\/v2\/posts"}],"about":[{"href":"https:\/\/elmetropolitano.com.gt\/es\/wp-json\/wp\/v2\/types\/post"}],"author":[{"embeddable":true,"href":"https:\/\/elmetropolitano.com.gt\/es\/wp-json\/wp\/v2\/users\/1"}],"replies":[{"embeddable":true,"href":"https:\/\/elmetropolitano.com.gt\/es\/wp-json\/wp\/v2\/comments?post=124467"}],"version-history":[{"count":1,"href":"https:\/\/elmetropolitano.com.gt\/es\/wp-json\/wp\/v2\/posts\/124467\/revisions"}],"predecessor-version":[{"id":124470,"href":"https:\/\/elmetropolitano.com.gt\/es\/wp-json\/wp\/v2\/posts\/124467\/revisions\/124470"}],"wp:featuredmedia":[{"embeddable":true,"href":"https:\/\/elmetropolitano.com.gt\/es\/wp-json\/wp\/v2\/media\/124468"}],"wp:attachment":[{"href":"https:\/\/elmetropolitano.com.gt\/es\/wp-json\/wp\/v2\/media?parent=124467"}],"wp:term":[{"taxonomy":"category","embeddable":true,"href":"https:\/\/elmetropolitano.com.gt\/es\/wp-json\/wp\/v2\/categories?post=124467"},{"taxonomy":"post_tag","embeddable":true,"href":"https:\/\/elmetropolitano.com.gt\/es\/wp-json\/wp\/v2\/tags?post=124467"}],"curies":[{"name":"wp","href":"https:\/\/api.w.org\/{rel}","templated":true}]}}