{"id":124533,"date":"2026-03-27T14:10:14","date_gmt":"2026-03-27T20:10:14","guid":{"rendered":"https:\/\/elmetropolitano.com.gt\/es\/?p=124533"},"modified":"2026-03-27T14:10:15","modified_gmt":"2026-03-27T20:10:15","slug":"la-cc-le-dio-el-tiro-de-gracia-al-partido-movimiento-semilla-que-queda-cancelando","status":"publish","type":"post","link":"https:\/\/elmetropolitano.com.gt\/es\/la-cc-le-dio-el-tiro-de-gracia-al-partido-movimiento-semilla-que-queda-cancelando\/","title":{"rendered":"La CC le dio \u201cel tiro de gracia\u201d al partido movimiento Semilla que queda cancelando"},"content":{"rendered":"\n<p>Los Magistrados del Anterior Tribunal Supremo Electoral TSE cancelaron al Partido Movimiento Semilla debido a que la Corte de Constitucionalidad CC rechaz\u00f3 dos recursos de apelaciones interpuestos por su mandataria Andrea Mar\u00eda Reyes Zece\u00f1a para evitar la cancelaci\u00f3n del partido que llev\u00f3 a la Presidencia a Bernardo Ar\u00e9valo<\/p>\n\n\n\n<p>Con esto Semilla est\u00e1 cancelado y no podr\u00e1 participar en las elecciones generales del 2027 por lo que ahora los diputados oficialistas buscar\u00e1n hacerlo con el partido en formaci\u00f3n Ra\u00edces que dirige Samuel P\u00e9rez.<\/p><div class=\"elmet-contenido\" id=\"elmet-1309668952\"><div class=\"elmet-adlabel\">Anuncios<\/div><div style=\"margin-top: 20px;margin-right: 20px;margin-bottom: 20px;margin-left: 20px;\" id=\"elmet-2328446537\"><a href=\"https:\/\/www.facebook.com\/arrincuanantigua\/\" aria-label=\"cintillo-arrin-cual\"><img loading=\"lazy\" decoding=\"async\" src=\"https:\/\/elmetropolitano.com.gt\/es\/wp-content\/uploads\/2021\/11\/cintillo-arrin-cual-1.jpg\" alt=\"\"  srcset=\"https:\/\/elmetropolitano.com.gt\/es\/wp-content\/uploads\/2021\/11\/cintillo-arrin-cual-1.jpg 750w, https:\/\/elmetropolitano.com.gt\/es\/wp-content\/uploads\/2021\/11\/cintillo-arrin-cual-1-300x36.jpg 300w, https:\/\/elmetropolitano.com.gt\/es\/wp-content\/uploads\/2021\/11\/cintillo-arrin-cual-1-600x72.jpg 600w\" sizes=\"(max-width: 750px) 100vw, 750px\" width=\"750\" height=\"90\"   \/><\/a><\/div><\/div>\n\n\n\n<p><a href=\"https:\/\/www.facebook.com\/hashtag\/partidoraices?__eep__=6&amp;__cft__[0]=AZZNLOG3qrNqpU7D4Mh4J0NNw03ayCLtLuCCTqWq00rZqO8lQOGR5063z-TJfViyEYWc3ZTv3h8o1l_9IVMJTjMTkMkI1gUMtb84IMwksl4VwuLNFr0X6OQvqrm66J-gN5z8hYwIX3pBI59F3wEGUtz_3M5Yer4nFc32bI6Hxj_N3f6oX_A7eNRZ2_yoDNrcPVc&amp;__tn__=*NK-R\">#partidoraices<\/a><a href=\"https:\/\/www.facebook.com\/hashtag\/cc?__eep__=6&amp;__cft__[0]=AZZNLOG3qrNqpU7D4Mh4J0NNw03ayCLtLuCCTqWq00rZqO8lQOGR5063z-TJfViyEYWc3ZTv3h8o1l_9IVMJTjMTkMkI1gUMtb84IMwksl4VwuLNFr0X6OQvqrm66J-gN5z8hYwIX3pBI59F3wEGUtz_3M5Yer4nFc32bI6Hxj_N3f6oX_A7eNRZ2_yoDNrcPVc&amp;__tn__=*NK-R\">#Cc<\/a><a href=\"https:\/\/www.facebook.com\/hashtag\/metroredes?__eep__=6&amp;__cft__[0]=AZZNLOG3qrNqpU7D4Mh4J0NNw03ayCLtLuCCTqWq00rZqO8lQOGR5063z-TJfViyEYWc3ZTv3h8o1l_9IVMJTjMTkMkI1gUMtb84IMwksl4VwuLNFr0X6OQvqrm66J-gN5z8hYwIX3pBI59F3wEGUtz_3M5Yer4nFc32bI6Hxj_N3f6oX_A7eNRZ2_yoDNrcPVc&amp;__tn__=*NK-R\">#metroredes<\/a><\/p>\n\n\n\n<figure class=\"wp-block-gallery has-nested-images columns-default is-cropped wp-block-gallery-1 is-layout-flex wp-block-gallery-is-layout-flex\">\n<figure class=\"wp-block-image size-large\"><img loading=\"lazy\" decoding=\"async\" width=\"1024\" height=\"1024\" data-id=\"124535\" src=\"https:\/\/elmetropolitano.com.gt\/es\/wp-content\/uploads\/2026\/03\/657307106_1498690782257000_9206250303970936907_n-1.jpg\" alt=\"\" class=\"wp-image-124535\" srcset=\"https:\/\/elmetropolitano.com.gt\/es\/wp-content\/uploads\/2026\/03\/657307106_1498690782257000_9206250303970936907_n-1.jpg 1024w, https:\/\/elmetropolitano.com.gt\/es\/wp-content\/uploads\/2026\/03\/657307106_1498690782257000_9206250303970936907_n-1-300x300.jpg 300w, https:\/\/elmetropolitano.com.gt\/es\/wp-content\/uploads\/2026\/03\/657307106_1498690782257000_9206250303970936907_n-1-150x150.jpg 150w, https:\/\/elmetropolitano.com.gt\/es\/wp-content\/uploads\/2026\/03\/657307106_1498690782257000_9206250303970936907_n-1-768x768.jpg 768w\" sizes=\"auto, (max-width: 1024px) 100vw, 1024px\" \/><\/figure>\n\n\n\n<figure class=\"wp-block-image size-large\"><img loading=\"lazy\" decoding=\"async\" width=\"461\" height=\"1024\" data-id=\"124536\" src=\"https:\/\/elmetropolitano.com.gt\/es\/wp-content\/uploads\/2026\/03\/657155542_1498685052257573_5219945824151466841_n-461x1024.jpg\" alt=\"\" class=\"wp-image-124536\" srcset=\"https:\/\/elmetropolitano.com.gt\/es\/wp-content\/uploads\/2026\/03\/657155542_1498685052257573_5219945824151466841_n-461x1024.jpg 461w, https:\/\/elmetropolitano.com.gt\/es\/wp-content\/uploads\/2026\/03\/657155542_1498685052257573_5219945824151466841_n-135x300.jpg 135w, https:\/\/elmetropolitano.com.gt\/es\/wp-content\/uploads\/2026\/03\/657155542_1498685052257573_5219945824151466841_n.jpg 640w\" sizes=\"auto, (max-width: 461px) 100vw, 461px\" \/><\/figure>\n\n\n\n<figure class=\"wp-block-image size-large\"><img loading=\"lazy\" decoding=\"async\" width=\"461\" height=\"1024\" data-id=\"124537\" src=\"https:\/\/elmetropolitano.com.gt\/es\/wp-content\/uploads\/2026\/03\/659198996_1498685075590904_1275477485606784400_n-461x1024.jpg\" alt=\"\" class=\"wp-image-124537\" srcset=\"https:\/\/elmetropolitano.com.gt\/es\/wp-content\/uploads\/2026\/03\/659198996_1498685075590904_1275477485606784400_n-461x1024.jpg 461w, https:\/\/elmetropolitano.com.gt\/es\/wp-content\/uploads\/2026\/03\/659198996_1498685075590904_1275477485606784400_n-135x300.jpg 135w, https:\/\/elmetropolitano.com.gt\/es\/wp-content\/uploads\/2026\/03\/659198996_1498685075590904_1275477485606784400_n.jpg 640w\" sizes=\"auto, (max-width: 461px) 100vw, 461px\" \/><\/figure>\n<\/figure>\n","protected":false},"excerpt":{"rendered":"<p>Los Magistrados del Anterior Tribunal Supremo Electoral TSE cancelaron al Partido Movimiento Semilla debido a que la Corte de Constitucionalidad CC rechaz\u00f3 dos recursos de apelaciones interpuestos por su mandataria Andrea Mar\u00eda Reyes Zece\u00f1a para evitar la cancelaci\u00f3n del partido que llev\u00f3 a la Presidencia a Bernardo Ar\u00e9valo Con esto Semilla est\u00e1 cancelado y no <a class=\"read-more\" href=\"https:\/\/elmetropolitano.com.gt\/es\/la-cc-le-dio-el-tiro-de-gracia-al-partido-movimiento-semilla-que-queda-cancelando\/\">Leer m\u00e1s<\/a><\/p>\n","protected":false},"author":1,"featured_media":124534,"comment_status":"open","ping_status":"closed","sticky":false,"template":"","format":"standard","meta":{"footnotes":""},"categories":[2],"tags":[12],"class_list":["post-124533","post","type-post","status-publish","format-standard","has-post-thumbnail","hentry","category-nacionales","tag-nacionales"],"_links":{"self":[{"href":"https:\/\/elmetropolitano.com.gt\/es\/wp-json\/wp\/v2\/posts\/124533","targetHints":{"allow":["GET"]}}],"collection":[{"href":"https:\/\/elmetropolitano.com.gt\/es\/wp-json\/wp\/v2\/posts"}],"about":[{"href":"https:\/\/elmetropolitano.com.gt\/es\/wp-json\/wp\/v2\/types\/post"}],"author":[{"embeddable":true,"href":"https:\/\/elmetropolitano.com.gt\/es\/wp-json\/wp\/v2\/users\/1"}],"replies":[{"embeddable":true,"href":"https:\/\/elmetropolitano.com.gt\/es\/wp-json\/wp\/v2\/comments?post=124533"}],"version-history":[{"count":1,"href":"https:\/\/elmetropolitano.com.gt\/es\/wp-json\/wp\/v2\/posts\/124533\/revisions"}],"predecessor-version":[{"id":124538,"href":"https:\/\/elmetropolitano.com.gt\/es\/wp-json\/wp\/v2\/posts\/124533\/revisions\/124538"}],"wp:featuredmedia":[{"embeddable":true,"href":"https:\/\/elmetropolitano.com.gt\/es\/wp-json\/wp\/v2\/media\/124534"}],"wp:attachment":[{"href":"https:\/\/elmetropolitano.com.gt\/es\/wp-json\/wp\/v2\/media?parent=124533"}],"wp:term":[{"taxonomy":"category","embeddable":true,"href":"https:\/\/elmetropolitano.com.gt\/es\/wp-json\/wp\/v2\/categories?post=124533"},{"taxonomy":"post_tag","embeddable":true,"href":"https:\/\/elmetropolitano.com.gt\/es\/wp-json\/wp\/v2\/tags?post=124533"}],"curies":[{"name":"wp","href":"https:\/\/api.w.org\/{rel}","templated":true}]}}