{"id":124567,"date":"2026-03-27T14:27:22","date_gmt":"2026-03-27T20:27:22","guid":{"rendered":"https:\/\/elmetropolitano.com.gt\/es\/?p=124567"},"modified":"2026-03-27T14:27:23","modified_gmt":"2026-03-27T20:27:23","slug":"coloca-la-primera-piedra-para-construccion-de-carcel-de-maxima-seguridad-en-morales-izabal","status":"publish","type":"post","link":"https:\/\/elmetropolitano.com.gt\/es\/coloca-la-primera-piedra-para-construccion-de-carcel-de-maxima-seguridad-en-morales-izabal\/","title":{"rendered":"Coloca la primera piedra para construcci\u00f3n de c\u00e1rcel de m\u00e1xima seguridad en Morales, Izabal"},"content":{"rendered":"\n<p>Este d\u00eda se dio inicio oficial a la construcci\u00f3n de una c\u00e1rcel de m\u00e1xima seguridad El Triunfo en el municipio de Morales, departamento de Izabal, con la colocaci\u00f3n de la primera piedra en un acto protocolario encabezado por el presidente Bernardo Ar\u00e9valo.<\/p>\n\n\n\n<p>En la actividad participan el ministro de Gobernaci\u00f3n, Marco Antonio Villeda; ministro de la Defensa, Henry Saenz; director General del Sistema Penitenciario, Jorge L\u00f3pez Dellachiessa, quienes destacaron la importancia de este proyecto para fortalecer el sistema penitenciario del pa\u00eds.<\/p><div class=\"elmet-contenido\" id=\"elmet-1963573627\"><div class=\"elmet-adlabel\">Anuncios<\/div><div style=\"margin-top: 20px;margin-right: 20px;margin-bottom: 20px;margin-left: 20px;\" id=\"elmet-4193821735\"><a href=\"https:\/\/www.facebook.com\/arrincuanantigua\/\" aria-label=\"cintillo-arrin-cual\"><img loading=\"lazy\" decoding=\"async\" src=\"https:\/\/elmetropolitano.com.gt\/es\/wp-content\/uploads\/2021\/11\/cintillo-arrin-cual-1.jpg\" alt=\"\"  srcset=\"https:\/\/elmetropolitano.com.gt\/es\/wp-content\/uploads\/2021\/11\/cintillo-arrin-cual-1.jpg 750w, https:\/\/elmetropolitano.com.gt\/es\/wp-content\/uploads\/2021\/11\/cintillo-arrin-cual-1-300x36.jpg 300w, https:\/\/elmetropolitano.com.gt\/es\/wp-content\/uploads\/2021\/11\/cintillo-arrin-cual-1-600x72.jpg 600w\" sizes=\"(max-width: 750px) 100vw, 750px\" width=\"750\" height=\"90\"   \/><\/a><\/div><\/div>\n\n\n\n<p>El acto marca el punto de partida para la ejecuci\u00f3n de una de las obras m\u00e1s relevantes en materia de seguridad impulsadas por el Gobierno de Guatemala. Con esta acci\u00f3n, se activa tambi\u00e9n la cuenta regresiva para la culminaci\u00f3n del centro carcelario, cuya construcci\u00f3n estar\u00e1 a cargo del Cuerpo de Ingenieros del Ej\u00e9rcito.<\/p>\n\n\n\n<p>De acuerdo con lo previsto, la infraestructura deber\u00e1 estar finalizada en un plazo de un a\u00f1o.<\/p>\n\n\n\n<p>Enfoque en privados de alta peligrosidad<\/p>\n\n\n\n<p>La nueva c\u00e1rcel de m\u00e1xima seguridad est\u00e1 dise\u00f1ada para albergar a personas privadas de libertad consideradas de alta peligrosidad, como parte de una estrategia orientada a reforzar el control y la seguridad dentro del sistema penitenciario guatemalteco.<\/p>\n\n\n\n<p>Este proyecto forma parte de las metas presidenciales del Gobierno, que busca mejorar las condiciones de reclusi\u00f3n y reducir los riesgos asociados a la operaci\u00f3n de estructuras criminales desde centros carcelarios.<\/p>\n\n\n\n<p><a href=\"https:\/\/www.facebook.com\/hashtag\/carceldemaximaseguridad?__eep__=6&amp;__cft__[0]=AZasP3Nglm0ixx7JC6rbm8HxepyiyYTfixqGuZrCIfiyjB4xYtmv1LkkGbCZLoLlJgs5BNytOM59de0GWJ99lEZmGy5MCahBeAsLxDjqhNR7J5xmzIdigjQLx99BFP9eI0sJwsEfhIxSoq96_2TbhL_idFHTt5qku60l0N_2b116tVA2b5uYCyFW0M1P_Ztd7fI&amp;__tn__=*NK-R\">#CarcelDeMaximaSeguridad<\/a><a href=\"https:\/\/www.facebook.com\/hashtag\/moralesizabal?__eep__=6&amp;__cft__[0]=AZasP3Nglm0ixx7JC6rbm8HxepyiyYTfixqGuZrCIfiyjB4xYtmv1LkkGbCZLoLlJgs5BNytOM59de0GWJ99lEZmGy5MCahBeAsLxDjqhNR7J5xmzIdigjQLx99BFP9eI0sJwsEfhIxSoq96_2TbhL_idFHTt5qku60l0N_2b116tVA2b5uYCyFW0M1P_Ztd7fI&amp;__tn__=*NK-R\">#moralesizabal<\/a><a href=\"https:\/\/www.facebook.com\/hashtag\/gobernacion?__eep__=6&amp;__cft__[0]=AZasP3Nglm0ixx7JC6rbm8HxepyiyYTfixqGuZrCIfiyjB4xYtmv1LkkGbCZLoLlJgs5BNytOM59de0GWJ99lEZmGy5MCahBeAsLxDjqhNR7J5xmzIdigjQLx99BFP9eI0sJwsEfhIxSoq96_2TbhL_idFHTt5qku60l0N_2b116tVA2b5uYCyFW0M1P_Ztd7fI&amp;__tn__=*NK-R\">#Gobernacion<\/a><\/p>\n","protected":false},"excerpt":{"rendered":"<p>Este d\u00eda se dio inicio oficial a la construcci\u00f3n de una c\u00e1rcel de m\u00e1xima seguridad El Triunfo en el municipio de Morales, departamento de Izabal, con la colocaci\u00f3n de la primera piedra en un acto protocolario encabezado por el presidente Bernardo Ar\u00e9valo. En la actividad participan el ministro de Gobernaci\u00f3n, Marco Antonio Villeda; ministro de <a class=\"read-more\" href=\"https:\/\/elmetropolitano.com.gt\/es\/coloca-la-primera-piedra-para-construccion-de-carcel-de-maxima-seguridad-en-morales-izabal\/\">Leer m\u00e1s<\/a><\/p>\n","protected":false},"author":1,"featured_media":124568,"comment_status":"open","ping_status":"closed","sticky":false,"template":"","format":"standard","meta":{"footnotes":""},"categories":[4],"tags":[13],"class_list":["post-124567","post","type-post","status-publish","format-standard","has-post-thumbnail","hentry","category-departamentales","tag-departamentales"],"_links":{"self":[{"href":"https:\/\/elmetropolitano.com.gt\/es\/wp-json\/wp\/v2\/posts\/124567","targetHints":{"allow":["GET"]}}],"collection":[{"href":"https:\/\/elmetropolitano.com.gt\/es\/wp-json\/wp\/v2\/posts"}],"about":[{"href":"https:\/\/elmetropolitano.com.gt\/es\/wp-json\/wp\/v2\/types\/post"}],"author":[{"embeddable":true,"href":"https:\/\/elmetropolitano.com.gt\/es\/wp-json\/wp\/v2\/users\/1"}],"replies":[{"embeddable":true,"href":"https:\/\/elmetropolitano.com.gt\/es\/wp-json\/wp\/v2\/comments?post=124567"}],"version-history":[{"count":1,"href":"https:\/\/elmetropolitano.com.gt\/es\/wp-json\/wp\/v2\/posts\/124567\/revisions"}],"predecessor-version":[{"id":124569,"href":"https:\/\/elmetropolitano.com.gt\/es\/wp-json\/wp\/v2\/posts\/124567\/revisions\/124569"}],"wp:featuredmedia":[{"embeddable":true,"href":"https:\/\/elmetropolitano.com.gt\/es\/wp-json\/wp\/v2\/media\/124568"}],"wp:attachment":[{"href":"https:\/\/elmetropolitano.com.gt\/es\/wp-json\/wp\/v2\/media?parent=124567"}],"wp:term":[{"taxonomy":"category","embeddable":true,"href":"https:\/\/elmetropolitano.com.gt\/es\/wp-json\/wp\/v2\/categories?post=124567"},{"taxonomy":"post_tag","embeddable":true,"href":"https:\/\/elmetropolitano.com.gt\/es\/wp-json\/wp\/v2\/tags?post=124567"}],"curies":[{"name":"wp","href":"https:\/\/api.w.org\/{rel}","templated":true}]}}