{"id":126212,"date":"2026-04-24T21:59:54","date_gmt":"2026-04-25T03:59:54","guid":{"rendered":"https:\/\/elmetropolitano.com.gt\/es\/?p=126212"},"modified":"2026-04-24T21:59:55","modified_gmt":"2026-04-25T03:59:55","slug":"postuladora-integra-nueva-nomina-de-seis-aspirantes-a-fiscal-general-sin-la-presencia-de-consuelo-porras","status":"publish","type":"post","link":"https:\/\/elmetropolitano.com.gt\/es\/postuladora-integra-nueva-nomina-de-seis-aspirantes-a-fiscal-general-sin-la-presencia-de-consuelo-porras\/","title":{"rendered":"Postuladora integra nueva n\u00f3mina de seis aspirantes a fiscal general sin la presencia de Consuelo Porras"},"content":{"rendered":"\n<p>La Comisi\u00f3n de Postulaci\u00f3n para Integrar la N\u00f3mina de Candidatos a fiscal general y jefe del Ministerio P\u00fablico se reuni\u00f3 este d\u00eda y defini\u00f3 una segunda n\u00f3mina de seis aspirantes en atenci\u00f3n a un amparo provisional de la Corte de Constitucionalidad (CC) que desintegr\u00f3 la primera y en esta nueva n\u00f3mina tampoco va Consuelo Porras a quien en definitiva queda &nbsp;&nbsp;fuera y tendr\u00e1 que entregar el 17 de mayo.<\/p>\n\n\n\n<p>En la Sala de Vistas, de la Corte Suprema de Justicia, los comisionados reevaluaron los expedientes de los aspirantes que acreditaron experiencia como jueces, ya que la CC orden\u00f3 no tomar en cuenta este aspecto en las calificaciones y volver a votar para integrar una nueva lista.<\/p><div class=\"elmet-contenido\" id=\"elmet-3463952102\"><div class=\"elmet-adlabel\">Anuncios<\/div><div style=\"margin-top: 20px;margin-right: 20px;margin-bottom: 20px;margin-left: 20px;\" id=\"elmet-1612977645\"><a href=\"https:\/\/www.facebook.com\/arrincuanantigua\/\" aria-label=\"cintillo-arrin-cual\"><img loading=\"lazy\" decoding=\"async\" src=\"https:\/\/elmetropolitano.com.gt\/es\/wp-content\/uploads\/2021\/11\/cintillo-arrin-cual-1.jpg\" alt=\"\"  srcset=\"https:\/\/elmetropolitano.com.gt\/es\/wp-content\/uploads\/2021\/11\/cintillo-arrin-cual-1.jpg 750w, https:\/\/elmetropolitano.com.gt\/es\/wp-content\/uploads\/2021\/11\/cintillo-arrin-cual-1-300x36.jpg 300w, https:\/\/elmetropolitano.com.gt\/es\/wp-content\/uploads\/2021\/11\/cintillo-arrin-cual-1-600x72.jpg 600w\" sizes=\"(max-width: 750px) 100vw, 750px\" width=\"750\" height=\"90\"   \/><\/a><\/div><\/div>\n\n\n\n<p>Luego de las rondas de votaci\u00f3n respectivas con los 12 perfiles mejor calificados, estos son los candidatos que ingresaron a la nueva lista, en el orden en que obtuvieron el apoyo de al menos dos terceras partes de los comisionados (10 de 15):<\/p>\n\n\n\n<p>Julio C\u00e9sar Rivera Claver\u00eda (10 a favor)<\/p>\n\n\n\n<p>N\u00e9ctor Guilebaldo de Le\u00f3n Ram\u00edrez (10)<\/p>\n\n\n\n<p>Beyla Adaly Estrada Barrientos (12)<\/p>\n\n\n\n<p>Gabriel Estuardo Garc\u00eda Luna (15)<\/p>\n\n\n\n<p>Carlos Alberto Garc\u00eda Alvarado (11)<\/p>\n\n\n\n<p>C\u00e9sar Augusto \u00c1vila Aparicio (11)<\/p>\n\n\n\n<p>A diferencia del grupo final de la primera lista, se agrega Garc\u00eda Alvarado en lugar de Zoila Tatiana Morales Valdiz\u00f3n y el mejor calificado fue Gabriel Alberto Garc\u00eda Luna, quien al parecer es el mejor candidato hasta el momento y ser\u00e1 el presidente Bernardo Ar\u00e9valo quien decida.<\/p>\n\n\n\n<p>Esta nueva lista ser\u00e1 remitida a la Secretar\u00eda General de la Presidencia, tal como se hizo este martes con la primera n\u00f3mina.<\/p>\n\n\n\n<p>Entre los seis profesionales, el presidente Bernardo Ar\u00e9valo deber\u00e1 elegir a quien dirigir\u00e1 el Ministerio P\u00fablico para el per\u00edodo 2026-2030. El pr\u00f3ximo fiscal general debe asumir el cargo el 17 de mayo.<\/p>\n\n\n\n<p>#ComisionPostuladora #MP #BernardoAr\u00e9valo #metroredes <a href=\"http:\/\/www.elmetropolitano.com.gt\">www.elmetropolitano.com.gt<\/a> <a href=\"http:\/\/www.metroredes.com\">www.metroredes.com<\/a> <a href=\"http:\/\/www.elescuintleco.com\">www.elescuintleco.com<\/a><\/p>\n","protected":false},"excerpt":{"rendered":"<p>La Comisi\u00f3n de Postulaci\u00f3n para Integrar la N\u00f3mina de Candidatos a fiscal general y jefe del Ministerio P\u00fablico se reuni\u00f3 este d\u00eda y defini\u00f3 una segunda n\u00f3mina de seis aspirantes en atenci\u00f3n a un amparo provisional de la Corte de Constitucionalidad (CC) que desintegr\u00f3 la primera y en esta nueva n\u00f3mina tampoco va Consuelo Porras <a class=\"read-more\" href=\"https:\/\/elmetropolitano.com.gt\/es\/postuladora-integra-nueva-nomina-de-seis-aspirantes-a-fiscal-general-sin-la-presencia-de-consuelo-porras\/\">Leer m\u00e1s<\/a><\/p>\n","protected":false},"author":1,"featured_media":126213,"comment_status":"open","ping_status":"closed","sticky":false,"template":"","format":"standard","meta":{"footnotes":""},"categories":[2],"tags":[12],"class_list":["post-126212","post","type-post","status-publish","format-standard","has-post-thumbnail","hentry","category-nacionales","tag-nacionales"],"_links":{"self":[{"href":"https:\/\/elmetropolitano.com.gt\/es\/wp-json\/wp\/v2\/posts\/126212","targetHints":{"allow":["GET"]}}],"collection":[{"href":"https:\/\/elmetropolitano.com.gt\/es\/wp-json\/wp\/v2\/posts"}],"about":[{"href":"https:\/\/elmetropolitano.com.gt\/es\/wp-json\/wp\/v2\/types\/post"}],"author":[{"embeddable":true,"href":"https:\/\/elmetropolitano.com.gt\/es\/wp-json\/wp\/v2\/users\/1"}],"replies":[{"embeddable":true,"href":"https:\/\/elmetropolitano.com.gt\/es\/wp-json\/wp\/v2\/comments?post=126212"}],"version-history":[{"count":1,"href":"https:\/\/elmetropolitano.com.gt\/es\/wp-json\/wp\/v2\/posts\/126212\/revisions"}],"predecessor-version":[{"id":126214,"href":"https:\/\/elmetropolitano.com.gt\/es\/wp-json\/wp\/v2\/posts\/126212\/revisions\/126214"}],"wp:featuredmedia":[{"embeddable":true,"href":"https:\/\/elmetropolitano.com.gt\/es\/wp-json\/wp\/v2\/media\/126213"}],"wp:attachment":[{"href":"https:\/\/elmetropolitano.com.gt\/es\/wp-json\/wp\/v2\/media?parent=126212"}],"wp:term":[{"taxonomy":"category","embeddable":true,"href":"https:\/\/elmetropolitano.com.gt\/es\/wp-json\/wp\/v2\/categories?post=126212"},{"taxonomy":"post_tag","embeddable":true,"href":"https:\/\/elmetropolitano.com.gt\/es\/wp-json\/wp\/v2\/tags?post=126212"}],"curies":[{"name":"wp","href":"https:\/\/api.w.org\/{rel}","templated":true}]}}