{"id":126266,"date":"2026-04-26T13:48:42","date_gmt":"2026-04-26T19:48:42","guid":{"rendered":"https:\/\/elmetropolitano.com.gt\/es\/?p=126266"},"modified":"2026-04-26T13:48:43","modified_gmt":"2026-04-26T19:48:43","slug":"presidente-arevalo-condena-hechos-violentos-en-washington-y-respalda-valores-democraticos","status":"publish","type":"post","link":"https:\/\/elmetropolitano.com.gt\/es\/presidente-arevalo-condena-hechos-violentos-en-washington-y-respalda-valores-democraticos\/","title":{"rendered":"Presidente Ar\u00e9valo condena hechos violentos en Washington y respalda valores democr\u00e1ticos"},"content":{"rendered":"\n<p>El presidente, Bernardo Ar\u00e9valo, se pronunci\u00f3 a trav\u00e9s de su cuenta oficial en la red social X tras los hechos de violencia registrados la noche del s\u00e1bado en Washington, Estados Unidos, durante un evento en el que participaba el presidente Donald Trump.<\/p>\n\n\n\n<p>En su mensaje, el mandatario expres\u00f3 una condena categ\u00f3rica y manifest\u00f3 su solidaridad con el pueblo estadounidense, luego de que el presidente Trump y la primera dama Melania Trump fueran evacuados de emergencia tras un incidente que gener\u00f3 alarma entre los asistentes.<\/p><div class=\"elmet-contenido\" id=\"elmet-1251870405\"><div class=\"elmet-adlabel\">Anuncios<\/div><div style=\"margin-top: 20px;margin-right: 20px;margin-bottom: 20px;margin-left: 20px;\" id=\"elmet-1723643357\"><a href=\"https:\/\/www.facebook.com\/arrincuanantigua\/\" aria-label=\"cintillo-arrin-cual\"><img loading=\"lazy\" decoding=\"async\" src=\"https:\/\/elmetropolitano.com.gt\/es\/wp-content\/uploads\/2021\/11\/cintillo-arrin-cual-1.jpg\" alt=\"\"  srcset=\"https:\/\/elmetropolitano.com.gt\/es\/wp-content\/uploads\/2021\/11\/cintillo-arrin-cual-1.jpg 750w, https:\/\/elmetropolitano.com.gt\/es\/wp-content\/uploads\/2021\/11\/cintillo-arrin-cual-1-300x36.jpg 300w, https:\/\/elmetropolitano.com.gt\/es\/wp-content\/uploads\/2021\/11\/cintillo-arrin-cual-1-600x72.jpg 600w\" sizes=\"(max-width: 750px) 100vw, 750px\" width=\"750\" height=\"90\"   \/><\/a><\/div><\/div>\n\n\n\n<p>Condena a la violencia pol\u00edtica<\/p>\n\n\n\n<p>En su publicaci\u00f3n, el presidente Ar\u00e9valo escribi\u00f3 \u201cEl Gobierno de Guatemala condena con firmeza el acto de violencia ocurrido anoche en Washington. Nos alegra saber que el presidente Donald Trump, la primera dama Melania Trump y los dem\u00e1s asistentes se encuentran a salvo\u201d<\/p>\n\n\n\n<p>Adem\u00e1s, el jefe de Estado enfatiz\u00f3 que la violencia pol\u00edtica representa una amenaza directa a los sistemas democr\u00e1ticos:<\/p>\n\n\n\n<p>La violencia pol\u00edtica es incompatible con la democracia y debilita las instituciones. Guatemala reafirma su compromiso con el estado de Derecho, la estabilidad democr\u00e1tica y la resoluci\u00f3n pac\u00edfica de las diferencias.<\/p>\n\n\n\n<p>Asimismo, reiter\u00f3 el respaldo del pa\u00eds hacia Estados Unidos en momentos de tensi\u00f3n, destacando la importancia de preservar los valores democr\u00e1ticos.<\/p>\n\n\n\n<p>Expresamos nuestra solidaridad con el pueblo de los Estados Unidos en la defensa de sus valores democr\u00e1ticos, a\u00f1ade el mensaje.<\/p>\n\n\n\n<p>Evacuaci\u00f3n de Trump y Melania tras incidente<\/p>\n\n\n\n<p>De acuerdo con reportes de agencias internacionales, el incidente ocurri\u00f3 durante la tradicional cena anual de corresponsales de la Casa Blanca, celebrada en Washington D.C.<\/p>\n\n\n\n<p>Durante el evento, se habr\u00edan escuchado detonaciones o sonidos similares a disparos en las inmediaciones del sal\u00f3n principal, lo que provoc\u00f3 la activaci\u00f3n inmediata de los protocolos de seguridad.<\/p>\n\n\n\n<p>Agentes del Servicio Secreto reaccionaron de forma inmediata, rodeando la mesa principal donde se encontraba el mandatario estadounidense.<\/p>\n\n\n\n<p>En cuesti\u00f3n de segundos, los agentes cubrieron al presidente Trump y a la primera dama, escolt\u00e1ndolos fuera del recinto hacia una zona segura.<\/p>\n\n\n\n<p>Texto: Lincy Rodr\u00edguez<\/p>\n\n\n\n<figure class=\"wp-block-gallery has-nested-images columns-default is-cropped wp-block-gallery-1 is-layout-flex wp-block-gallery-is-layout-flex\">\n<figure class=\"wp-block-image size-large\"><img loading=\"lazy\" decoding=\"async\" width=\"1024\" height=\"630\" data-id=\"126268\" src=\"https:\/\/elmetropolitano.com.gt\/es\/wp-content\/uploads\/2026\/04\/680214089_1551502806981834_8029392206672205191_n-1-1024x630.jpg\" alt=\"\" class=\"wp-image-126268\" srcset=\"https:\/\/elmetropolitano.com.gt\/es\/wp-content\/uploads\/2026\/04\/680214089_1551502806981834_8029392206672205191_n-1-1024x630.jpg 1024w, https:\/\/elmetropolitano.com.gt\/es\/wp-content\/uploads\/2026\/04\/680214089_1551502806981834_8029392206672205191_n-1-300x184.jpg 300w, https:\/\/elmetropolitano.com.gt\/es\/wp-content\/uploads\/2026\/04\/680214089_1551502806981834_8029392206672205191_n-1-768x472.jpg 768w, https:\/\/elmetropolitano.com.gt\/es\/wp-content\/uploads\/2026\/04\/680214089_1551502806981834_8029392206672205191_n-1.jpg 1280w\" sizes=\"auto, (max-width: 1024px) 100vw, 1024px\" \/><\/figure>\n\n\n\n<figure class=\"wp-block-image size-large\"><img loading=\"lazy\" decoding=\"async\" width=\"1024\" height=\"722\" data-id=\"126269\" src=\"https:\/\/elmetropolitano.com.gt\/es\/wp-content\/uploads\/2026\/04\/680255067_1551502770315171_4441320205764237368_n-3-1024x722.jpg\" alt=\"\" class=\"wp-image-126269\" srcset=\"https:\/\/elmetropolitano.com.gt\/es\/wp-content\/uploads\/2026\/04\/680255067_1551502770315171_4441320205764237368_n-3-1024x722.jpg 1024w, https:\/\/elmetropolitano.com.gt\/es\/wp-content\/uploads\/2026\/04\/680255067_1551502770315171_4441320205764237368_n-3-300x212.jpg 300w, https:\/\/elmetropolitano.com.gt\/es\/wp-content\/uploads\/2026\/04\/680255067_1551502770315171_4441320205764237368_n-3-768x542.jpg 768w, https:\/\/elmetropolitano.com.gt\/es\/wp-content\/uploads\/2026\/04\/680255067_1551502770315171_4441320205764237368_n-3.jpg 1280w\" sizes=\"auto, (max-width: 1024px) 100vw, 1024px\" \/><\/figure>\n\n\n\n<figure class=\"wp-block-image size-large\"><img loading=\"lazy\" decoding=\"async\" width=\"1024\" height=\"850\" data-id=\"126270\" src=\"https:\/\/elmetropolitano.com.gt\/es\/wp-content\/uploads\/2026\/04\/680362757_1551502776981837_3287270482663089836_n-1-1024x850.jpg\" alt=\"\" class=\"wp-image-126270\" srcset=\"https:\/\/elmetropolitano.com.gt\/es\/wp-content\/uploads\/2026\/04\/680362757_1551502776981837_3287270482663089836_n-1-1024x850.jpg 1024w, https:\/\/elmetropolitano.com.gt\/es\/wp-content\/uploads\/2026\/04\/680362757_1551502776981837_3287270482663089836_n-1-300x249.jpg 300w, https:\/\/elmetropolitano.com.gt\/es\/wp-content\/uploads\/2026\/04\/680362757_1551502776981837_3287270482663089836_n-1-768x637.jpg 768w, https:\/\/elmetropolitano.com.gt\/es\/wp-content\/uploads\/2026\/04\/680362757_1551502776981837_3287270482663089836_n-1.jpg 1280w\" sizes=\"auto, (max-width: 1024px) 100vw, 1024px\" \/><\/figure>\n\n\n\n<figure class=\"wp-block-image size-large\"><img loading=\"lazy\" decoding=\"async\" width=\"1024\" height=\"861\" data-id=\"126271\" src=\"https:\/\/elmetropolitano.com.gt\/es\/wp-content\/uploads\/2026\/04\/681926369_1551502816981833_459855521357888632_n-1-1024x861.jpg\" alt=\"\" class=\"wp-image-126271\" srcset=\"https:\/\/elmetropolitano.com.gt\/es\/wp-content\/uploads\/2026\/04\/681926369_1551502816981833_459855521357888632_n-1-1024x861.jpg 1024w, https:\/\/elmetropolitano.com.gt\/es\/wp-content\/uploads\/2026\/04\/681926369_1551502816981833_459855521357888632_n-1-300x252.jpg 300w, https:\/\/elmetropolitano.com.gt\/es\/wp-content\/uploads\/2026\/04\/681926369_1551502816981833_459855521357888632_n-1-768x646.jpg 768w, https:\/\/elmetropolitano.com.gt\/es\/wp-content\/uploads\/2026\/04\/681926369_1551502816981833_459855521357888632_n-1-1536x1291.jpg 1536w, https:\/\/elmetropolitano.com.gt\/es\/wp-content\/uploads\/2026\/04\/681926369_1551502816981833_459855521357888632_n-1.jpg 1600w\" sizes=\"auto, (max-width: 1024px) 100vw, 1024px\" \/><\/figure>\n<\/figure>\n","protected":false},"excerpt":{"rendered":"<p>El presidente, Bernardo Ar\u00e9valo, se pronunci\u00f3 a trav\u00e9s de su cuenta oficial en la red social X tras los hechos de violencia registrados la noche del s\u00e1bado en Washington, Estados Unidos, durante un evento en el que participaba el presidente Donald Trump. En su mensaje, el mandatario expres\u00f3 una condena categ\u00f3rica y manifest\u00f3 su solidaridad <a class=\"read-more\" href=\"https:\/\/elmetropolitano.com.gt\/es\/presidente-arevalo-condena-hechos-violentos-en-washington-y-respalda-valores-democraticos\/\">Leer m\u00e1s<\/a><\/p>\n","protected":false},"author":1,"featured_media":126267,"comment_status":"open","ping_status":"closed","sticky":false,"template":"","format":"standard","meta":{"footnotes":""},"categories":[2],"tags":[12],"class_list":["post-126266","post","type-post","status-publish","format-standard","has-post-thumbnail","hentry","category-nacionales","tag-nacionales"],"_links":{"self":[{"href":"https:\/\/elmetropolitano.com.gt\/es\/wp-json\/wp\/v2\/posts\/126266","targetHints":{"allow":["GET"]}}],"collection":[{"href":"https:\/\/elmetropolitano.com.gt\/es\/wp-json\/wp\/v2\/posts"}],"about":[{"href":"https:\/\/elmetropolitano.com.gt\/es\/wp-json\/wp\/v2\/types\/post"}],"author":[{"embeddable":true,"href":"https:\/\/elmetropolitano.com.gt\/es\/wp-json\/wp\/v2\/users\/1"}],"replies":[{"embeddable":true,"href":"https:\/\/elmetropolitano.com.gt\/es\/wp-json\/wp\/v2\/comments?post=126266"}],"version-history":[{"count":1,"href":"https:\/\/elmetropolitano.com.gt\/es\/wp-json\/wp\/v2\/posts\/126266\/revisions"}],"predecessor-version":[{"id":126272,"href":"https:\/\/elmetropolitano.com.gt\/es\/wp-json\/wp\/v2\/posts\/126266\/revisions\/126272"}],"wp:featuredmedia":[{"embeddable":true,"href":"https:\/\/elmetropolitano.com.gt\/es\/wp-json\/wp\/v2\/media\/126267"}],"wp:attachment":[{"href":"https:\/\/elmetropolitano.com.gt\/es\/wp-json\/wp\/v2\/media?parent=126266"}],"wp:term":[{"taxonomy":"category","embeddable":true,"href":"https:\/\/elmetropolitano.com.gt\/es\/wp-json\/wp\/v2\/categories?post=126266"},{"taxonomy":"post_tag","embeddable":true,"href":"https:\/\/elmetropolitano.com.gt\/es\/wp-json\/wp\/v2\/tags?post=126266"}],"curies":[{"name":"wp","href":"https:\/\/api.w.org\/{rel}","templated":true}]}}